{"id":153686,"date":"2024-07-19T00:12:17","date_gmt":"2024-07-19T03:12:17","guid":{"rendered":"https:\/\/corrientesdetarde.com\/?p=153686"},"modified":"2024-07-19T00:12:59","modified_gmt":"2024-07-19T03:12:59","slug":"con-la-presencia-de-los-padres-del-nino-desaparecido-corrientes-realiza-una-multitudinaria-marcha-pidiendo-por-loan","status":"publish","type":"post","link":"https:\/\/corrientesdetarde.com\/index.php\/economia\/con-la-presencia-de-los-padres-del-nino-desaparecido-corrientes-realiza-una-multitudinaria-marcha-pidiendo-por-loan\/","title":{"rendered":"Las propinas siguen siendo voluntarias pero se podr\u00e1n sumar al ticket gastron\u00f3mico"},"content":{"rendered":"\n<p>En las primeras declaraciones desde que asumi\u00f3, Sturzenegger aclar\u00f3 que no ser\u00e1n consideradas parte del salario. Defini\u00f3 la agenda de la libertad econ\u00f3mica como su principal prioridad.<\/p>\n\n\n\n<p>El ministro de Desregulaci\u00f3n y Transformaci\u00f3n del Estado,\u00a0<strong>Federico Sturzenegger,\u00a0<\/strong>anticip\u00f3 hoy en sus redes sociales el proyecto que se dar\u00e1 a conocer en los pr\u00f3ximos d\u00edas para\u00a0<strong>incluir las\u00a0propinas\u00a0en el ticket y que se puedan pagar con medios electr\u00f3nicos.<\/strong><\/p>\n\n\n\n<p>En X, posteriormente, explic\u00f3 que &#8220;<strong>la propina seguir\u00e1 siendo voluntaria, de ninguna manera ser\u00e1 obligatoria&#8221;,<\/strong>&nbsp;y que &#8220;<strong>tampoco ser\u00e1 parte del salario,<\/strong>&nbsp;por lo que<strong>&nbsp;no generar\u00e1 ninguna contingencia laboral a los empresarios del sector<\/strong>&#8220;.<\/p>\n\n\n\n<p>Sintetiz\u00f3 que&nbsp;<strong>&#8220;en definitiva,<\/strong>&nbsp;<strong>el \u00fanico cambio es que podr\u00e1 sumarse al ticket&#8221;.<\/strong><\/p>\n\n\n\n<p>Seg\u00fan interpret\u00f3, es un proyecto donde&nbsp;<strong>todos ganan: trabajadores, empresarios y consumidores.<\/strong>&nbsp;Dar m\u00e1s opciones siempre es beneficioso. \u201cDe eso se trata&nbsp;<strong>un sistema de mayor libertad econ\u00f3mica<\/strong>&nbsp;que propone el presidente&nbsp;<strong>Javier Milei\u201d<\/strong>, remarc\u00f3<strong>.<\/strong><\/p>\n\n\n\n<p>El funcionario formul\u00f3 sus primeras declaraciones desde que asumi\u00f3 el cargo y se refiri\u00f3 asimismo a&nbsp;<strong>&#8220;la agenda de la libertad econ\u00f3mica&#8221;<\/strong>&nbsp;y la prioridad que afirma le dar\u00e1.<\/p>\n\n\n\n<p>Record\u00f3 esa &#8220;famosa frase&#8221; de que<strong>&nbsp;&#8216;a m\u00e1s leyes, menos Justicia hay&#8217;:<\/strong>&nbsp;&#8220;Yo creo que<strong>&nbsp;Argentina est\u00e1 sobrecargada de normas y regulaciones&nbsp;<\/strong>y el Presidente me ha pedido que avancemos en&nbsp;<strong>sacarle ese pie encima a la actividad productiva,<\/strong>&nbsp;que es una de las maneras m\u00e1s eficaces que tenemos de&nbsp;<strong>promover la actividad econ\u00f3mica, el empleo y el crecimiento<\/strong>&#8220;, manifest\u00f3.<\/p>\n\n\n\n<p>Enumer\u00f3 como su segundo objetivo &#8220;<strong>la transformaci\u00f3n del Estado.<\/strong>&nbsp;Se ha aprobado la ley Bases, que le da al Gobierno&nbsp;<strong>un a\u00f1o para encarar el proceso de reforma del Estado&#8221;<\/strong>, indic\u00f3.<\/p>\n\n\n\n<h3 class=\"wp-block-heading\">No hay plata<\/h3>\n\n\n\n<p>Y a continuaci\u00f3n se\u00f1al\u00f3: &#8220;Me parece importante recalcar la frase del Presidente:<strong>&nbsp;&#8216;No hay plata&#8217;.<\/strong>&nbsp;Cada peso que gasta el sector p\u00fablico es un peso que alguien paga, ya sea<strong>&nbsp;con impuestos o con impuesto inflacionario, que se paga con emisi\u00f3n<\/strong>&#8220;.<\/p>\n\n\n\n<p>Respecto de la denominada&nbsp;<strong>Ley Hojarasca<\/strong>, en el Congreso nadie sabe nada, as\u00ed lo dijeron desde Hacemos Coalici\u00f3n Federal, el peronismo, el radicalismo. Y ni siquiera en&nbsp;<strong>la oficialista La Libertad Avanza.<\/strong><\/p>\n\n\n\n<p>Sturzenegger intenta abrochar los votos para la ley Hojarasca en los bloques, antes de decir nada sobre la normativa que integra el proyecto.<\/p>\n\n\n\n<p>Despu\u00e9s de la experiencia tanto del DNU 70\/2023 como de la ley \u00d3mnibus, de su autor\u00eda ambos, fue&nbsp;<strong>mentor de la eliminaci\u00f3n de regulaciones, como los casos de los alquileres o las normas sobre g\u00f3ndolas y abastecimiento<\/strong>, con lo que tambi\u00e9n provoc\u00f3 marchas atr\u00e1s del Gobierno, como en el sector oligop\u00f3lico de las&nbsp;<strong>prepagas de salud. &nbsp;<\/strong><\/p>\n\n\n\n<h3 class=\"wp-block-heading\"><strong>Simplificaci\u00f3n de leyes obsoletas<\/strong><\/h3>\n\n\n\n<p>La simplificaci\u00f3n de decenas leyes obsoletas que persigue apunta al&nbsp;<strong>derecho de la propiedad,&nbsp;<\/strong>afirma, y menciona los casos de algunas, como<strong>&nbsp;el control de las palomas o la normativa de prioridad de mochileros,<\/strong>&nbsp;si bien la sensaci\u00f3n generalizada es que t<strong>endr\u00eda intenci\u00f3n de reavivar iniciativas que hab\u00edan despertado resistencia<\/strong>, contenidas en<strong>&nbsp;los paquetes de reformas de diciembre pasado<\/strong>: la&nbsp;<strong>eliminaci\u00f3n del precio \u00fanico de venta al p\u00fablico para el sector editorial y de las regulaciones que protegen a las industrias del az\u00facar y el lim\u00f3n. &nbsp; &nbsp;<\/strong><\/p>\n\n\n\n<p>Entre el lunes pasado y el 26 de este mes, en que el Congreso est\u00e1 en receso,&nbsp;<strong>los proyectos recalar\u00e1n finalmente en la mesa de entradas.&nbsp;<\/strong><\/p>\n\n\n\n<p>En el \u00ednterin, deber\u00e1 negociar con los bloques los votos para que&nbsp;<strong>sus iniciativas pasen la barrera de los lobbys azucarero y limonero, y de la oposici\u00f3n cerrada del peronismo, que es mayor\u00eda.&nbsp;<\/strong><\/p>\n","protected":false},"excerpt":{"rendered":"<p>En las primeras declaraciones desde que asumi\u00f3, Sturzenegger aclar\u00f3 que no ser\u00e1n consideradas parte del salario. Defini\u00f3 la agenda de la libertad econ\u00f3mica como su principal prioridad. El ministro de&hellip; <\/p>\n","protected":false},"author":4,"featured_media":153687,"comment_status":"closed","ping_status":"open","sticky":false,"template":"","format":"standard","meta":{"footnotes":""},"categories":[20],"tags":[],"class_list":["post-153686","post","type-post","status-publish","format-standard","has-post-thumbnail","hentry","category-economia"],"_links":{"self":[{"href":"https:\/\/corrientesdetarde.com\/index.php\/wp-json\/wp\/v2\/posts\/153686","targetHints":{"allow":["GET"]}}],"collection":[{"href":"https:\/\/corrientesdetarde.com\/index.php\/wp-json\/wp\/v2\/posts"}],"about":[{"href":"https:\/\/corrientesdetarde.com\/index.php\/wp-json\/wp\/v2\/types\/post"}],"author":[{"embeddable":true,"href":"https:\/\/corrientesdetarde.com\/index.php\/wp-json\/wp\/v2\/users\/4"}],"replies":[{"embeddable":true,"href":"https:\/\/corrientesdetarde.com\/index.php\/wp-json\/wp\/v2\/comments?post=153686"}],"version-history":[{"count":3,"href":"https:\/\/corrientesdetarde.com\/index.php\/wp-json\/wp\/v2\/posts\/153686\/revisions"}],"predecessor-version":[{"id":153690,"href":"https:\/\/corrientesdetarde.com\/index.php\/wp-json\/wp\/v2\/posts\/153686\/revisions\/153690"}],"wp:featuredmedia":[{"embeddable":true,"href":"https:\/\/corrientesdetarde.com\/index.php\/wp-json\/wp\/v2\/media\/153687"}],"wp:attachment":[{"href":"https:\/\/corrientesdetarde.com\/index.php\/wp-json\/wp\/v2\/media?parent=153686"}],"wp:term":[{"taxonomy":"category","embeddable":true,"href":"https:\/\/corrientesdetarde.com\/index.php\/wp-json\/wp\/v2\/categories?post=153686"},{"taxonomy":"post_tag","embeddable":true,"href":"https:\/\/corrientesdetarde.com\/index.php\/wp-json\/wp\/v2\/tags?post=153686"}],"curies":[{"name":"wp","href":"https:\/\/api.w.org\/{rel}","templated":true}]}}