{"id":15370,"date":"2022-10-28T16:24:56","date_gmt":"2022-10-28T19:24:56","guid":{"rendered":"https:\/\/corrientesdetarde.com\/?p=15370"},"modified":"2022-10-28T16:25:00","modified_gmt":"2022-10-28T19:25:00","slug":"el-gobierno-juega-con-el-tiempo-para-trabar-la-suspension-de-las-paso-y-hacer-frente-a-la-presion-del-kirchnerismo","status":"publish","type":"post","link":"https:\/\/corrientesdetarde.com\/index.php\/nacionales\/el-gobierno-juega-con-el-tiempo-para-trabar-la-suspension-de-las-paso-y-hacer-frente-a-la-presion-del-kirchnerismo\/","title":{"rendered":"El Gobierno juega con el tiempo para trabar la suspensi\u00f3n de las PASO y hacer frente a la presi\u00f3n del kirchnerismo"},"content":{"rendered":"\n<p>Quedan pocas sesiones en el Parlamento y el tema no puede ser discutido en 2023 por ser un a\u00f1o electoral<\/p>\n\n\n\n<p>En el Frente de Todos hay distintas posturas sobre las PASO. Desde el sector af\u00edn a Cristina Kirchner quieren suspenderlas mientras que Alberto Fern\u00e1ndez pretende que se mantengan (Franco Fafasuli)<\/p>\n\n\n\n<p>El tiempo es el principal aliado con el que cuenta el Gobierno para que el debate sobre la realizaci\u00f3n o no de las PASO (Primarias, Abiertas, Simult\u00e1neas y Obligatorias) se dilate y no tenga definiciones hasta que termine 2022. Como no es posible cambiar una ley electoral en el mismo a\u00f1o en que se vota, al kirchnerismo&nbsp;<strong>le quedan solamente dos meses<\/strong>&nbsp;para avanzar con su iniciativa en el \u00e1mbito legislativo, para suspenderlas o derogarlas.<\/p>\n\n\n\n<p>Habr\u00e1 entre noviembre y diciembre unas 10 sesiones en el Congreso Nacional, cinco en cada mes, si todo marcha como en los \u00faltimos d\u00edas. En el medio, entre el domingo 20 de noviembre y el domingo 18 de diciembre, se disputar\u00e1 el Mundial de Qatar, con todo lo que implica para un pa\u00eds apegado al f\u00fatbol como Argentina. Y tambi\u00e9n, apenas un poco m\u00e1s adelante, las Fiestas de fin de a\u00f1o, que suelen paralizar las actividades de diputados y senadores, que a partir del 20 de diciembre empiezan su per\u00edodo de vacaciones.<\/p>\n\n\n\n<p>Otro factor que influir\u00e1 es el debate por el Presupuesto, que ya tiene la media sanci\u00f3n de Diputados, pero que en la C\u00e1mara alta est\u00e1 pendiente de resoluci\u00f3n. La estrategia del oficialismo es que avance la denominada Ley de leyes y para no sufrir un traspi\u00e9 inc\u00f3modo como el del a\u00f1o pasado necesita apoyo de la oposici\u00f3n porque los n\u00fameros en el Senado pueden estar muy ajustados. Pretenden que el Prespuesto salga adelante en la segunda quincena de noviembre. Despu\u00e9s de esa instancia, el motivo de discusi\u00f3n en el Parlamento ser\u00edan las PASO.<\/p>\n\n\n\n<p>Alberto Fern\u00e1ndez est\u00e1 dispuesto a competir en internas y por eso est\u00e1 convencido de que las PASO, ese instrumento que naci\u00f3 en 2009 con el objetivo de seleccionar a los candidatos a los cargos electivos a nivel nacional y que en 2011 se utilizaron por primera vez, son la mejor herramienta para determinar a los aspirantes a competir en 2023. Por eso, en su discurso de apertura en la CELAC de este jueves pidi\u00f3: \u201cNo quiero que en ning\u00fan lado no se respete la democracia, no se respete el veredicto popular,&nbsp;<strong>ni se tergiversen los procesos electorales que est\u00e1n en marcha\u201d<\/strong>.<\/p>\n\n\n\n<p>Un rato antes, Eduardo \u201cWado\u201d de Pedro, ministro del Interior y una de las espadas kirchneristas en el Gabinete, hab\u00eda realizado declaraciones radiales en las que hab\u00eda expuesto las diferencias sobre el tema dentro de la estructura del Frente de Todos. \u201cLa discusi\u00f3n es p\u00fablica, el 100% de los gobernadores se manifest\u00f3 a favor de que no haya cuatro elecciones en el a\u00f1o\u201d, se\u00f1al\u00f3 el ministro y agreg\u00f3: \u201cEso manifiesta la mayor\u00eda de los gobernadores e intendentes,&nbsp;<strong>que quieren convencerlo al Presidente de la idea que tienen ellos<\/strong>\u201d.<\/p>\n\n\n\n<p>El Gobierno cuenta con dos aliados fuertes en su intenci\u00f3n de no alterar la estructura electoral, que ya tiene aprobados los fondos para su realizaci\u00f3n el segundo domingo de agosto de 2023. Uno es la CGT de \u201clos Gordos\u201d, que quiere tener como actores a varios de los l\u00edderes sindicales. Lo dejaron en claro en el acto del 17 de octubre en Obras Sanitarias. Entienden que con el pedido de derogar el sistema de primarias para la selecci\u00f3n de candidaturas, el kirchnerismo -principal impulsor de esa iniciativa- busca ganar centralidad en la discusi\u00f3n del cierre de listas.<\/p>\n\n\n\n<p>\u201c<strong>Las PASO son buenas porque la gente elige&nbsp;<\/strong>y los que gobiernan tienen m\u00e1s responsabilidad de cumplir con los compromisos\u201d, sostuvo en ese eje Carlos Acu\u00f1a, codirector de la CGT, en di\u00e1logo con la prensa en aquella ocasi\u00f3n.<\/p>\n\n\n\n<p>El otro aliado son los movimientos sociales, encabezados por el Movimiento Evita que orientan Emilio P\u00e9rsico y Fernando \u201cChino\u201d Navarro. Este \u00faltimo, secretario de Relaciones con la Sociedad Civil -que tiene su despacho en la Casa Rosada-, contrast\u00f3 el planteo que hizo De Pedro.<\/p>\n\n\n\n<p>Navarro defendi\u00f3 las PASO como una herramienta para enfrentar \u201cla crisis de la pol\u00edtica se expresa en casi todo el mundo\u201d y ejemplific\u00f3: \u201cUna primera ministra en Gran Breta\u00f1a no lleg\u00f3 a los 50 d\u00edas, la crisis en Estados Unidos tiene un nivel de virulencia extremo; en Brasil no se elige solo presidente, sino modelos de pol\u00edtica y de relaci\u00f3n de la sociedad\u201d.<\/p>\n\n\n\n<p>\u201cTodo indica que Argentina no est\u00e1 exceptuada de semejante crisis. Este fen\u00f3meno debe enfrentarse con m\u00e1s participaci\u00f3n popular, no con menos\u201d, afirm\u00f3 en di\u00e1logo con\u00a0<strong>\u00a0<\/strong>el funcionario de Alberto Fern\u00e1ndez. Adem\u00e1s, record\u00f3 que las elecciones primarias \u201cest\u00e1n reguladas por una ley aprobada durante el gobierno de Cristina e impulsada por N\u00e9stor\u201d.<\/p>\n\n\n\n<p>Seg\u00fan Navarro, \u201cde las crisis se sale con m\u00e1s democracia,&nbsp;<strong>se sale debatiendo ideas, proyectos y candidatos<\/strong>, con plena participaci\u00f3n popular. La democracia es la herramienta para curar las heridas que genera esta misma democracia en crisis\u201d. Y luego agreg\u00f3: \u201cPara el Movimiento Evita se necesita m\u00e1s debate, m\u00e1s democracia, m\u00e1s participaci\u00f3n.&nbsp;<strong>Si hay compa\u00f1eros que no quieren las PASO el \u00e1mbito para discutirlo es el Congreso\u201d.<\/strong><\/p>\n\n\n\n<p>Si se derogan las PASO entrar\u00eda en vigencia la posibilidad de que los partidos, como marca su ley org\u00e1nica 23.298, convoquen a sus elecciones internas, en caso que as\u00ed lo decidan. Ya sean solo para sus afiliados o abiertas.<\/p>\n\n\n\n<p>El oficialismo no solo tiene su interna. Cuenta con el rechazo de Juntos por el Cambio de eliminar las PASO para las elecciones del 2023. \u201cCambian las reglas porque creen que una PASO no les es conveniente y porque creen que as\u00ed van a da\u00f1ar a la oposici\u00f3n. As\u00ed que vamos a votar en contra\u201d, anticip\u00f3 hace un par de d\u00edas la diputada opositora&nbsp;<strong>Mar\u00eda Eugenia Vidal.<\/strong><\/p>\n","protected":false},"excerpt":{"rendered":"<p>Quedan pocas sesiones en el Parlamento y el tema no puede ser discutido en 2023 por ser un a\u00f1o electoral En el Frente de Todos hay distintas posturas sobre las&hellip; <\/p>\n","protected":false},"author":8,"featured_media":15371,"comment_status":"closed","ping_status":"open","sticky":false,"template":"","format":"standard","meta":{"footnotes":""},"categories":[10],"tags":[],"class_list":["post-15370","post","type-post","status-publish","format-standard","has-post-thumbnail","hentry","category-nacionales"],"_links":{"self":[{"href":"https:\/\/corrientesdetarde.com\/index.php\/wp-json\/wp\/v2\/posts\/15370","targetHints":{"allow":["GET"]}}],"collection":[{"href":"https:\/\/corrientesdetarde.com\/index.php\/wp-json\/wp\/v2\/posts"}],"about":[{"href":"https:\/\/corrientesdetarde.com\/index.php\/wp-json\/wp\/v2\/types\/post"}],"author":[{"embeddable":true,"href":"https:\/\/corrientesdetarde.com\/index.php\/wp-json\/wp\/v2\/users\/8"}],"replies":[{"embeddable":true,"href":"https:\/\/corrientesdetarde.com\/index.php\/wp-json\/wp\/v2\/comments?post=15370"}],"version-history":[{"count":1,"href":"https:\/\/corrientesdetarde.com\/index.php\/wp-json\/wp\/v2\/posts\/15370\/revisions"}],"predecessor-version":[{"id":15372,"href":"https:\/\/corrientesdetarde.com\/index.php\/wp-json\/wp\/v2\/posts\/15370\/revisions\/15372"}],"wp:featuredmedia":[{"embeddable":true,"href":"https:\/\/corrientesdetarde.com\/index.php\/wp-json\/wp\/v2\/media\/15371"}],"wp:attachment":[{"href":"https:\/\/corrientesdetarde.com\/index.php\/wp-json\/wp\/v2\/media?parent=15370"}],"wp:term":[{"taxonomy":"category","embeddable":true,"href":"https:\/\/corrientesdetarde.com\/index.php\/wp-json\/wp\/v2\/categories?post=15370"},{"taxonomy":"post_tag","embeddable":true,"href":"https:\/\/corrientesdetarde.com\/index.php\/wp-json\/wp\/v2\/tags?post=15370"}],"curies":[{"name":"wp","href":"https:\/\/api.w.org\/{rel}","templated":true}]}}