{"id":153710,"date":"2024-07-19T08:27:02","date_gmt":"2024-07-19T11:27:02","guid":{"rendered":"https:\/\/corrientesdetarde.com\/?p=153710"},"modified":"2024-07-19T08:27:13","modified_gmt":"2024-07-19T11:27:13","slug":"una-multitud-marcho-pidiendo-por-la-aparicion-con-vida-de-loan","status":"publish","type":"post","link":"https:\/\/corrientesdetarde.com\/index.php\/locales\/una-multitud-marcho-pidiendo-por-la-aparicion-con-vida-de-loan\/","title":{"rendered":"Una multitud march\u00f3 pidiendo por la aparici\u00f3n con vida de Loan"},"content":{"rendered":"\n<p>Llegados desde todos los barrios de la capital y de distintas ciudades de la provincia de Corrientes, se llev\u00f3 a cabo ayer por la tarde la marcha pidiendo por la aparici\u00f3n con vida de Loan Danilo Pe\u00f1a, al cumplirse 35 d\u00edas de su desaparici\u00f3n en la zona rural de la localidad de 9 de Julio. Los padres del nene, algunos de sus hermanos y el abogado Fernando Burlando y sus colaboradores, encabezaron la columna. La causa est\u00e1 en manos de la Justicia Federal hace 20 d\u00edas y ya son ocho los detenidos por el caso. Pero por el momento no hay pistas concretas sobre el paradero del ni\u00f1o de cinco a\u00f1os.<\/p>\n\n\n\n<p>Con carteles de &#8220;Justicia por Loan&#8221;, &#8220;Todos somos Loan&#8221;, &#8220;Vivo lo llevaron, vivo lo queremos&#8221;, parti\u00f3 puntual a las 17 la marcha desde la Rotonda de la Virgen de Itat\u00ed, caminando por alrededor de seis cuadras y luego volvieron hasta la plaza del MERCOSUR. El caso, que acapara la escena pol\u00edtica y social nacional, ya trascendi\u00f3 las fronteras del pa\u00eds desde el momento en que surgieron las sospechas de que el nene pudo haber sido sacado hacia Paraguay y hasta incluso hasta Bolivia, seg\u00fan dej\u00f3 entrever d\u00edas atr\u00e1s el propio abogado Fernando Burlando, quien habr\u00eda viajado hacia suelo andino tras algunas pistas.<\/p>\n\n\n\n<p>Las im\u00e1genes eran conmovedoras. En la previa de la marcha, Jos\u00e9 Pe\u00f1a, pap\u00e1 de Loan, siempre abrazado a una imagen de la Virgen de Itat\u00ed, mientras que Mar\u00eda Noguera, mam\u00e1 del nene desaparecido, apretaba sobre su pecho un retrato de su hijito de cinco a\u00f1os que antepon\u00eda siempre para que todos vean, que sin bajar los brazos lo siguen buscando y reclam\u00e1ndolo con vida.<\/p>\n\n\n\n<figure class=\"wp-block-image\"><img decoding=\"async\" src=\"https:\/\/www.diarioepoca.com\/content\/bucket\/1\/1374251w380h238c.jpg.webp\" alt=\"\"\/><\/figure>\n\n\n\n<p>La fe los mueve y eso se nota en el cuello de Mar\u00eda que luc\u00eda varios rosarios, que con el tiempo y el afecto de la gente ha sabido recolectar y escudri\u00f1ar amorosamente. Detr\u00e1s de los padres de Loan, Jos\u00e9 y Mariano, sus hijos mayores siempre acompa\u00f1ando y conteniendo a la pareja, vest\u00edan remeras con la cara de su hermano y la leyenda &#8220;Todos somos Loan&#8221;.<\/p>\n\n\n\n<p>El equipo de trabajo del abogado Fernando Burlando estuvo siempre detr\u00e1s, no solo en la convocatoria inicial, sino tambi\u00e9n cuidando y conteniendo a la familia desde su llegada a la capital correntina.<\/p>\n\n\n\n<figure class=\"wp-block-image\"><img decoding=\"async\" src=\"https:\/\/www.diarioepoca.com\/content\/bucket\/2\/1374252w380h259c.jpg.webp\" alt=\"\"\/><\/figure>\n\n\n\n<p>La intenci\u00f3n fue, en un principio, marchar desde la Rotonda de la Virgen de Itat\u00ed hasta el puente General Manuel Belgrano, que une las provincias de Corrientes y Chaco, pero la endeble salud de la mam\u00e1 de Loan, que lleva 35 d\u00edas de dormir y comer de mala manera, viene haciendo estragos en su cuerpo y no lo permiti\u00f3. Pero no por ello la manifestaci\u00f3n careci\u00f3 de un poderoso simbolismo que recorri\u00f3 unas 12 cuadras, partiendo desde la rotonda, por la banda central de la avenida Independencia, seis cuadras, y luego volvi\u00f3 hasta y se llev\u00f3 a cabo una breve misa para pedir por la aparici\u00f3n con vida de Loan Pe\u00f1a. Tras la conmemoraci\u00f3n religiosa, los padres tuvieron palabras de agradecimiento para todas las personas que acompa\u00f1aron la marcha. Finalmente, la multitud se desconcentr\u00f3 pac\u00edficamente, de la misma manera en que se reuni\u00f3.<\/p>\n\n\n\n<p>La imagen fue conmovedora por donde se la mire. Es que fueron decenas de miles de almas las convocadas principalmente a trav\u00e9s de las redes sociales. Sin banderas pol\u00edticas, solo llevando consigo carteles pidiendo por la aparici\u00f3n con vida de Loan y fotos del nene desaparecido. Mucha gente emocionada, camin\u00f3, grit\u00f3 y suplic\u00f3.<\/p>\n\n\n\n<p>Y como no pod\u00eda ser de otra manera, aparecieron en escena algunos dirigentes pol\u00edticos que a los codazos lucharon por estar cerca de los padres del nene desaparecido, aunque nunca hayan ido a 9 de Julio ni siquiera para los primeros d\u00edas de b\u00fasqueda, tratando de obtener su minuto en televisi\u00f3n nacional.<\/p>\n\n\n\n<figure class=\"wp-block-image\"><img decoding=\"async\" src=\"https:\/\/www.diarioepoca.com\/content\/bucket\/3\/1374253w380h259c.jpg.webp\" alt=\"\"\/><\/figure>\n\n\n\n<p>En contraste, decenas de familias completas, madres con sus hijos, abuelos con sus nietos, todos pidiendo por Loan, escenas conmovedoras de una tarde en la que Corrientes volvi\u00f3 a alzar su voz, en otra marcha multitudinaria.<\/p>\n\n\n\n<h2 class=\"wp-block-heading\">&#8220;La causa no avanza&#8221;<\/h2>\n\n\n\n<p><br>Por su parte, el abogado Fabi\u00e1n Am\u00e9ndola, socio de Burlando en la causa, tambi\u00e9n presente en la marcha, declar\u00f3: &#8220;La causa no avanz\u00f3 pr\u00e1cticamente nada, quienes est\u00e1n detenidos y declararon ante la Justicia no hicieron grandes aportes, tampoco. Estamos casi igual que varios d\u00edas atr\u00e1s. Esper\u00e1bamos que los detenidos aporten algo, ya que dijeron que iban a hablar, pero no sumaron nada. Sus exposiciones fueron lamentables&#8221;, dijo Am\u00e9ndola.<\/p>\n\n\n\n<h2 class=\"wp-block-heading\">Jos\u00e9 Pe\u00f1a: &#8220;\u00c9l est\u00e1 vivo y lo seguimos buscando&#8221;<\/h2>\n\n\n\n<figure class=\"wp-block-image\"><img decoding=\"async\" src=\"https:\/\/www.diarioepoca.com\/content\/bucket\/8\/1374248w380h280c.jpg.webp\" alt=\"\"\/><\/figure>\n\n\n\n<p>&#8220;Tengo que agradecer al pueblo de Corrientes y a toda Argentina que nos est\u00e1n apoyando para encontrar a mi hijo, lo que me genera muchas cosas. La gente nos fortalece todos los d\u00edas, nos alienta y nos da fuerzas para seguir. Tantos d\u00edas hacen que uno se quiebre, pero tratamos de aguantar. Estamos mentalizados en que tenemos que encontrarlo s\u00ed o s\u00ed, como sea&#8221;, dijo  Jos\u00e9 Pe\u00f1a, el pap\u00e1 de Loan.<\/p>\n\n\n\n<p>&#8220;Tenemos la esperanza intacta, no la perdemos porque sabemos que \u00e9l (Loan) est\u00e1 vivo; \u00e9l est\u00e1 por ah\u00ed. Sabemos que no est\u00e1 muerto porque si no tendr\u00edamos que encontrar alg\u00fan rastro y lo buscamos por todos lados y no aparece. Se lo llevaron a alg\u00fan lado y no vamos a descansar hasta encontrarlo. Ya recorrimos 25.000 hect\u00e1reas de campo y no hay nada. Estamos convencidos de encontrarlo. Es lo \u00fanico que nos moviliza para seguir adelante&#8221;, sostuvo.<\/p>\n\n\n\n<h2 class=\"wp-block-heading\">Madres corajudas: &#8220;Nosotrassabemos del dolor de Mar\u00eda&#8221;<\/h2>\n\n\n\n<figure class=\"wp-block-image\"><img decoding=\"async\" src=\"https:\/\/www.diarioepoca.com\/content\/bucket\/9\/1374249w380h280c.jpg.webp\" alt=\"\"\/><\/figure>\n\n\n\n<p>La marcha tuvo una convocatoria masiva y de distintos sectores. Uno de ellos, del movimiento &#8220;Mam\u00e1s corajudas&#8221; que congrega a mujeres que perdieron a sus hijos en distintas circunstancias y decidieron acompa\u00f1ar a Mar\u00eda Noguera, madre de Loan Pe\u00f1a, en este momento.<\/p>\n\n\n\n<p>Roxana, una de las referentes, sostuvo ayer: &#8220;Mar\u00eda tiene que saber que no est\u00e1 sola en esta lucha, que las madres de Corrientes estamos con ella, todas aquellas que sufrimos la p\u00e9rdida de un hijo, las que vemos las injusticias diarias vamos a pedir justicia para que su beb\u00e9 vuelva a su casa sano y salvo, con su familia. Ac\u00e1 hay madres del dolor, mam\u00e1s a las que les han robado sus beb\u00e9s, lastimado a sus hijos, t\u00edas y abuelas que sufren por esta p\u00e9rdida y de alg\u00fan hijo, sobrino, nieto&#8221;. Roxana encabez\u00f3 la convocatoria previa en la Rotonda de la Virgen y se sum\u00f3 luego a los padres de Loan.<\/p>\n\n\n\n<h2 class=\"wp-block-heading\">Burlando: &#8220;Aparece o seguiremos molestando&#8221;<\/h2>\n\n\n\n<figure class=\"wp-block-image\"><img decoding=\"async\" src=\"https:\/\/www.diarioepoca.com\/content\/bucket\/4\/1374254w380h281c.jpg.webp\" alt=\"\"\/><\/figure>\n\n\n\n<p>Esquiv\u00f3 a los micr\u00f3fonos de la prensa local. El abogado Fernando Burlando, quien encabeza la querella en la causa en nombre y representaci\u00f3n de Mar\u00eda Noguera, dijo: &#8220;Hasta que Loan aparezca sano y salvo con su familia, en 9 de Julio, vamos a seguir molestando. Hay mucha gente importante comprometida&#8221;, sostuvo el abogado, que ofreci\u00f3 50.000 d\u00f3lares a quien entregue a Loan vivo. Lo hizo a trav\u00e9s de sus redes sociales, en las que d\u00edas antes hab\u00eda colgado tambi\u00e9n un n\u00famero telef\u00f3nico para que quienes quieran aportar datos concretos sobre el menor puedan hacerlo sin pasar previamente por el Juzgado Federal. Burlando tom\u00f3 la causa Loan en sus manos asistiendo a la madre del ni\u00f1o un par de d\u00edas antes de que la Justicia ordinaria la pase al fuero federal.<\/p>\n","protected":false},"excerpt":{"rendered":"<p>Llegados desde todos los barrios de la capital y de distintas ciudades de la provincia de Corrientes, se llev\u00f3 a cabo ayer por la tarde la marcha pidiendo por la&hellip; <\/p>\n","protected":false},"author":12,"featured_media":153711,"comment_status":"closed","ping_status":"open","sticky":false,"template":"","format":"standard","meta":{"footnotes":""},"categories":[8,17],"tags":[],"class_list":["post-153710","post","type-post","status-publish","format-standard","has-post-thumbnail","hentry","category-locales","category-sociales"],"_links":{"self":[{"href":"https:\/\/corrientesdetarde.com\/index.php\/wp-json\/wp\/v2\/posts\/153710","targetHints":{"allow":["GET"]}}],"collection":[{"href":"https:\/\/corrientesdetarde.com\/index.php\/wp-json\/wp\/v2\/posts"}],"about":[{"href":"https:\/\/corrientesdetarde.com\/index.php\/wp-json\/wp\/v2\/types\/post"}],"author":[{"embeddable":true,"href":"https:\/\/corrientesdetarde.com\/index.php\/wp-json\/wp\/v2\/users\/12"}],"replies":[{"embeddable":true,"href":"https:\/\/corrientesdetarde.com\/index.php\/wp-json\/wp\/v2\/comments?post=153710"}],"version-history":[{"count":1,"href":"https:\/\/corrientesdetarde.com\/index.php\/wp-json\/wp\/v2\/posts\/153710\/revisions"}],"predecessor-version":[{"id":153712,"href":"https:\/\/corrientesdetarde.com\/index.php\/wp-json\/wp\/v2\/posts\/153710\/revisions\/153712"}],"wp:featuredmedia":[{"embeddable":true,"href":"https:\/\/corrientesdetarde.com\/index.php\/wp-json\/wp\/v2\/media\/153711"}],"wp:attachment":[{"href":"https:\/\/corrientesdetarde.com\/index.php\/wp-json\/wp\/v2\/media?parent=153710"}],"wp:term":[{"taxonomy":"category","embeddable":true,"href":"https:\/\/corrientesdetarde.com\/index.php\/wp-json\/wp\/v2\/categories?post=153710"},{"taxonomy":"post_tag","embeddable":true,"href":"https:\/\/corrientesdetarde.com\/index.php\/wp-json\/wp\/v2\/tags?post=153710"}],"curies":[{"name":"wp","href":"https:\/\/api.w.org\/{rel}","templated":true}]}}