{"id":153721,"date":"2024-07-19T09:47:45","date_gmt":"2024-07-19T12:47:45","guid":{"rendered":"https:\/\/corrientesdetarde.com\/?p=153721"},"modified":"2024-07-19T09:47:48","modified_gmt":"2024-07-19T12:47:48","slug":"una-beba-murio-asfixiada-despues-de-que-su-papa-se-la-olvidara-dentro-del-auto","status":"publish","type":"post","link":"https:\/\/corrientesdetarde.com\/index.php\/internacionales\/una-beba-murio-asfixiada-despues-de-que-su-papa-se-la-olvidara-dentro-del-auto\/","title":{"rendered":"Una beba muri\u00f3 asfixiada despu\u00e9s de que su pap\u00e1 se la olvidara dentro del auto"},"content":{"rendered":"\n<p>Un hombre deb\u00eda llevar a su hija a la guarder\u00eda, pero fue directo al trabajo y la dej\u00f3 encerrada dentro del auto.&nbsp;<strong>La beba de un a\u00f1o muri\u00f3 asfixiada<\/strong>, su pap\u00e1 volvi\u00f3 seis horas despu\u00e9s y la encontr\u00f3 desvanecida en uno de los asientos del veh\u00edculo.<\/p>\n\n\n\n<p>El hecho ocurri\u00f3 este jueves en la localidad de Marcon, Venecia, en Italia. Al llegar a la empresa, el hombre dej\u00f3 estacionado el veh\u00edculo al sol, en un d\u00eda en el que\u00a0<strong>se registraron temperaturas m\u00e1ximas de 35 grados<\/strong>, y la peque\u00f1a falleci\u00f3 por el calor y la falta de ventilaci\u00f3n.<\/p>\n\n\n\n<p>Seg\u00fan inform\u00f3 la Polic\u00eda local, \u201cel padre ten\u00eda que llevar a la peque\u00f1a a la guarder\u00eda a las 8, pero en el camino se olvid\u00f3 y fue directo hacia el trabajo\u201d. Cerca de las 14, cuando varios de sus compa\u00f1eros salieron a almorzar,<strong>&nbsp;vieron a la nena adentro del auto y le avisaron inmediatamente<\/strong>.<\/p>\n\n\n\n<figure class=\"wp-block-image\"><img decoding=\"async\" src=\"https:\/\/tn.com.ar\/resizer\/v2\/la-policia-y-el-servicio-de-emergencias-llegaron-rapidamente-al-lugar-para-asistir-a-la-menor-foto-gentileza-20-minutos-NNBOPEEGQVALXLTYZKUVC4MWZE.jpg?auth=b1e9d24b1505926fd526fe0a55233e6dd3754047fe0fcb8a96a57d526ead907f&amp;width=767\" alt=\"La polic\u00eda y el servicio de emergencias llegaron r\u00e1pidamente al lugar para asistir a la menor. (Foto: gentileza 20 Minutos)\"\/><figcaption class=\"wp-element-caption\">La polic\u00eda y el servicio de emergencias llegaron r\u00e1pidamente al lugar para asistir a la menor. (Foto: gentileza 20 Minutos)<\/figcaption><\/figure>\n\n\n\n<p>El hombre corri\u00f3 para asistirla y al encontrarla desvanecida llam\u00f3 a una ambulancia. La menor fue trasladada a un hospital de la zona y<strong>\u00a0los m\u00e9dicos intentaron reanimarla<\/strong>, pero finalmente muri\u00f3.<\/p>\n\n\n\n<p><strong>Los padres de la v\u00edctima se desplomaron al enterarse de la tr\u00e1gica noticia<\/strong>&nbsp;y tambi\u00e9n tuvieron que ser ingresados en el centro de salud en estado de shock. Por estas horas se encuentran con asistencia psicol\u00f3gica.<\/p>\n\n\n\n<p>El gobernador de la regi\u00f3n del V\u00e9neto, pidi\u00f3 \u201cproteger a la familia en este momento de dolor indescriptible\u201d, y lament\u00f3 lo sucedido en sus redes sociales:&nbsp;<strong>\u201cEs una noticia desgarradora\u201d<\/strong>, expres\u00f3.<\/p>\n\n\n\n<p>Los medios locales informaron que las autoridades que investigan el caso, creen que efectivamente se trat\u00f3 de un error que termin\u00f3 en\u00a0tragedia. La situaci\u00f3n fue extrema no s\u00f3lo por el encierro y la falta de ventilaci\u00f3n, sino tambi\u00e9n por la<strong>\u00a0fuerte ola de calor que se est\u00e1 viviendo en Italia<\/strong>\u00a0en los \u00faltimos d\u00edas.<\/p>\n","protected":false},"excerpt":{"rendered":"<p>Un hombre deb\u00eda llevar a su hija a la guarder\u00eda, pero fue directo al trabajo y la dej\u00f3 encerrada dentro del auto.&nbsp;La beba de un a\u00f1o muri\u00f3 asfixiada, su pap\u00e1&hellip; <\/p>\n","protected":false},"author":12,"featured_media":153727,"comment_status":"closed","ping_status":"open","sticky":false,"template":"","format":"standard","meta":{"footnotes":""},"categories":[11],"tags":[],"class_list":["post-153721","post","type-post","status-publish","format-standard","has-post-thumbnail","hentry","category-internacionales"],"_links":{"self":[{"href":"https:\/\/corrientesdetarde.com\/index.php\/wp-json\/wp\/v2\/posts\/153721","targetHints":{"allow":["GET"]}}],"collection":[{"href":"https:\/\/corrientesdetarde.com\/index.php\/wp-json\/wp\/v2\/posts"}],"about":[{"href":"https:\/\/corrientesdetarde.com\/index.php\/wp-json\/wp\/v2\/types\/post"}],"author":[{"embeddable":true,"href":"https:\/\/corrientesdetarde.com\/index.php\/wp-json\/wp\/v2\/users\/12"}],"replies":[{"embeddable":true,"href":"https:\/\/corrientesdetarde.com\/index.php\/wp-json\/wp\/v2\/comments?post=153721"}],"version-history":[{"count":1,"href":"https:\/\/corrientesdetarde.com\/index.php\/wp-json\/wp\/v2\/posts\/153721\/revisions"}],"predecessor-version":[{"id":153728,"href":"https:\/\/corrientesdetarde.com\/index.php\/wp-json\/wp\/v2\/posts\/153721\/revisions\/153728"}],"wp:featuredmedia":[{"embeddable":true,"href":"https:\/\/corrientesdetarde.com\/index.php\/wp-json\/wp\/v2\/media\/153727"}],"wp:attachment":[{"href":"https:\/\/corrientesdetarde.com\/index.php\/wp-json\/wp\/v2\/media?parent=153721"}],"wp:term":[{"taxonomy":"category","embeddable":true,"href":"https:\/\/corrientesdetarde.com\/index.php\/wp-json\/wp\/v2\/categories?post=153721"},{"taxonomy":"post_tag","embeddable":true,"href":"https:\/\/corrientesdetarde.com\/index.php\/wp-json\/wp\/v2\/tags?post=153721"}],"curies":[{"name":"wp","href":"https:\/\/api.w.org\/{rel}","templated":true}]}}