{"id":153835,"date":"2024-07-19T21:33:35","date_gmt":"2024-07-20T00:33:35","guid":{"rendered":"https:\/\/corrientesdetarde.com\/?p=153835"},"modified":"2024-07-19T21:34:59","modified_gmt":"2024-07-20T00:34:59","slug":"naturaleza-cultura-e-historia-para-disfrutar-las-vacaciones-de-invierno-en-corrientes","status":"publish","type":"post","link":"https:\/\/corrientesdetarde.com\/index.php\/turismo\/naturaleza-cultura-e-historia-para-disfrutar-las-vacaciones-de-invierno-en-corrientes\/","title":{"rendered":"Naturaleza, cultura e historia para disfrutar las vacaciones de invierno en Corrientes"},"content":{"rendered":"\n<p>Promediando este receso invernal en Corrientes, transcurri\u00f3 la primera semana en la que el movimiento tur\u00edstico fue constante con visitantes de distintos puntos de Argentina, como tambi\u00e9n de pa\u00edses vecinos principalmente la Rep\u00fablica del Paraguay. Medio pa\u00eds culmina este viernes 19 las vacaciones de julio, mientras que nuestra provincia como la de Buenos Aires y Capital Federal entre otras tendr\u00e1n 7 d\u00edas m\u00e1s de receso.<\/p>\n\n\n\n<p>El Observatorio Tur\u00edstico dependiente del Ministerio de Turismo de la Provincia trabaja en la obtenci\u00f3n de datos relacionados al impacto econ\u00f3mico durante este primer periodo. Distintas actividades y eventos se desarrollan en todo el \u00e1mbito provincial lo cual genera una variada oferta en materia de esparcimiento y entretenimiento; adem\u00e1s de otras opciones que combinan naturaleza con cultura e historia.<\/p>\n\n\n\n<p>Pesca deportiva con devoluci\u00f3n, ecoturismo en la regi\u00f3n esteros del Iber\u00e1, turismo rural y de estancias, religioso e hist\u00f3rico complementan las propuestas para quienes a\u00fan no decidieron d\u00f3nde pasar este tiempo de descanso. En tal sentido, los municipios integrantes de los corredores y microrregiones tur\u00edsticas se encuentran trabajando de manera sostenida junto al sector privado para ofrecer productos y servicios acordes a cada exigencia. Por ello, siempre es placentero disfrutar de la regi\u00f3n Esteros del Iber\u00e1, Sur Correntino, Solar de las Huellas, Alto Paran\u00e1, Jesu\u00edtico Guaran\u00ed, Gran Corrientes y Paran\u00e1 Sur.<\/p>\n\n\n\n<p>Esta tarea de relevamiento de datos que lleva adelante el Observatorio Tur\u00edstico lo hace de manera colaborativa con las diferentes oficinas de informes tanto de Capital como el interior, adem\u00e1s de las delegaciones provinciales dependientes del Ministerio de Turismo. &nbsp;<\/p>\n\n\n\n<p>En comparaci\u00f3n al periodo invernal a\u00f1o 2023, las cifras a\u00fan no alcanzan los mismos valores, aunque las expectativas a futuro son auspiciosas por parte del organismo provincial, que elaborar\u00e1 un informe del mes de julio con los n\u00fameros finales del impacto econ\u00f3mico. &nbsp;<\/p>\n\n\n<div class=\"wp-block-image\">\n<figure class=\"aligncenter size-full\"><img loading=\"lazy\" decoding=\"async\" width=\"380\" height=\"280\" src=\"https:\/\/corrientesdetarde.com\/wp-content\/uploads\/2024\/07\/image-157.png\" alt=\"\" class=\"wp-image-153846\" srcset=\"https:\/\/corrientesdetarde.com\/wp-content\/uploads\/2024\/07\/image-157.png 380w, https:\/\/corrientesdetarde.com\/wp-content\/uploads\/2024\/07\/image-157-300x221.png 300w\" sizes=\"auto, (max-width: 380px) 100vw, 380px\" \/><\/figure>\n<\/div>","protected":false},"excerpt":{"rendered":"<p>Promediando este receso invernal en Corrientes, transcurri\u00f3 la primera semana en la que el movimiento tur\u00edstico fue constante con visitantes de distintos puntos de Argentina, como tambi\u00e9n de pa\u00edses vecinos&hellip; <\/p>\n","protected":false},"author":1,"featured_media":153847,"comment_status":"closed","ping_status":"open","sticky":false,"template":"","format":"standard","meta":{"footnotes":""},"categories":[31],"tags":[],"class_list":["post-153835","post","type-post","status-publish","format-standard","has-post-thumbnail","hentry","category-turismo"],"_links":{"self":[{"href":"https:\/\/corrientesdetarde.com\/index.php\/wp-json\/wp\/v2\/posts\/153835","targetHints":{"allow":["GET"]}}],"collection":[{"href":"https:\/\/corrientesdetarde.com\/index.php\/wp-json\/wp\/v2\/posts"}],"about":[{"href":"https:\/\/corrientesdetarde.com\/index.php\/wp-json\/wp\/v2\/types\/post"}],"author":[{"embeddable":true,"href":"https:\/\/corrientesdetarde.com\/index.php\/wp-json\/wp\/v2\/users\/1"}],"replies":[{"embeddable":true,"href":"https:\/\/corrientesdetarde.com\/index.php\/wp-json\/wp\/v2\/comments?post=153835"}],"version-history":[{"count":1,"href":"https:\/\/corrientesdetarde.com\/index.php\/wp-json\/wp\/v2\/posts\/153835\/revisions"}],"predecessor-version":[{"id":153850,"href":"https:\/\/corrientesdetarde.com\/index.php\/wp-json\/wp\/v2\/posts\/153835\/revisions\/153850"}],"wp:featuredmedia":[{"embeddable":true,"href":"https:\/\/corrientesdetarde.com\/index.php\/wp-json\/wp\/v2\/media\/153847"}],"wp:attachment":[{"href":"https:\/\/corrientesdetarde.com\/index.php\/wp-json\/wp\/v2\/media?parent=153835"}],"wp:term":[{"taxonomy":"category","embeddable":true,"href":"https:\/\/corrientesdetarde.com\/index.php\/wp-json\/wp\/v2\/categories?post=153835"},{"taxonomy":"post_tag","embeddable":true,"href":"https:\/\/corrientesdetarde.com\/index.php\/wp-json\/wp\/v2\/tags?post=153835"}],"curies":[{"name":"wp","href":"https:\/\/api.w.org\/{rel}","templated":true}]}}