{"id":153896,"date":"2024-07-20T11:02:34","date_gmt":"2024-07-20T14:02:34","guid":{"rendered":"https:\/\/corrientesdetarde.com\/?p=153896"},"modified":"2024-07-20T11:02:35","modified_gmt":"2024-07-20T14:02:35","slug":"no-quiere-que-le-vaya-bien-al-pais-javier-milei-arremetio-contra-un-jefe-del-fmi","status":"publish","type":"post","link":"https:\/\/corrientesdetarde.com\/index.php\/politica\/no-quiere-que-le-vaya-bien-al-pais-javier-milei-arremetio-contra-un-jefe-del-fmi\/","title":{"rendered":"&#8220;No quiere que le vaya bien al pa\u00eds&#8221;: Javier Milei arremeti\u00f3 contra un jefe del FMI"},"content":{"rendered":"\n<p>El presidente cuestion\u00f3 al chileno Rodrigo Valdez, jefe del Departamento del Hemisferio Occidental del Fondo Monetario Internacional.<\/p>\n\n\n\n<p>El presidente Javier Milei critic\u00f3 nuevamente a Rodrigo Vald\u00e9s, director del Departamento del Hemisferio Occidental del Fondo Monetario Internacional y hombre clave en el caso de la deuda argentina.<\/p>\n\n\n\n<p>El mandatario afirm\u00f3, en una entrevista que dio en el canal de streaming Neura, que el chileno Vald\u00e9s &#8220;no quiere que le vaya bien al pa\u00eds&#8221;. Adem\u00e1s, lo vincul\u00f3 a la gesti\u00f3n anterior. &#8220;Hubo complicidad del jefe de la misi\u00f3n Argentina del FMI con el Gobierno anterior. Rodrigo Vald\u00e9s tiene mala intenci\u00f3n manifiesta. No quiere que le vaya bien a Argentina. \u00c9l tiene otra agenda&#8221;.<\/p>\n\n\n\n<p>Tambi\u00e9n se refiri\u00f3 a la herencia que recibi\u00f3 por parte del kirchnerismo y asegur\u00f3 que &#8220;el gobierno anterior nos dej\u00f3 puestas varias bombas. Esperaban que explot\u00e1ramos r\u00e1pidamente y tomar el poder en enero&#8221;, asegur\u00f3 Milei. &#8220;Pensaban que \u00e9ramos libertarados, no libertarios&#8221;.<\/p>\n\n\n\n<p>Adem\u00e1s, remarc\u00f3 que \u00e9l habla directamente con la titular del FMI, Kristalina Georgieva.<\/p>\n","protected":false},"excerpt":{"rendered":"<p>El presidente cuestion\u00f3 al chileno Rodrigo Valdez, jefe del Departamento del Hemisferio Occidental del Fondo Monetario Internacional. El presidente Javier Milei critic\u00f3 nuevamente a Rodrigo Vald\u00e9s, director del Departamento del&hellip; <\/p>\n","protected":false},"author":3,"featured_media":153919,"comment_status":"closed","ping_status":"open","sticky":false,"template":"","format":"standard","meta":{"footnotes":""},"categories":[3],"tags":[],"class_list":["post-153896","post","type-post","status-publish","format-standard","has-post-thumbnail","hentry","category-politica"],"_links":{"self":[{"href":"https:\/\/corrientesdetarde.com\/index.php\/wp-json\/wp\/v2\/posts\/153896","targetHints":{"allow":["GET"]}}],"collection":[{"href":"https:\/\/corrientesdetarde.com\/index.php\/wp-json\/wp\/v2\/posts"}],"about":[{"href":"https:\/\/corrientesdetarde.com\/index.php\/wp-json\/wp\/v2\/types\/post"}],"author":[{"embeddable":true,"href":"https:\/\/corrientesdetarde.com\/index.php\/wp-json\/wp\/v2\/users\/3"}],"replies":[{"embeddable":true,"href":"https:\/\/corrientesdetarde.com\/index.php\/wp-json\/wp\/v2\/comments?post=153896"}],"version-history":[{"count":1,"href":"https:\/\/corrientesdetarde.com\/index.php\/wp-json\/wp\/v2\/posts\/153896\/revisions"}],"predecessor-version":[{"id":153925,"href":"https:\/\/corrientesdetarde.com\/index.php\/wp-json\/wp\/v2\/posts\/153896\/revisions\/153925"}],"wp:featuredmedia":[{"embeddable":true,"href":"https:\/\/corrientesdetarde.com\/index.php\/wp-json\/wp\/v2\/media\/153919"}],"wp:attachment":[{"href":"https:\/\/corrientesdetarde.com\/index.php\/wp-json\/wp\/v2\/media?parent=153896"}],"wp:term":[{"taxonomy":"category","embeddable":true,"href":"https:\/\/corrientesdetarde.com\/index.php\/wp-json\/wp\/v2\/categories?post=153896"},{"taxonomy":"post_tag","embeddable":true,"href":"https:\/\/corrientesdetarde.com\/index.php\/wp-json\/wp\/v2\/tags?post=153896"}],"curies":[{"name":"wp","href":"https:\/\/api.w.org\/{rel}","templated":true}]}}