{"id":154085,"date":"2024-07-21T12:16:25","date_gmt":"2024-07-21T15:16:25","guid":{"rendered":"https:\/\/corrientesdetarde.com\/?p=154085"},"modified":"2024-07-21T12:16:36","modified_gmt":"2024-07-21T15:16:36","slug":"el-nene-nunca-estuvo-en-la-camioneta-dijo-perez-el-marino-retirado-preso-en-el-caso-loan","status":"publish","type":"post","link":"https:\/\/corrientesdetarde.com\/index.php\/locales\/el-nene-nunca-estuvo-en-la-camioneta-dijo-perez-el-marino-retirado-preso-en-el-caso-loan\/","title":{"rendered":"&#8220;El nene nunca estuvo en la camioneta&#8221;, dijo P\u00e9rez, el marino retirado preso en el caso Loan"},"content":{"rendered":"\n<p>Carlos P\u00e9rez dio testimonio frente a la jueza Cristina Penzo y dio detalles sobre el almuerzo, la b\u00fasqueda, el calvario que sufri\u00f3 en la comisar\u00eda y hasta culp\u00f3 a uno de los involucrados.<\/p>\n\n\n\n<p>El exmarino Carlos P\u00e9rez explic\u00f3 durante su indagatoria el motivo por el que cree que se hallaron rastros de Loan Danilo Pe\u00f1a tanto en la camioneta Ford Ranger como en el auto Ford Ka: &#8220;Mi esposa (Caillava) llev\u00f3 a tres hermanos del menor en los autos, por eso creo que puede haber presencia&#8221;.<\/p>\n\n\n\n<p>En el curso de su declaraci\u00f3n frente a la jueza Cristina Penzo, P\u00e9rez dio detalles sobre el almuerzo, la b\u00fasqueda, el calvario que sufri\u00f3 en la comisar\u00eda y hasta culp\u00f3 a uno de los involucrados.<\/p>\n\n\n\n<p>&#8220;Laudelina nos invita al almuerzo. Mi esposa hab\u00eda llevado una gaseosa, pan una botella de vino y todo transcurri\u00f3 sin problemas&#8221;, cont\u00f3.<\/p>\n\n\n\n<p>En este sentido, fue por el mismo camino de Mar\u00eda Victoria Caillava y remarc\u00f3 que en &#8220;un momento quedamos Catalina, mi esposa, Jos\u00e9 y yo, el resto pas\u00f3 para el fondo de la casa con la idea de juntar unas mandarinas, y luego salen como para el frente de la casa. Ten\u00eda pactado con mi esposa estar a las tres de la tarde a mi casa para poder ver el partido de River&#8221;.<\/p>\n\n\n\n<p>&#8220;Nos dirigimos a la camioneta y nos despedimos. Encontramos a Laudelina y nos dice que va al encuentro de una criatura. Nosotros no ten\u00edamos conocimiento que se hab\u00eda perdido un chico, pensamos que la t\u00eda lo iba a buscar&#8221;, detall\u00f3.<\/p>\n\n\n\n<p>A su vez, ratific\u00f3 que existi\u00f3 el llamado entre la abuela Catalina y su mujer, as\u00ed como tambi\u00e9n cual fue el recorrido de b\u00fasqueda.<\/p>\n\n\n\n<p>Acerca del pol\u00e9mico viaje que realizaron al d\u00eda siguiente de la desaparici\u00f3n, P\u00e9rez respondi\u00f3: &#8220;Nosotros ten\u00edamos un compromiso de estar en Corrientes. Mi esposa me refiere que hab\u00eda hablado con el comisario que le coment\u00f3 y que si era necesario volv\u00edamos, y ella me dice que Maciel le da permiso para hacer los tr\u00e1mites. Yo ten\u00eda que cobrar un juicio por diferencia de haberes y hacer una transferencia a un se\u00f1or por la compra de una casa rodante&#8221;.<\/p>\n\n\n\n<p>Seg\u00fan explay\u00f3, fue en la noche del lunes cuando comenz\u00f3 a pensar en sus autos y que podr\u00edan plantarle algo: &#8220;Ah\u00ed decido llamar al comisario, le ped\u00ed a mi esposa el n\u00famero porque ella lo ten\u00eda agendado por es secretaria del colegio secundario. Como no me contestaba le mando varios audios&#8221;.<\/p>\n\n\n\n<p>&#8220;El jueves nos llega una notificaci\u00f3n para hacer nuestra exposici\u00f3n en Goya. Lo hacemos y volvemos a casa. El viernes tambi\u00e9n nos quedamos en casa, y me llama mi hija de Bah\u00eda Blanca y me dice que en C5N est\u00e1n diciendo que dieron positivo los dos veh\u00edculos&#8221;, se sorprendi\u00f3.<\/p>\n\n\n\n<p>Es all\u00ed cuando P\u00e9rez expres\u00f3: &#8220;Por la acusaci\u00f3n somos una organizaci\u00f3n de secuestradores de trata, no descarto que exista una verdadera organizaci\u00f3n nacional&#8221;. Tambi\u00e9n habl\u00f3 sobre la hip\u00f3tesis del accidente: &#8220;El tema del atropellamiento es imposible, todos nos vieron and\u00e1bamos a paso de hombre&#8221;.<\/p>\n\n\n\n<p>Durante su indagatoria tambi\u00e9n aclar\u00f3 sobre porqu\u00e9 la pericias de rastros dio positivo: &#8220;En un momento de la b\u00fasqueda sub\u00ed en la camioneta a Joaqu\u00edn, \u00e9l estuvo todo el d\u00eda con Loan, y mi esposa tambi\u00e9n llev\u00f3 a tres hermanos del menor, por eso creo que puede haber algo de la presencia&#8221;.<\/p>\n\n\n\n<p>&#8220;Fue al llegar a las inmediaciones de una escuela abandonada cuando Joaqu\u00edn sali\u00f3 de ah\u00ed y se colg\u00f3 de la camioneta. Lo hice subir del lado del acompa\u00f1ante, y fue sentado hasta la casa de Catalina&#8221;, detall\u00f3.<\/p>\n\n\n\n<p>&#8220;Es improbable que haya subido en el auto. Les aseguro que Loan no estuvo nunca ni en la camioneta ni en el auto&#8221;, sostuvo.<\/p>\n\n\n\n<p>Adem\u00e1s, dio lugar al calvario que denuncio haber padecido durante su detenci\u00f3n: &#8220;Fui torturado en la comisar\u00eda 9 de Julio y en la de Goya. No se me dieron ninguna medicaci\u00f3n en los cinco d\u00edas que estuve&#8221;.<\/p>\n\n\n\n<p>&#8220;El d\u00eda que nos apresaron, ni bien nos trasladan a la comisar\u00eda, en un tono agresivo me dijeron \u2018ahora vamos a hablar\u2019. Despu\u00e9s me llevaron a un sector atr\u00e1s y me pegaban por la nuca, en la cabeza, me pusieron una bolsa de residuo negro, me dejaban sin respiraci\u00f3n, no los podr\u00eda reconocer&#8221;, indic\u00f3.<\/p>\n\n\n\n<p>Sobre una posible sospecha de qu\u00e9 pas\u00f3 con Loan, P\u00e9rez destac\u00f3: &#8220;Me llam\u00f3 la atenci\u00f3n ver volver a Ben\u00edtez sin remera, traspirado, corriendo. Lo que yo vi de esta persona es que deambulaba, estaba perdido sin hablar con nadie. Tengo sospechas de este se\u00f1or, por su actitud por su comportamiento, me dio la sensaci\u00f3n de una persona que no est\u00e1 en su normalidad&#8221;.<\/p>\n\n\n\n<p>&#8220;Catalina cree que Ben\u00edtez no es una buena pareja para su hija (Laudelina). Durante toda la comida no lo vi abrir la boca, no lo tengo presente de hacer el m\u00e1s m\u00ednimo comentario&#8221;, continu\u00f3.<\/p>\n\n\n\n<p>Al respecto de por qu\u00e9 cree que lo vincularon con la hip\u00f3tesis del accidente, el ex marino manifest\u00f3: &#8220;Insisto que tiene que ver mucho los medios, por marketing, rating&#8221;.<\/p>\n\n\n\n<p>Por \u00faltimo dijo que borr\u00f3 cosas de su celular porque &#8220;cada tanto&#8221; lo hace, pero que no tiene nada que lo pueda incriminar.<\/p>\n","protected":false},"excerpt":{"rendered":"<p>Carlos P\u00e9rez dio testimonio frente a la jueza Cristina Penzo y dio detalles sobre el almuerzo, la b\u00fasqueda, el calvario que sufri\u00f3 en la comisar\u00eda y hasta culp\u00f3 a uno&hellip; <\/p>\n","protected":false},"author":4,"featured_media":154086,"comment_status":"closed","ping_status":"open","sticky":false,"template":"","format":"standard","meta":{"footnotes":""},"categories":[8],"tags":[],"class_list":["post-154085","post","type-post","status-publish","format-standard","has-post-thumbnail","hentry","category-locales"],"_links":{"self":[{"href":"https:\/\/corrientesdetarde.com\/index.php\/wp-json\/wp\/v2\/posts\/154085","targetHints":{"allow":["GET"]}}],"collection":[{"href":"https:\/\/corrientesdetarde.com\/index.php\/wp-json\/wp\/v2\/posts"}],"about":[{"href":"https:\/\/corrientesdetarde.com\/index.php\/wp-json\/wp\/v2\/types\/post"}],"author":[{"embeddable":true,"href":"https:\/\/corrientesdetarde.com\/index.php\/wp-json\/wp\/v2\/users\/4"}],"replies":[{"embeddable":true,"href":"https:\/\/corrientesdetarde.com\/index.php\/wp-json\/wp\/v2\/comments?post=154085"}],"version-history":[{"count":1,"href":"https:\/\/corrientesdetarde.com\/index.php\/wp-json\/wp\/v2\/posts\/154085\/revisions"}],"predecessor-version":[{"id":154087,"href":"https:\/\/corrientesdetarde.com\/index.php\/wp-json\/wp\/v2\/posts\/154085\/revisions\/154087"}],"wp:featuredmedia":[{"embeddable":true,"href":"https:\/\/corrientesdetarde.com\/index.php\/wp-json\/wp\/v2\/media\/154086"}],"wp:attachment":[{"href":"https:\/\/corrientesdetarde.com\/index.php\/wp-json\/wp\/v2\/media?parent=154085"}],"wp:term":[{"taxonomy":"category","embeddable":true,"href":"https:\/\/corrientesdetarde.com\/index.php\/wp-json\/wp\/v2\/categories?post=154085"},{"taxonomy":"post_tag","embeddable":true,"href":"https:\/\/corrientesdetarde.com\/index.php\/wp-json\/wp\/v2\/tags?post=154085"}],"curies":[{"name":"wp","href":"https:\/\/api.w.org\/{rel}","templated":true}]}}