{"id":154088,"date":"2024-07-21T18:30:36","date_gmt":"2024-07-21T21:30:36","guid":{"rendered":"https:\/\/corrientesdetarde.com\/?p=154088"},"modified":"2024-07-21T18:30:47","modified_gmt":"2024-07-21T21:30:47","slug":"joe-biden-anuncio-que-retira-su-candidatura-a-la-reeleccion-presidencial","status":"publish","type":"post","link":"https:\/\/corrientesdetarde.com\/index.php\/internacionales\/joe-biden-anuncio-que-retira-su-candidatura-a-la-reeleccion-presidencial\/","title":{"rendered":"Joe Biden anunci\u00f3 que retira su candidatura a la reelecci\u00f3n presidencial."},"content":{"rendered":"\n<h2 class=\"wp-block-heading\">Dio la noticia a trav\u00e9s de un posteo en su cuenta de X. Dijo que en la semana hablar\u00e1 a la Naci\u00f3n. Luego respald\u00f3 a su vice, Kamala Harris, para ocupar su lugar en la contienda contra Donald Trump.<\/h2>\n\n\n\n<p>El presidente estadounidense,<strong>\u00a0Joe Biden<\/strong>, anunci\u00f3 oficialmente que<strong>\u00a0se retira de la carrera presidencial<\/strong>, despu\u00e9s de semanas de especulaciones sobre su capacidad f\u00edsica y su agilidad mental, sumiendo al Partido Dem\u00f3crata en la incertidumbre. Lo hizo a trav\u00e9s de un posteo en X.<\/p>\n\n\n\n<p>El mandatario dijo que en los pr\u00f3ximos d\u00edas hablar\u00e1 a la Naci\u00f3n para dar m\u00e1s detalles de su decisi\u00f3n. \u201cEs lo mejor para el pa\u00eds\u201d, dijo.<\/p>\n\n\n\n<p>A casi tres y medio de las elecciones del 5 de noviembre, el partido Dem\u00f3crata<strong>&nbsp;deber\u00e1 elegir ahora qui\u00e9n competir\u00e1 con Donald Trump por la presidencia<\/strong>. La vice Kamala Harris es la gran favorita para reemplazar a Biden en la cabeza de la f\u00f3rmula.<\/p>\n\n\n\n<p>\u201cHa sido el mayor honor de mi vida ser su Presidente. Y si bien mi intenci\u00f3n ha sido buscar la reelecci\u00f3n, creo que lo mejor para mi partido y para el pa\u00eds es que me retire y me concentre \u00fanicamente en cumplir mis deberes como presidente durante el resto de mi mandato\u201d, apunt\u00f3 el mandatario de 81 a\u00f1os.<\/p>\n\n\n\n<figure class=\"wp-block-image\"><img decoding=\"async\" src=\"https:\/\/tn.com.ar\/resizer\/v2\/el-anuncio-de-joe-biden-foto-xjoebiden-SMQI5SFS4ND2BOXETDJ3R4XX5M.PNG?auth=249bad9fb6cefa4449f439e08cf8a2248ac2a67e2c70fc9246fb1213643cddd9&amp;width=767\" alt=\"El anuncio de Joe Biden (Foto: X\/JoeBiden)\"\/><figcaption class=\"wp-element-caption\">El anuncio de Joe Biden (Foto: X\/JoeBiden)<\/figcaption><\/figure>\n\n\n\n<p>El anuncio se conoci\u00f3 en medio de insistentes pedidos de legisladores dem\u00f3cratas para que baje su candidatura, despu\u00e9s de su desastrosa participaci\u00f3n en el primer debate presidencial.<\/p>\n\n\n\n<p>Biden hab\u00eda dicho el jueves que solo se bajar\u00eda de la carrera a la reelecci\u00f3n en caso de sufriera una condici\u00f3n m\u00e9dica. Poco despu\u00e9s, la Casa Blanca anunci\u00f3 que el presidente se hab\u00eda contagiado de covid.<\/p>\n\n\n\n<p>En su carta de renuncia, Biden no dio su apoyo inmediato a la<strong>&nbsp;vicepresidenta Kamala Harris<\/strong>, a pocos meses de las elecciones. Biden planea seguir siendo presidente hasta el final de su per\u00edodo, el 20 de enero del 2025.<\/p>\n\n\n\n<h2 class=\"wp-block-heading\">El comunicado del Comit\u00e9 Nacional Dem\u00f3crata tras la renuncia de Biden a la candidatura<\/h2>\n\n\n\n<p>El&nbsp;<strong>Comit\u00e9 Nacional Dem\u00f3crata<\/strong>&nbsp;afirm\u00f3 este domingo que si bien<strong>&nbsp;la renuncia de un candidato a la presidencia<\/strong>&nbsp;a falta de poco m\u00e1s de tres meses para las elecciones<strong>&nbsp;\u201cno tiene precedentes\u201d<\/strong>, en los pr\u00f3ximos d\u00edas el Partido&nbsp;<strong>emprender\u00e1 un proceso \u201ctransparente y ordenado\u201d para reemplazar a Joe Biden.<\/strong><\/p>\n\n\n\n<p>\u201dEl trabajo que debemos realizar ahora, si bien no tiene precedentes, es claro. En los pr\u00f3ximos d\u00edas, el Partido emprender\u00e1 un proceso transparente y ordenado para avanzar como un Partido Dem\u00f3crata unido con un candidato que pueda derrotar a Donald Trump en noviembre\u201d, manifest\u00f3 en un comunicado el presidente del Comit\u00e9,&nbsp;<strong>Jaime Harrison<\/strong>.<\/p>\n\n\n\n<h2 class=\"wp-block-heading\">Obama pidi\u00f3 nominar a un \u201ccandidato extraordinario\u201d para las elecciones y no mencion\u00f3 a Kamala Harris<\/h2>\n\n\n\n<p>El expresidente&nbsp;<strong>Barack Obama pidi\u00f3 este domingo al Partido Dem\u00f3crata nominar a un \u201ccandidato extraordinario\u201d<\/strong>&nbsp;para las elecciones de noviembre, en un comunicado en el que evit\u00f3 respaldar a la vicepresidenta, Kamala Harris, como futura candidata.<\/p>\n\n\n\n<p>\u201dEn los pr\u00f3ximos d\u00edas navegaremos por aguas desconocidas, pero tengo una enorme confianza en que los l\u00edderes de nuestro partido ser\u00e1n capaces de&nbsp;<strong>crear un proceso del que surja un candidato extraordinario<\/strong>\u201d, afirm\u00f3 Obama.<\/p>\n\n\n\n<p>El expresidente pidi\u00f3 que durante la Convenci\u00f3n Nacional Dem\u00f3crata del pr\u00f3ximo agosto en Chicago, donde el partido podr\u00eda nominar a su candidato para las elecciones, se exhiba \u201cla visi\u00f3n de Joe Biden de unos Estados Unidos pr\u00f3speros y unidos\u201d, y agreg\u00f3: \u201cEspero que todos y cada uno de nosotros estemos preparados para llevar ese mensaje de esperanza y progreso en noviembre\u201d.<\/p>\n\n\n\n<h2 class=\"wp-block-heading\">\u201cFue uno de los presidentes m\u00e1s trascendentales de Estados Unidos\u201d: la carta de Obama tras el anuncio de Joe Biden<\/h2>\n\n\n\n<p>El expresidente<strong>&nbsp;Barack Obama emiti\u00f3 una fuerte declaraci\u00f3n<\/strong>&nbsp;tras la sorpresiva decisi\u00f3n del presidente Joe Biden de no buscar la reelecci\u00f3n en las pr\u00f3ximas elecciones. En su mensaje, Obama destac\u00f3 el impacto significativo que Biden tuvo en el pa\u00eds y elogi\u00f3 \u201csu car\u00e1cter y compromiso inquebrantable con la Naci\u00f3n\u201d.<\/p>\n\n\n\n<p><strong>\u201cJoe Biden fue uno de los presidentes m\u00e1s trascendentales de Estados Unidos, adem\u00e1s de un querido amigo y socio para m\u00ed.<\/strong>&nbsp;Hoy, se nos ha recordado -una vez m\u00e1s- que es un patriota de primer orden\u201d, expres\u00f3 Obama.<\/p>\n\n\n\n<p>Obama record\u00f3 el momento en que eligi\u00f3 a Biden como su vicepresidente hace diecis\u00e9is a\u00f1os: \u201cSab\u00eda de la notable carrera de Joe en el servicio p\u00fablico. Pero lo que llegu\u00e9 a admirar a\u00fan m\u00e1s fue su car\u00e1cter: su profunda empat\u00eda y resiliencia ganada con esfuerzo, su decencia fundamental y su creencia de que todos cuentan\u201d.<\/p>\n\n\n\n<figure class=\"wp-block-image\"><img decoding=\"async\" src=\"https:\/\/tn.com.ar\/resizer\/v2\/barack-obama-junto-a-michelle-y-joe-biden-foto-reutersjim-young-ATAWMU3KYOAXRMPHUDAIUR5GCU.jpg?auth=5d942c5c77eb63e6bade966c5a5897d8447a76250ff8372eec922f9dd6034ab1&amp;width=767\" alt=\"Barack Obama junto a Michelle y Joe Biden (Foto: REUTERS\/Jim Young)\"\/><figcaption class=\"wp-element-caption\">Barack Obama junto a Michelle y Joe Biden (Foto: REUTERS\/Jim Young)Por:&nbsp;<strong>REUTERS<\/strong><\/figcaption><\/figure>\n\n\n\n<p>Obama destac\u00f3 los logros de Biden. \u201cAyud\u00f3 a poner fin a la pandemia,&nbsp;<strong>cre\u00f3 millones de empleos<\/strong>, redujo el costo de los medicamentos recetados, aprob\u00f3 la primera legislaci\u00f3n importante sobre seguridad de armas en 30 a\u00f1os,&nbsp;<strong>realiz\u00f3 la mayor inversi\u00f3n para abordar el cambio clim\u00e1tico<\/strong>&nbsp;en la historia y luch\u00f3 para garantizar los derechos de los trabajadores a organizarse por salarios y beneficios justos\u201d, se\u00f1al\u00f3. A nivel internacional, \u201c<strong>restaur\u00f3 la posici\u00f3n de Estados Unidos en el mundo<\/strong>, revitaliz\u00f3 la OTAN y moviliz\u00f3 al mundo para enfrentar la agresi\u00f3n rusa en Ucrania\u201d.<\/p>\n\n\n\n<p>El expresidente tambi\u00e9n enfatiz\u00f3 c\u00f3mo Biden alej\u00f3 al pa\u00eds de los&nbsp;<strong>\u201ccuatro a\u00f1os de caos, falsedades y divisi\u00f3n que caracterizaron la administraci\u00f3n de Donald Trump\u201d.<\/strong><\/p>\n\n\n\n<p>Seg\u00fan Obama, \u201ca trav\u00e9s de sus pol\u00edticas y su ejemplo, Joe nos ha recordado qui\u00e9nes somos en nuestro mejor momento: un pa\u00eds comprometido con valores tradicionales como la confianza y la honestidad, la bondad y el trabajo duro; un pa\u00eds que cree en la democracia, el Estado de derecho y la rendici\u00f3n de cuentas; un pa\u00eds que insiste en que todos, sin importar qui\u00e9nes sean, tienen una voz y merecen una oportunidad de una vida mejor\u201d.<\/p>\n\n\n\n<p>La decisi\u00f3n de Biden de no postularse para la reelecci\u00f3n, seg\u00fan Obama, refleja su respeto por el pa\u00eds. \u201c<strong>Joe entiende mejor que nadie lo que est\u00e1 en juego en esta elecci\u00f3n<\/strong>: todo por lo que ha luchado a lo largo de su vida y todo lo que representa el Partido Dem\u00f3crata estar\u00e1 en riesgo si permitimos que Donald Trump vuelva a la Casa Blanca y que los republicanos controlen el Congreso\u201d.<\/p>\n\n\n\n<h2 class=\"wp-block-heading\">Joe Biden cedi\u00f3 finalmente a las presiones<\/h2>\n\n\n\n<p><strong>Biden finalmente cedi\u00f3 a las presiones de su propio partido&nbsp;<\/strong>despu\u00e9s de su mediocre actuaci\u00f3n en el primer debate de la carrera a la Casa Blanca contra el expresidente y candidato republicano Donald Trump.<\/p>\n\n\n\n<p>Decenas de legisladores y senadores le hab\u00edan pedido en los \u00faltimos d\u00edas que abandonara el testigo por su avanzada edad.<\/p>\n\n\n\n<figure class=\"wp-block-image\"><img decoding=\"async\" src=\"https:\/\/tn.com.ar\/resizer\/v2\/archivo-el-presidente-joe-biden-habla-en-una-conferencia-de-prensa-en-el-ultimo-dia-de-la-cumbre-de-la-otan-en-washington-el-11-de-julio-de-2024-ap-fotojacquelyn-martin-archivo-6WWUH563OQKTRSEDWYXH53S5UU.jpg?auth=fc3b74870eff868b0de191310077d0a4ea63013ec8e0953810f5a89bb721ba24&amp;width=767\" alt=\"ARCHIVO - El presidente Joe Biden habla en una conferencia de prensa en el \u00faltimo d\u00eda de la cumbre de la OTAN en Washington, el 11 de julio de 2024. (AP Foto\/Jacquelyn Martin, Archivo)\"\/><figcaption class=\"wp-element-caption\">ARCHIVO &#8211; El presidente Joe Biden habla en una conferencia de prensa en el \u00faltimo d\u00eda de la cumbre de la OTAN en Washington, el 11 de julio de 2024. (AP Foto\/Jacquelyn Martin, Archivo)Por:&nbsp;<strong>AP<\/strong><\/figcaption><\/figure>\n\n\n\n<p>El presidente, que est\u00e1 aislado en su domicilio de Delaware tras dar positivo de covid, dijo que en los pr\u00f3ximos d\u00edas se dirigir\u00e1 a la naci\u00f3n para explicar su decisi\u00f3n.<\/p>\n\n\n\n<p>\u201dPor ahora, perm\u00edtanme expresar mi m\u00e1s profundo agradecimiento a todos aquellos que han trabajado tan duro para verme reelegido.&nbsp;<strong>Quiero agradecer a la vicepresidenta Kamala Harris por ser una socia extraordinaria en todo este trabajo.&nbsp;<\/strong>Y perm\u00edtanme expresar mi m\u00e1s sincero agradecimiento al pueblo estadounidense por la fe y la confianza que han depositado en m\u00ed\u201d, afirm\u00f3 Biden.<\/p>\n\n\n\n<p>El dem\u00f3crata de 81 a\u00f1os engrosa as\u00ed el club muy restringido de presidentes estadounidenses salientes que tiraron la toalla en su intento por conseguir un segundo mandato. Pero es el primero en hacerlo a estas alturas de la campa\u00f1a. Y el \u00fanico que tuvo que darse cuenta por vencido por las dudas sobre su agudeza mental a ra\u00edz de un debate calamitoso con su rival republicano Donald Trump.<\/p>\n\n\n\n<p>En su carta, divulgada en la red social X, Biden afirm\u00f3: \u201dAunque fue mi intenci\u00f3n buscar la reelecci\u00f3n, creo que es en el mejor inter\u00e9s de mi partido y del pa\u00eds retirarme (de la contienda) y&nbsp;<strong>enfocarme \u00fanicamente en cumplir mis tareas como presidente por el resto de mi mandato<\/strong>\u201d.<\/p>\n\n\n\n<h2 class=\"wp-block-heading\">Qu\u00e9 har\u00e1 ahora el Partido Dem\u00f3crata<\/h2>\n\n\n\n<p>Ahora el Partido Dem\u00f3crata tendr\u00e1 que encontrar a un sustituto o sustituta, cuando faltan pocos d\u00edas para la convenci\u00f3n prevista en Chicago (norte) a partir del 19 de agosto.<\/p>\n\n\n\n<p>Su vicepresidenta,<strong>&nbsp;Kamala Harris, ser\u00eda una elecci\u00f3n natural<\/strong>, pero no autom\u00e1tica, para convertirse en candidata.<\/p>\n\n\n\n<p>La \u00faltima palabra la tienen los delegados del partido: 3.900 personas con perfiles muy variados y en su mayor parte completamente desconocidos para la opini\u00f3n p\u00fablica.<\/p>\n\n\n\n<p>Fue el&nbsp;<strong>desastroso desempe\u00f1o de Joe Biden durante su debate del 27 de junio con Donald Trump&nbsp;<\/strong>lo que precipit\u00f3 los acontecimientos. Ese d\u00eda, desde los primeros segundos de la batalla verbal que \u00e9l mismo hab\u00eda convocado, decenas de millones de telespectadores vieron a un Biden titubeante, confuso, una imagen que dej\u00f3 a los dem\u00f3cratas consternados y desorientados. Estaba resfriado y tos\u00eda con frecuencia. Su voz era apagada, se trababa al hablar y dejaba las frases inacabadas. Un espect\u00e1culo doloroso que sac\u00f3 a la luz las dudas sobre su edad, que su entorno m\u00e1s cercano se hab\u00eda forzado en sofocar.<\/p>\n\n\n\n<p>Tan pronto como termin\u00f3, la pregunta era inevitable: \u00bfqui\u00e9n ser\u00eda el primero en pedirle que pasara el testigo? El nerviosismo se contagi\u00f3. Algunos congresistas dem\u00f3cratas se lo pidieron p\u00fablicamente. Con el paso de los d\u00edas se fueron sumando pesos pesados del partido. Uno tras otro, asustados por las encuestas que lo daban como perdedor y por miedo a una victoria abrumadora del republicano Donald Trump, le dieron la espalda.<\/p>\n\n\n\n<p>Al comienzo en privado, sugiri\u00e9ndole que reconsiderara su candidatura. Los medios de comunicaci\u00f3n estadounidenses, citando fuentes an\u00f3nimas, afirmaron que el expresidente Barack Obama, la exjefa de la C\u00e1mara de Representantes Nancy Pelosi y los l\u00edderes dem\u00f3cratas en el Congreso Chuck Schumer y Hakeem Jeffries expresaron su preocupaci\u00f3n. Y las im\u00e1genes de Joe Biden dando positivo por covid-19, bajando con dificultades la pasarela de su avi\u00f3n, no hicieron m\u00e1s que amplificar el nerviosismo de su bando. Entretanto, Donald Trump, que milagrosamente sobrevivi\u00f3 a un intento de asesinato, parece disfrutar de un estado de gracia, con victorias legales y la consagraci\u00f3n en la convenci\u00f3n del Partido Republicano.<\/p>\n\n\n\n<p><em>Fuente: Todo Noticias.<\/em><\/p>\n","protected":false},"excerpt":{"rendered":"<p>Dio la noticia a trav\u00e9s de un posteo en su cuenta de X. Dijo que en la semana hablar\u00e1 a la Naci\u00f3n. Luego respald\u00f3 a su vice, Kamala Harris, para&hellip; <\/p>\n","protected":false},"author":6,"featured_media":154090,"comment_status":"closed","ping_status":"open","sticky":false,"template":"","format":"standard","meta":{"footnotes":""},"categories":[11],"tags":[],"class_list":["post-154088","post","type-post","status-publish","format-standard","has-post-thumbnail","hentry","category-internacionales"],"_links":{"self":[{"href":"https:\/\/corrientesdetarde.com\/index.php\/wp-json\/wp\/v2\/posts\/154088","targetHints":{"allow":["GET"]}}],"collection":[{"href":"https:\/\/corrientesdetarde.com\/index.php\/wp-json\/wp\/v2\/posts"}],"about":[{"href":"https:\/\/corrientesdetarde.com\/index.php\/wp-json\/wp\/v2\/types\/post"}],"author":[{"embeddable":true,"href":"https:\/\/corrientesdetarde.com\/index.php\/wp-json\/wp\/v2\/users\/6"}],"replies":[{"embeddable":true,"href":"https:\/\/corrientesdetarde.com\/index.php\/wp-json\/wp\/v2\/comments?post=154088"}],"version-history":[{"count":1,"href":"https:\/\/corrientesdetarde.com\/index.php\/wp-json\/wp\/v2\/posts\/154088\/revisions"}],"predecessor-version":[{"id":154091,"href":"https:\/\/corrientesdetarde.com\/index.php\/wp-json\/wp\/v2\/posts\/154088\/revisions\/154091"}],"wp:featuredmedia":[{"embeddable":true,"href":"https:\/\/corrientesdetarde.com\/index.php\/wp-json\/wp\/v2\/media\/154090"}],"wp:attachment":[{"href":"https:\/\/corrientesdetarde.com\/index.php\/wp-json\/wp\/v2\/media?parent=154088"}],"wp:term":[{"taxonomy":"category","embeddable":true,"href":"https:\/\/corrientesdetarde.com\/index.php\/wp-json\/wp\/v2\/categories?post=154088"},{"taxonomy":"post_tag","embeddable":true,"href":"https:\/\/corrientesdetarde.com\/index.php\/wp-json\/wp\/v2\/tags?post=154088"}],"curies":[{"name":"wp","href":"https:\/\/api.w.org\/{rel}","templated":true}]}}