{"id":154095,"date":"2024-07-21T18:41:50","date_gmt":"2024-07-21T21:41:50","guid":{"rendered":"https:\/\/corrientesdetarde.com\/?p=154095"},"modified":"2024-07-21T18:41:54","modified_gmt":"2024-07-21T21:41:54","slug":"cordoba-murio-un-joven-tras-chocar-contra-un-colectivo","status":"publish","type":"post","link":"https:\/\/corrientesdetarde.com\/index.php\/policiales\/cordoba-murio-un-joven-tras-chocar-contra-un-colectivo\/","title":{"rendered":"C\u00f3rdoba: muri\u00f3 un joven tras chocar contra un colectivo."},"content":{"rendered":"\n<h2 class=\"wp-block-heading\">Las autoridades todav\u00eda intentan determinar las causas del choque fatal. En el \u00f3mnibus viajaban cuatro pasajeros y afortunadamente ninguno result\u00f3 herido.<\/h2>\n\n\n\n<p>Un joven de 23 a\u00f1os<strong>\u00a0muri\u00f3 tras chocar su auto contra un colectivo<\/strong>\u00a0en el barrio Quinta de Ferreyra de C\u00f3rdoba. El hecho sucedi\u00f3 la madrugada de este domingo.<\/p>\n\n\n\n<p><strong>Por causas que todav\u00eda intentan determinarse,\u00a0<\/strong>la v\u00edctima embisti\u00f3 su Fiat Siena blanco contra el Mercedes Benz interurbano de la empresa El Porvenir, de acuerdo a lo que inform\u00f3<em>\u00a0El Doce<\/em>.<\/p>\n\n\n\n<p>El colectivo era manejado por un hombre de 39 a\u00f1os y&nbsp;<strong>llevaba a cuatro pasajeros<\/strong>&nbsp;provenientes de la localidad de Villa del Rosario. Producto del fuerte impacto en la avenida Sabattini, la v\u00edctima qued\u00f3 atrapada en su auto.<\/p>\n\n\n\n<figure class=\"wp-block-image\"><img decoding=\"async\" src=\"https:\/\/tn.com.ar\/resizer\/v2\/asi-quedo-el-colectivo-de-la-empresa-el-porvenir-foto-cadena-3-ARZ6IBVPENBIJINMQCEI2E5IFE.jpg?auth=b8581ed97795e834eb829c34d0c7ac9db9c46bfbc0025f6935eba195b6252e04&amp;width=767\" alt=\"As\u00ed qued\u00f3 el colectivo de la empresa El Porvenir. (Foto: Cadena 3)\"\/><figcaption class=\"wp-element-caption\">As\u00ed qued\u00f3 el colectivo de la empresa El Porvenir. (Foto: Cadena 3)<\/figcaption><\/figure>\n\n\n\n<p>En el lugar se hizo presente la Polic\u00eda, bomberos voluntarios y un servicio de emergencias que&nbsp;<strong>confirm\u00f3 la muerte del automovilista<\/strong>. Todav\u00eda se aguardan pericias forenses para determinar la causa del fallecimiento.<\/p>\n\n\n\n<p>En cuando al colectivero y los pasajeros, fuentes policiales indicaron que\u00a0<strong>no se registraron heridos.\u00a0<\/strong>La avenida estuvo cortada durante algunas horas tras el choque fatal.<\/p>\n\n\n\n<p><\/p>\n","protected":false},"excerpt":{"rendered":"<p>Las autoridades todav\u00eda intentan determinar las causas del choque fatal. En el \u00f3mnibus viajaban cuatro pasajeros y afortunadamente ninguno result\u00f3 herido. Un joven de 23 a\u00f1os\u00a0muri\u00f3 tras chocar su auto&hellip; <\/p>\n","protected":false},"author":6,"featured_media":154096,"comment_status":"closed","ping_status":"open","sticky":false,"template":"","format":"standard","meta":{"footnotes":""},"categories":[33],"tags":[],"class_list":["post-154095","post","type-post","status-publish","format-standard","has-post-thumbnail","hentry","category-policiales"],"_links":{"self":[{"href":"https:\/\/corrientesdetarde.com\/index.php\/wp-json\/wp\/v2\/posts\/154095","targetHints":{"allow":["GET"]}}],"collection":[{"href":"https:\/\/corrientesdetarde.com\/index.php\/wp-json\/wp\/v2\/posts"}],"about":[{"href":"https:\/\/corrientesdetarde.com\/index.php\/wp-json\/wp\/v2\/types\/post"}],"author":[{"embeddable":true,"href":"https:\/\/corrientesdetarde.com\/index.php\/wp-json\/wp\/v2\/users\/6"}],"replies":[{"embeddable":true,"href":"https:\/\/corrientesdetarde.com\/index.php\/wp-json\/wp\/v2\/comments?post=154095"}],"version-history":[{"count":1,"href":"https:\/\/corrientesdetarde.com\/index.php\/wp-json\/wp\/v2\/posts\/154095\/revisions"}],"predecessor-version":[{"id":154097,"href":"https:\/\/corrientesdetarde.com\/index.php\/wp-json\/wp\/v2\/posts\/154095\/revisions\/154097"}],"wp:featuredmedia":[{"embeddable":true,"href":"https:\/\/corrientesdetarde.com\/index.php\/wp-json\/wp\/v2\/media\/154096"}],"wp:attachment":[{"href":"https:\/\/corrientesdetarde.com\/index.php\/wp-json\/wp\/v2\/media?parent=154095"}],"wp:term":[{"taxonomy":"category","embeddable":true,"href":"https:\/\/corrientesdetarde.com\/index.php\/wp-json\/wp\/v2\/categories?post=154095"},{"taxonomy":"post_tag","embeddable":true,"href":"https:\/\/corrientesdetarde.com\/index.php\/wp-json\/wp\/v2\/tags?post=154095"}],"curies":[{"name":"wp","href":"https:\/\/api.w.org\/{rel}","templated":true}]}}