{"id":154099,"date":"2024-07-21T19:15:09","date_gmt":"2024-07-21T22:15:09","guid":{"rendered":"https:\/\/corrientesdetarde.com\/?p=154099"},"modified":"2024-07-21T19:15:20","modified_gmt":"2024-07-21T22:15:20","slug":"un-policia-mato-a-un-delincuente-que-robaba-una-rueda-y-termino-preso","status":"publish","type":"post","link":"https:\/\/corrientesdetarde.com\/index.php\/policiales\/un-policia-mato-a-un-delincuente-que-robaba-una-rueda-y-termino-preso\/","title":{"rendered":"Un polic\u00eda mat\u00f3 a un delincuente que robaba una rueda y termin\u00f3 preso."},"content":{"rendered":"\n<h2 class=\"wp-block-heading\">La aprehensi\u00f3n se concret\u00f3 este s\u00e1bado. Est\u00e1 a disposici\u00f3n de la Justicia.<\/h2>\n\n\n\n<p>La Polic\u00eda de Corrientes inform\u00f3 este domingo que detuvieron y apartaron de la fuerza a un Suboficial acusado de matar a un delincuente en la capital correntina.&nbsp;<\/p>\n\n\n\n<p>Se trata del hecho que se registr\u00f3 en la madrugada del viernes el en barrio Galv\u00e1n, donde un hombre de apellido S\u00e1nchez de 31 a\u00f1os fue asesinado de al menos dos disparos cuando fue descubierto intentando robar las ruedas de un autom\u00f3vil estacionado.<\/p>\n\n\n\n<p>Ante este hecho, la Polic\u00eda dispuso las primeras medidas preventivas respecto a un Suboficial de la Polic\u00eda de Corrientes, quien qued\u00f3 a disposici\u00f3n de la justicia y fue detenido por estar acusado de la muerte del sujeto.<\/p>\n\n\n\n<p>Adem\u00e1s, tambi\u00e9n se lo apart\u00f3 de la fuerza a fin determinar o establecer presuntas responsabilidades que pudiera tener en torno al hecho.<\/p>\n\n\n\n<p>La detenci\u00f3n del funcionario policial lo concretaron efectivos de la Polic\u00eda Federal con asiento en esta capital por disposici\u00f3n de la fiscal\u00eda interviniente.<\/p>\n\n\n\n<p>Al respecto, actualmente se siguen llevando a cabo distintas diligencias administrativas y judicial por separado.<\/p>\n\n\n\n<p><\/p>\n","protected":false},"excerpt":{"rendered":"<p>La aprehensi\u00f3n se concret\u00f3 este s\u00e1bado. Est\u00e1 a disposici\u00f3n de la Justicia. La Polic\u00eda de Corrientes inform\u00f3 este domingo que detuvieron y apartaron de la fuerza a un Suboficial acusado&hellip; <\/p>\n","protected":false},"author":6,"featured_media":154101,"comment_status":"closed","ping_status":"open","sticky":false,"template":"","format":"standard","meta":{"footnotes":""},"categories":[33],"tags":[],"class_list":["post-154099","post","type-post","status-publish","format-standard","has-post-thumbnail","hentry","category-policiales"],"_links":{"self":[{"href":"https:\/\/corrientesdetarde.com\/index.php\/wp-json\/wp\/v2\/posts\/154099","targetHints":{"allow":["GET"]}}],"collection":[{"href":"https:\/\/corrientesdetarde.com\/index.php\/wp-json\/wp\/v2\/posts"}],"about":[{"href":"https:\/\/corrientesdetarde.com\/index.php\/wp-json\/wp\/v2\/types\/post"}],"author":[{"embeddable":true,"href":"https:\/\/corrientesdetarde.com\/index.php\/wp-json\/wp\/v2\/users\/6"}],"replies":[{"embeddable":true,"href":"https:\/\/corrientesdetarde.com\/index.php\/wp-json\/wp\/v2\/comments?post=154099"}],"version-history":[{"count":1,"href":"https:\/\/corrientesdetarde.com\/index.php\/wp-json\/wp\/v2\/posts\/154099\/revisions"}],"predecessor-version":[{"id":154102,"href":"https:\/\/corrientesdetarde.com\/index.php\/wp-json\/wp\/v2\/posts\/154099\/revisions\/154102"}],"wp:featuredmedia":[{"embeddable":true,"href":"https:\/\/corrientesdetarde.com\/index.php\/wp-json\/wp\/v2\/media\/154101"}],"wp:attachment":[{"href":"https:\/\/corrientesdetarde.com\/index.php\/wp-json\/wp\/v2\/media?parent=154099"}],"wp:term":[{"taxonomy":"category","embeddable":true,"href":"https:\/\/corrientesdetarde.com\/index.php\/wp-json\/wp\/v2\/categories?post=154099"},{"taxonomy":"post_tag","embeddable":true,"href":"https:\/\/corrientesdetarde.com\/index.php\/wp-json\/wp\/v2\/tags?post=154099"}],"curies":[{"name":"wp","href":"https:\/\/api.w.org\/{rel}","templated":true}]}}