{"id":154104,"date":"2024-07-21T19:55:13","date_gmt":"2024-07-21T22:55:13","guid":{"rendered":"https:\/\/corrientesdetarde.com\/?p=154104"},"modified":"2024-07-21T19:55:18","modified_gmt":"2024-07-21T22:55:18","slug":"francia-legisladores-se-burlaron-del-diputado-mas-joven-de-la-ultraderecha","status":"publish","type":"post","link":"https:\/\/corrientesdetarde.com\/index.php\/internacionales\/francia-legisladores-se-burlaron-del-diputado-mas-joven-de-la-ultraderecha\/","title":{"rendered":"Francia: \u00a0legisladores se burlaron del diputado m\u00e1s joven de la ultraderecha."},"content":{"rendered":"\n<h2 class=\"wp-block-heading\">El joven legislador franc\u00e9s Flavien Termet, de la ultraderechista Agrupaci\u00f3n Nacional de Marine Le Pen, sufri\u00f3 el desaire de sus pares en la Asamblea Nacional.<\/h2>\n\n\n\n<p>El joven legislador franc\u00e9s\u00a0<strong>Flavien Termet<\/strong>, de la ultraderechista Agrupaci\u00f3n Nacional de Marine Le Pen, fue objeto de burlas y el desaire de sus pares de izquierda en la Asamblea Nacional.<\/p>\n\n\n\n<p>Todo ocurri\u00f3 durante la votaci\u00f3n del titular del Parlamento, que recay\u00f3 en manos de la oficialista\u00a0<strong>Ya\u00ebl Braun-Pivet<\/strong>, a pesar de que la coalici\u00f3n Nuevo Frente Popular (NPF, de izquierda) obtuvo la mayor cantidad de votos en las elecciones celebradas el 7 de junio.<\/p>\n\n\n\n<p>El jovenc\u00edsimo Termet, de 22 a\u00f1os, fue el encargado de recibir a los legisladores al pie de la urna. A medida que los diputados de izquierda se acercaban a depositar su voto, el representante lepenista intent\u00f3 darles la mano, pero solo recibi\u00f3 burlas y desprecio.<\/p>\n\n\n\n<h2 class=\"wp-block-heading\">Qu\u00e9 pas\u00f3 en la Asamblea Nacional francesa<\/h2>\n\n\n\n<p>A medida que los legisladores del NPF (integrado por socialistas, ecologistas, comunistas y por los radicales de La Francia Insumisa) se acercaron a depositar su voto en la urna, Termet no dud\u00f3 en extender su mano derecha.<\/p>\n\n\n\n<p>A cambio recibi\u00f3 el desprecio de sus colegas. Uno a uno fueron depositando su voto y siguieron su camino sin devolver el saludo. Ni siquiera lo miraban a los ojos. Simplemente lo ignoraban.<\/p>\n\n\n\n<figure class=\"wp-block-image\"><img decoding=\"async\" src=\"https:\/\/tn.com.ar\/resizer\/v2\/flavien-termet-el-diputado-mas-joven-de-la-asamblea-nacional-francesa-foto-ardennaisfr-ZRAA72PSDBDR7FKGO5JM5XUWUM.jpeg?auth=054961eadd3e7c037a2eab3c1c68a368b62435b323ebebe48b88afd9fd6859b6&amp;width=767\" alt=\"Flavien Termet, el diputado m\u00e1s joven de la Asamblea Nacional francesa (Foto: Ardennais.fr)\"\/><figcaption class=\"wp-element-caption\">Flavien Termet, el diputado m\u00e1s joven de la Asamblea Nacional francesa (Foto: Ardennais.fr)<\/figcaption><\/figure>\n\n\n\n<p>Incluso, el diputado&nbsp;<strong>Fran\u00e7ois Piquemal<\/strong>&nbsp;decidi\u00f3 jugarle una broma de dudoso gusto. Se puso a jugar \u201cpiedra, papel y tijera\u201d, mientras Termet intentaba saludarlo. El legislador izquierdista eligi\u00f3 \u201ctijera\u201d en contraste con la mano extendida de su \u201crival\u201d que en ese escenario parec\u00eda haber optado por \u201cpapel\u201d. En ese popular juego de ni\u00f1os, tijera vence a papel.<\/p>\n\n\n\n<p>Piquemal es miembro de La Francia Insumisa, el bloque radical de izquierda del hist\u00f3rico dirigente Jean-Luc M\u00e9lenchon. Tras su actitud, el legislador izquierdista se encogi\u00f3 de hombros y le regal\u00f3 a Termet una sonrisa ir\u00f3nica.<\/p>\n\n\n\n<p>El Nuevo Frente Popular acusa a la Agrupaci\u00f3n Nacional de \u201cfascista\u201d.<\/p>\n\n\n\n<p>Braun-Pivet fue elegida presidenta de la Asamblea Nacional tras el acuerdo alcanzado por el bloque oficialista que responde a Emmanuel Macron y el partido Los Republicanos (conservadores).<\/p>\n","protected":false},"excerpt":{"rendered":"<p>El joven legislador franc\u00e9s Flavien Termet, de la ultraderechista Agrupaci\u00f3n Nacional de Marine Le Pen, sufri\u00f3 el desaire de sus pares en la Asamblea Nacional. El joven legislador franc\u00e9s\u00a0Flavien Termet,&hellip; <\/p>\n","protected":false},"author":6,"featured_media":154105,"comment_status":"closed","ping_status":"open","sticky":false,"template":"","format":"standard","meta":{"footnotes":""},"categories":[11],"tags":[],"class_list":["post-154104","post","type-post","status-publish","format-standard","has-post-thumbnail","hentry","category-internacionales"],"_links":{"self":[{"href":"https:\/\/corrientesdetarde.com\/index.php\/wp-json\/wp\/v2\/posts\/154104","targetHints":{"allow":["GET"]}}],"collection":[{"href":"https:\/\/corrientesdetarde.com\/index.php\/wp-json\/wp\/v2\/posts"}],"about":[{"href":"https:\/\/corrientesdetarde.com\/index.php\/wp-json\/wp\/v2\/types\/post"}],"author":[{"embeddable":true,"href":"https:\/\/corrientesdetarde.com\/index.php\/wp-json\/wp\/v2\/users\/6"}],"replies":[{"embeddable":true,"href":"https:\/\/corrientesdetarde.com\/index.php\/wp-json\/wp\/v2\/comments?post=154104"}],"version-history":[{"count":1,"href":"https:\/\/corrientesdetarde.com\/index.php\/wp-json\/wp\/v2\/posts\/154104\/revisions"}],"predecessor-version":[{"id":154106,"href":"https:\/\/corrientesdetarde.com\/index.php\/wp-json\/wp\/v2\/posts\/154104\/revisions\/154106"}],"wp:featuredmedia":[{"embeddable":true,"href":"https:\/\/corrientesdetarde.com\/index.php\/wp-json\/wp\/v2\/media\/154105"}],"wp:attachment":[{"href":"https:\/\/corrientesdetarde.com\/index.php\/wp-json\/wp\/v2\/media?parent=154104"}],"wp:term":[{"taxonomy":"category","embeddable":true,"href":"https:\/\/corrientesdetarde.com\/index.php\/wp-json\/wp\/v2\/categories?post=154104"},{"taxonomy":"post_tag","embeddable":true,"href":"https:\/\/corrientesdetarde.com\/index.php\/wp-json\/wp\/v2\/tags?post=154104"}],"curies":[{"name":"wp","href":"https:\/\/api.w.org\/{rel}","templated":true}]}}