{"id":154109,"date":"2024-07-21T20:21:51","date_gmt":"2024-07-21T23:21:51","guid":{"rendered":"https:\/\/corrientesdetarde.com\/?p=154109"},"modified":"2024-07-21T20:21:56","modified_gmt":"2024-07-21T23:21:56","slug":"caso-loan-la-jueza-recorrio-la-zona-cero-con-la-policia-federal","status":"publish","type":"post","link":"https:\/\/corrientesdetarde.com\/index.php\/crimen-y-justicia\/caso-loan-la-jueza-recorrio-la-zona-cero-con-la-policia-federal\/","title":{"rendered":"Caso Loan: la jueza recorri\u00f3 la zona cero con la Polic\u00eda Federal."},"content":{"rendered":"\n<h2 class=\"wp-block-heading\">En la localidad de 9 de Julio, la magistrada Cristina Pozzer Penzo particip\u00f3 de un reconocimiento el lugar donde se vio al nene por \u00faltima vez para hacer fotos y planos.<\/h2>\n\n\n\n<p>La jueza federal de Goya,\u00a0<strong>Cristina Pozzer Penzo<\/strong>, encabez\u00f3 este domingo por la tarde una serie de procedimientos en la denominada\u00a0<em>zona cero<\/em>, punto clave del caso en el\u00a0<strong>paraje Algarrobal<\/strong>\u00a0de la localidad de 9 de julio, en\u00a0<strong>Corrientes<\/strong>. Es que all\u00ed fue el \u00faltimo rastro de\u00a0<strong>Loan Danilo Pe\u00f1a<\/strong>, el nene de 5 a\u00f1os del que nada se sabe desde el 13 de junio pasado, cuando sali\u00f3 de la casa de su abuela Catalina para ir a buscar naranjas, a uno 600 metros de distancia.<\/p>\n\n\n\n<p><strong>\u201cFue una inspecci\u00f3n ocular\u201d<\/strong>, coment\u00f3 la magistrada cerca de las 20 cuando dej\u00f3 la zona y cont\u00f3 que tambi\u00e9n estuvo el fiscal federal de Goya,&nbsp;<strong>Mariano de Guzm\u00e1n<\/strong>.<\/p>\n\n\n\n<p>En paralelo a que se hicieran los procedimientos, Jos\u00e9, uno de los hermanos del ni\u00f1o desaparecido, dijo:\u00a0<strong>\u201cYo solo quiero saber d\u00f3nde est\u00e1 mi hermanito\u201d<\/strong>.<\/p>\n\n\n\n<p>Ya pasaron 38 d\u00edas de la desaparici\u00f3n y pocas son las pistas que hay sobre el paradero del ni\u00f1o y son ocho los detenidos, acusados por la&nbsp;<strong>sustracci\u00f3n&nbsp;<\/strong>del menor: Antonio Ben\u00edtez, M\u00f3nica Millapi, Daniel Ram\u00edrez, Mar\u00eda Victoria Caillava, Carlos P\u00e9rez, Walter Maciel, Laudelina Pe\u00f1a y Francisco Amado M\u00e9ndez.<\/p>\n\n\n\n<p><img loading=\"lazy\" decoding=\"async\" alt=\"La jueza federal de Goya, Cristina Elizabeth Pozzer Penzo\" height=\"1600\" width=\"1451\" class=\"\" src=\"https:\/\/www.infobae.com\/new-resizer\/RreUzLXPklZNXe5Q4HLA2AG7c0I=\/420x560\/filters:format(webp):quality(85)\/cloudfront-us-east-1.images.arcpublishing.com\/infobae\/BU2DKXDBRBAD7MEU6ESJW5SR7Q.jpeg%20420w\" srcset=\"https:\/\/www.infobae.com\/new-resizer\/RreUzLXPklZNXe5Q4HLA2AG7c0I=\/420x560\/filters:format(webp):quality(85)\/cloudfront-us-east-1.images.arcpublishing.com\/infobae\/BU2DKXDBRBAD7MEU6ESJW5SR7Q.jpeg 420w,https:\/\/www.infobae.com\/new-resizer\/kippdpDiRiHewF0DBRQiAn2IBqk=\/768x1024\/filters:format(webp):quality(85)\/cloudfront-us-east-1.images.arcpublishing.com\/infobae\/BU2DKXDBRBAD7MEU6ESJW5SR7Q.jpeg 768w,https:\/\/www.infobae.com\/new-resizer\/pedPcoWG_Kq6wh8qgyFe4m25jSU=\/992x1323\/filters:format(webp):quality(85)\/cloudfront-us-east-1.images.arcpublishing.com\/infobae\/BU2DKXDBRBAD7MEU6ESJW5SR7Q.jpeg 992w,https:\/\/www.infobae.com\/new-resizer\/HIUcwC02RZC-noYDe1sHAYy9SPc=\/1200x1600\/filters:format(webp):quality(85)\/cloudfront-us-east-1.images.arcpublishing.com\/infobae\/BU2DKXDBRBAD7MEU6ESJW5SR7Q.jpeg 1200w\">La jueza federal de Goya, Cristina Elizabeth Pozzer Penzo<\/p>\n\n\n\n<p><strong>\u201cNadie dice nada certero sobre Loan, esperamos que alguien hable y aparezca pronto\u201d,\u00a0<\/strong>sostuvo Jos\u00e9 en di\u00e1logo con la agencia<em><strong>\u00a0NA<\/strong><\/em><em>.<\/em> Consultado sobre las distintas hip\u00f3tesis que existen alrededor del caso y que involucran a varios familiares, dijo:\u00a0<strong>\u201cHay muchas hip\u00f3tesis y no hay que descartar ninguna\u201d<\/strong>.<\/p>\n\n\n\n<p>Al referirse al rol de su t\u00eda<strong>&nbsp;Laudelina Pe\u00f1a<\/strong>, quien se encuentra presa por el caso, expres\u00f3 que se trata de un tema sensible para la familia: \u201cImag\u00ednese a mi pap\u00e1&#8230; Yo estuve con ella seis, siete d\u00edas, en ning\u00fan momento me dijo nada\u201d. Adem\u00e1s, enfatiz\u00f3 que a la hermana de su padre \u201c<strong>no\u201d le cree \u201cm\u00e1s nada, que se encargue la Justicia de ella\u201d<\/strong>.<\/p>\n\n\n\n<p>A casi 40 d\u00edas de la desaparici\u00f3n del peque\u00f1o Loan, la investigaci\u00f3n todav\u00eda no se acerca a determinar qu\u00e9 fue lo que pas\u00f3 una jornada en la que el ni\u00f1o fue a almorzar a la casa de su abuela junto a su padre. Y, en ese contexto, la jueza del caso este domingo regres\u00f3 a la zona cero.<\/p>\n\n\n\n<p><img loading=\"lazy\" decoding=\"async\" height=\"363\" width=\"648\" srcset=\"https:\/\/www.infobae.com\/new-resizer\/zqZCYMDGx7rdaoPlKTATLio5YfY=\/420x236\/filters:format(webp):quality(85)\/cloudfront-us-east-1.images.arcpublishing.com\/infobae\/LZWFRSPK7VHK5FDENYBJ4QZ45E.png 420w,https:\/\/www.infobae.com\/new-resizer\/5LurHeCTLfNCu1Bb839Ghj--fjQ=\/768x432\/filters:format(webp):quality(85)\/cloudfront-us-east-1.images.arcpublishing.com\/infobae\/LZWFRSPK7VHK5FDENYBJ4QZ45E.png 768w,https:\/\/www.infobae.com\/new-resizer\/J9D48kdBYF88Ix5OFHMbYndrHxM=\/992x558\/filters:format(webp):quality(85)\/cloudfront-us-east-1.images.arcpublishing.com\/infobae\/LZWFRSPK7VHK5FDENYBJ4QZ45E.png 992w,https:\/\/www.infobae.com\/new-resizer\/gwByy3uk1xpZ1oa409LDkiHdsKU=\/1200x675\/filters:format(webp):quality(85)\/cloudfront-us-east-1.images.arcpublishing.com\/infobae\/LZWFRSPK7VHK5FDENYBJ4QZ45E.png 1200w,https:\/\/www.infobae.com\/new-resizer\/LLtVBY1KZvkZEpXtnhAnWpZjVlg=\/1440x810\/filters:format(webp):quality(85)\/cloudfront-us-east-1.images.arcpublishing.com\/infobae\/LZWFRSPK7VHK5FDENYBJ4QZ45E.png 1440w\" class=\"\" src=\"https:\/\/www.infobae.com\/new-resizer\/zqZCYMDGx7rdaoPlKTATLio5YfY=\/420x236\/filters:format(webp):quality(85)\/cloudfront-us-east-1.images.arcpublishing.com\/infobae\/LZWFRSPK7VHK5FDENYBJ4QZ45E.png%20420w\" alt=\"Jos\u00e9, junto a sus padres, en la marcha de Corrientes\"><\/p>\n\n\n\n<p>Jos\u00e9, junto a sus padres, en la marcha de Corrientes<\/p>\n\n\n\n<p>Primero, la magistrada fue hasta la casa de&nbsp;<strong>Abundio Escobar<\/strong>, un ambulanciero que el 20 de junio declar\u00f3 ante la justicia de Corrientes.&nbsp;<strong>\u201cEscuch\u00e9 gritos de un nene llamando a la madre\u201d<\/strong>, dijo el hombre ante los fiscales provinciales. Y narr\u00f3 que eso sucedi\u00f3 alrededor de las 18.30 de ese 13 de junio.<\/p>\n\n\n\n<p>Por eso es clave el regreso de las autoridades al lugar y tambi\u00e9n sobre la base de los dichos del ambulanciero que est\u00e1 casado con la directora del Hospital de 9 de julio.<\/p>\n\n\n\n<p>La jueza Pozzer Penzo, junto a una de sus secretarias, acompa\u00f1aba a las fuerzas de seguridad en los\u00a0<strong>rastrillajes<\/strong>\u00a0que se realizan la tarde de este domingo en la localidad de 9 de Julio, tambi\u00e9n en la\u00a0<em>zona cero<\/em>, donde se har\u00e1n planos y fotograf\u00edas del terreno.<\/p>\n\n\n\n<p>Mientras tanto, la causa volvi\u00f3 al secreto de sumario luego de una semana en la que se indag\u00f3 a la mayor\u00eda de los detenidos. Justamente, el ex comisario Maciel fue el \u00faltimo en declarar. Dijo que est\u00e1 \u201cdetenido de forma injusta\u201d y remarc\u00f3 que est\u00e1<strong>&nbsp;\u201cpreparado para ser polic\u00eda, no un preso\u201d.<\/strong><\/p>\n\n\n\n<p>Maciel est\u00e1 apresado junto a siete personas m\u00e1s, acusados de&nbsp;<strong>\u201csustracci\u00f3n y ocultamiento\u201d del menor.&nbsp;<\/strong>La indagatoria que la jueza federal de Goyale tom\u00f3 al jefe policial fue presencial y dur\u00f3 unas cinco horas. En ese tiempo, apunt\u00f3 contra Laudelina y otras actitudes sospechosas por parte del resto de la familia.<\/p>\n\n\n\n<p>\u201cAl entrar al camino vecinal, alrededor de las 16:30,<strong>&nbsp;lo primero que me encuentro es un hombre, que se movilizaba en una motocicleta, sin remera, todo sudado<\/strong>. Me llam\u00f3 poderosamente la atenci\u00f3n\u201d, describi\u00f3 en alusi\u00f3n a Ben\u00edtez, esposo de Laudelina.<\/p>\n\n\n\n<p>Sobre el padre de Loan, revel\u00f3: \u201cPara m\u00ed no estaba normal.\u00a0<strong>Ten\u00eda aliento et\u00edlico.<\/strong>\u00a0Me dice que es Jos\u00e9 Pe\u00f1a. Le pregunto por qu\u00e9 no est\u00e1 buscando a su hijo, a lo que me dice: `Ya va a salir\u2019\u201d.<\/p>\n\n\n\n<p><img loading=\"lazy\" decoding=\"async\" height=\"381\" width=\"678\" srcset=\"https:\/\/www.infobae.com\/new-resizer\/6PL1EUYb01D1kxbSaAPbrtE5g0o=\/420x236\/filters:format(webp):quality(85)\/cloudfront-us-east-1.images.arcpublishing.com\/infobae\/4IJG3B2Z7VE35MOTPCCADGVG4Q.JPG 420w,https:\/\/www.infobae.com\/new-resizer\/aALmpFK6-HRZ3mI8l5CcBLAZm2w=\/768x432\/filters:format(webp):quality(85)\/cloudfront-us-east-1.images.arcpublishing.com\/infobae\/4IJG3B2Z7VE35MOTPCCADGVG4Q.JPG 768w,https:\/\/www.infobae.com\/new-resizer\/lnKbCCXQa4maY0S3fwMgU9W34x0=\/992x558\/filters:format(webp):quality(85)\/cloudfront-us-east-1.images.arcpublishing.com\/infobae\/4IJG3B2Z7VE35MOTPCCADGVG4Q.JPG 992w,https:\/\/www.infobae.com\/new-resizer\/2ewK5iW8aLEocM99opCoHySrJ2w=\/1200x675\/filters:format(webp):quality(85)\/cloudfront-us-east-1.images.arcpublishing.com\/infobae\/4IJG3B2Z7VE35MOTPCCADGVG4Q.JPG 1200w,https:\/\/www.infobae.com\/new-resizer\/7hQMRi_kaHaWV0hX1B4n1eCKdrc=\/1440x810\/filters:format(webp):quality(85)\/cloudfront-us-east-1.images.arcpublishing.com\/infobae\/4IJG3B2Z7VE35MOTPCCADGVG4Q.JPG 1440w\" class=\"\" src=\"https:\/\/www.infobae.com\/new-resizer\/6PL1EUYb01D1kxbSaAPbrtE5g0o=\/420x236\/filters:format(webp):quality(85)\/cloudfront-us-east-1.images.arcpublishing.com\/infobae\/4IJG3B2Z7VE35MOTPCCADGVG4Q.JPG%20420w\" alt=\"Loan Danilo Pe\u00f1a\"><\/p>\n\n\n\n<p>Loan Danilo Pe\u00f1a<\/p>\n\n\n\n<p>Y sostuvo que Laudelina le mencion\u00f3 que Loan se hab\u00eda perdido a las 14:30 y que, cuando se le consult\u00f3 por qu\u00e9 tard\u00f3 tanto en llamar a la Polic\u00eda, agreg\u00f3:\u00a0<strong>\u201cMe puso una excusa de la se\u00f1al o el cr\u00e9dito\u201d<\/strong>.<\/p>\n\n\n\n<p><\/p>\n\n\n\n<p><em>Fuente: Infobae.<\/em><\/p>\n","protected":false},"excerpt":{"rendered":"<p>En la localidad de 9 de Julio, la magistrada Cristina Pozzer Penzo particip\u00f3 de un reconocimiento el lugar donde se vio al nene por \u00faltima vez para hacer fotos y&hellip; <\/p>\n","protected":false},"author":6,"featured_media":154113,"comment_status":"closed","ping_status":"open","sticky":false,"template":"","format":"standard","meta":{"footnotes":""},"categories":[5],"tags":[],"class_list":["post-154109","post","type-post","status-publish","format-standard","has-post-thumbnail","hentry","category-crimen-y-justicia"],"_links":{"self":[{"href":"https:\/\/corrientesdetarde.com\/index.php\/wp-json\/wp\/v2\/posts\/154109","targetHints":{"allow":["GET"]}}],"collection":[{"href":"https:\/\/corrientesdetarde.com\/index.php\/wp-json\/wp\/v2\/posts"}],"about":[{"href":"https:\/\/corrientesdetarde.com\/index.php\/wp-json\/wp\/v2\/types\/post"}],"author":[{"embeddable":true,"href":"https:\/\/corrientesdetarde.com\/index.php\/wp-json\/wp\/v2\/users\/6"}],"replies":[{"embeddable":true,"href":"https:\/\/corrientesdetarde.com\/index.php\/wp-json\/wp\/v2\/comments?post=154109"}],"version-history":[{"count":1,"href":"https:\/\/corrientesdetarde.com\/index.php\/wp-json\/wp\/v2\/posts\/154109\/revisions"}],"predecessor-version":[{"id":154116,"href":"https:\/\/corrientesdetarde.com\/index.php\/wp-json\/wp\/v2\/posts\/154109\/revisions\/154116"}],"wp:featuredmedia":[{"embeddable":true,"href":"https:\/\/corrientesdetarde.com\/index.php\/wp-json\/wp\/v2\/media\/154113"}],"wp:attachment":[{"href":"https:\/\/corrientesdetarde.com\/index.php\/wp-json\/wp\/v2\/media?parent=154109"}],"wp:term":[{"taxonomy":"category","embeddable":true,"href":"https:\/\/corrientesdetarde.com\/index.php\/wp-json\/wp\/v2\/categories?post=154109"},{"taxonomy":"post_tag","embeddable":true,"href":"https:\/\/corrientesdetarde.com\/index.php\/wp-json\/wp\/v2\/tags?post=154109"}],"curies":[{"name":"wp","href":"https:\/\/api.w.org\/{rel}","templated":true}]}}