{"id":154110,"date":"2024-07-21T20:07:07","date_gmt":"2024-07-21T23:07:07","guid":{"rendered":"https:\/\/corrientesdetarde.com\/?p=154110"},"modified":"2024-07-21T20:07:11","modified_gmt":"2024-07-21T23:07:11","slug":"river-homenajeo-a-enzo-fernandez-y-algunos-hinchas-cantaron-una-cancion-polemica","status":"publish","type":"post","link":"https:\/\/corrientesdetarde.com\/index.php\/deportes\/river-homenajeo-a-enzo-fernandez-y-algunos-hinchas-cantaron-una-cancion-polemica\/","title":{"rendered":"River homenaje\u00f3 a Enzo Fern\u00e1ndez y algunos hinchas cantaron una canci\u00f3n pol\u00e9mica."},"content":{"rendered":"\n<h2 class=\"wp-block-heading\">El reciente campe\u00f3n de Am\u00e9rica con la Selecci\u00f3n argentina estuvo presente en la cancha para ver el empate 2-2 ante Lan\u00fas. Los dirigentes le regalaron una camiseta.<\/h2>\n\n\n\n<p><strong>Enzo Fern\u00e1ndez<\/strong>\u00a0fue al estadio Monumental este domingo para ver el\u00a0partido que River finalmente empat\u00f3 2-2 ante Lan\u00fas\u00a0por la sexta fecha de la Liga Profesional. En el entretiempo, el futbolista surgido de las inferiores del club fue homenajeado por los dirigentes y\u00a0<strong>algunos hinchas comenzaron a entonar la canci\u00f3n racista contra Francia<\/strong>\u00a0que en los \u00faltimos d\u00edas gener\u00f3 un esc\u00e1ndalo en el f\u00fatbol internacional.<\/p>\n\n\n\n<p>Ni bien Enzo pis\u00f3 el c\u00e9sped del Monumental, algunos fan\u00e1ticos empezaron a entonar con fuerza el principio de la canci\u00f3n que contiene frases racistas hacia los or\u00edgenes de algunos jugadores de la Selecci\u00f3n de Francia. Tambi\u00e9n tiene partes con contenido homof\u00f3bico dedicado a Kylian Mbapp\u00e9.\u00a0<strong>El video del momento pronto se viraliz\u00f3 en las redes sociales.<\/strong><\/p>\n\n\n\n<p>Enzo Fern\u00e1ndez qued\u00f3 en el ojo de la tormenta despu\u00e9s de los festejos de la Selecci\u00f3n argentina por la consagraci\u00f3n en la Copa Am\u00e9rica de Estados Unidos 2024.\u00a0<strong>El futbolista grab\u00f3 un vivo de Instagram en el cual se pudo escuchar parte de la canci\u00f3n racista<\/strong>, algo que motiv\u00f3 un gran revuelo en el f\u00fatbol internacional.<\/p>\n\n\n\n<p>Varios jugadores del Chelsea denunciaron esta actitud del mediocampista argentino\u00a0y hasta lo dejaron de seguir en las redes sociales. El club ingl\u00e9s, adem\u00e1s, se vio obligado a iniciar una\u00a0investigaci\u00f3n interna\u00a0que podr\u00eda derivar en alg\u00fan tipo de sanci\u00f3n.<\/p>\n\n\n\n<p><\/p>\n","protected":false},"excerpt":{"rendered":"<p>El reciente campe\u00f3n de Am\u00e9rica con la Selecci\u00f3n argentina estuvo presente en la cancha para ver el empate 2-2 ante Lan\u00fas. Los dirigentes le regalaron una camiseta. Enzo Fern\u00e1ndez\u00a0fue al&hellip; <\/p>\n","protected":false},"author":6,"featured_media":154111,"comment_status":"closed","ping_status":"open","sticky":false,"template":"","format":"standard","meta":{"footnotes":""},"categories":[4],"tags":[],"class_list":["post-154110","post","type-post","status-publish","format-standard","has-post-thumbnail","hentry","category-deportes"],"_links":{"self":[{"href":"https:\/\/corrientesdetarde.com\/index.php\/wp-json\/wp\/v2\/posts\/154110","targetHints":{"allow":["GET"]}}],"collection":[{"href":"https:\/\/corrientesdetarde.com\/index.php\/wp-json\/wp\/v2\/posts"}],"about":[{"href":"https:\/\/corrientesdetarde.com\/index.php\/wp-json\/wp\/v2\/types\/post"}],"author":[{"embeddable":true,"href":"https:\/\/corrientesdetarde.com\/index.php\/wp-json\/wp\/v2\/users\/6"}],"replies":[{"embeddable":true,"href":"https:\/\/corrientesdetarde.com\/index.php\/wp-json\/wp\/v2\/comments?post=154110"}],"version-history":[{"count":1,"href":"https:\/\/corrientesdetarde.com\/index.php\/wp-json\/wp\/v2\/posts\/154110\/revisions"}],"predecessor-version":[{"id":154112,"href":"https:\/\/corrientesdetarde.com\/index.php\/wp-json\/wp\/v2\/posts\/154110\/revisions\/154112"}],"wp:featuredmedia":[{"embeddable":true,"href":"https:\/\/corrientesdetarde.com\/index.php\/wp-json\/wp\/v2\/media\/154111"}],"wp:attachment":[{"href":"https:\/\/corrientesdetarde.com\/index.php\/wp-json\/wp\/v2\/media?parent=154110"}],"wp:term":[{"taxonomy":"category","embeddable":true,"href":"https:\/\/corrientesdetarde.com\/index.php\/wp-json\/wp\/v2\/categories?post=154110"},{"taxonomy":"post_tag","embeddable":true,"href":"https:\/\/corrientesdetarde.com\/index.php\/wp-json\/wp\/v2\/tags?post=154110"}],"curies":[{"name":"wp","href":"https:\/\/api.w.org\/{rel}","templated":true}]}}