{"id":154114,"date":"2024-07-21T20:29:02","date_gmt":"2024-07-21T23:29:02","guid":{"rendered":"https:\/\/corrientesdetarde.com\/?p=154114"},"modified":"2024-07-21T20:29:13","modified_gmt":"2024-07-21T23:29:13","slug":"patricia-bullrich-hablo-sobre-la-visita-de-diputados-de-lla-a-astiz-y-otros-represores","status":"publish","type":"post","link":"https:\/\/corrientesdetarde.com\/index.php\/politica\/patricia-bullrich-hablo-sobre-la-visita-de-diputados-de-lla-a-astiz-y-otros-represores\/","title":{"rendered":"Patricia Bullrich habl\u00f3 sobre la visita de diputados de LLA a Astiz y otros represores."},"content":{"rendered":"\n<h2 class=\"wp-block-heading\">La ministra de Seguridad opin\u00f3 que no se posible evaluar \u201ca qu\u00e9 preso se puede ir a ver y a qu\u00e9 preso no\u201d, luego de que seis legisladores oficialistas visitaran a Astiz, Cavallo y Guglielminetti el pasado mi\u00e9rcoles.<\/h2>\n\n\n\n<p>Este domingo por la ma\u00f1ana, la ministra de Seguridad,\u00a0<strong>Patricia Bullrich<\/strong>, se refiri\u00f3 a la visita de diputados de La Libertad Avanza (LLA) &#8211; Beltr\u00e1n Benedit, Lourdes Arrieta, Guillermo Montenegro, Roc\u00edo Bonacci, Alida Ferreyra y Mar\u00eda Fernanda Araujo- al penal Federal de Ezeiza,\u00a0donde mantuvieron un encuentro con\u00a0<strong>Alfredo Astiz<\/strong>,\u00a0<strong>Ricardo Cavallo<\/strong>\u00a0y\u00a0<strong>Ra\u00fal Guglielminetti<\/strong>, represores detenidos por delitos de lesa humanidad cometidos durante la \u00faltima dictadura.<\/p>\n\n\n\n<p>En declaraciones a\u00a0<em>Radio Rivadavia<\/em>, la excandidata a presidenta de Juntos por el Cambio apunt\u00f3 contra el camarista\u00a0<strong>Alejandro Slokar<\/strong>, quien exhort\u00f3 a\u00a0<strong>Daniel Obligado\u00a0<\/strong>-es el juez de ejecuci\u00f3n de las dos condenas a perpetua contra Astiz- a averiguar c\u00f3mo se organiz\u00f3 la reuni\u00f3n y a tomar las medidas que fueran necesarias. \u201cLos diputados piden entrar a las c\u00e1rceles todo el tiempo.\u00a0<strong>Cuando ped\u00edan ir a ver a L\u00e1zaro B\u00e1ez o a [Julio] De Vivo, \u00bfno preguntaban por qu\u00e9?<\/strong>\u00a0Estaban condenados por corrupci\u00f3n. \u00bfPor qu\u00e9 un juez me pregunta por qu\u00e9 entraron a la c\u00e1rcel? Entraron como cualquier persona\u201d, sostuvo y justific\u00f3 la visita de los legisladores de LLA.<\/p>\n\n\n\n<p>\u201cYo estoy a cargo del sistema. No quiero evaluar a qu\u00e9 preso podes ir a ver y a qu\u00e9 preso no pod\u00e9s ir a ver. A mi me parece que lo que estamos viviendo en la Argentina es una obstrucci\u00f3n de libertad.&nbsp;<strong>Si hay alguien que considera que tiene que ir a ver a un detenido porque ese detenido form\u00f3 parte de lo que ellos consideran un momento tr\u00e1gico de la Argentina, bueno, lo puede ir a ver\u201d<\/strong>, sum\u00f3 la titular de la cartera de Seguridad a continuaci\u00f3n.<\/p>\n\n\n\n<p>Y complet\u00f3: \u201c<strong>Para m\u00ed, todos los detenidos pueden recibir cualquier visita dentro del marco de la ley.&nbsp;<\/strong>Pero me sorprende que un juez pregunte por eso y cuando entran organismos de derechos sociales a ver asesinos seriales. Vamos con la misma vara para todos. Estas son decisiones personales. No son decisiones org\u00e1nicas, de un bloque. Cada uno se tiene que hacer cargo de lo que hace. Lo \u00fanico con lo que estoy de acuerdo es con visitas al r\u00e9gimen de m\u00e1xima seguridad\u201d.<\/p>\n\n\n\n<p>Los diputados libertarios\u00a0se reunieron con represores detenidos\u00a0por delitos de lesa humanidad cometidos durante la \u00faltima dictadura militar.\u00a0<strong>\u201cFuimos a ver a excombatientes que libraron batallas contra la subversi\u00f3n marxista por orden de un gobierno constitucional\u201d, explic\u00f3 Benedit, el organizador del evento, a trav\u00e9s de un mensaje de WhatsApp que se viraliz\u00f3 en las redes sociales.<\/strong><\/p>\n\n\n\n<p>El mensaje telef\u00f3nico de Benedit contiene, adem\u00e1s, una suerte de autocuestionario que defiende a los detenidos, niega los cr\u00edmenes probados por la Justicia y rechaza algunos consensos b\u00e1sicos alcanzados en democracia. \u201c\u00bfQu\u00e9 edad ten\u00edan estos presos al momento que se le inventan los cargos? Entre 19 y 23 a\u00f1os. \u00bfLos cargos han sido probados? No, muchos son inventados\u201d, se\u00f1ala uno de los fragmentos. Y subraya: \u201cVamos a hacer un escrito que dir\u00e1 que no se cumplen los derechos humanos porque quienes fueron parte (terroristas) hoy se erigen en jueces y fallan en funci\u00f3n de la venganza, la ideolog\u00eda y el negocio\u201d.<\/p>\n\n\n\n<p>A\u00f1adi\u00f3 Benedit: \u201c\u00bfLes duele la visita humanitaria? S\u00ed. \u00bfLas Fuerzas Armadas vencieron al terrorismo marxista por las armas? S\u00ed\u201d, contin\u00faa Benedit, que suma al presidente Javier Milei a su posicionamiento. \u201c\u00bfEl Presidente combate en la pol\u00edtica esta ideolog\u00eda? S\u00ed. \u00bfCu\u00e1l es su \u00faltima guarida? \u00bfEl Poder Judicial? S\u00ed. \u00bfLos vamos a combatir? S\u00ed. \u00bfC\u00f3mo? Denunciando p\u00fablicamente a los jueces que armaron y fallaron a favor de esta farsa. \u00bfC\u00f3mo? En el Consejo de la Magistratura?\u201d.<\/p>\n\n\n\n<figure class=\"wp-block-image\"><img decoding=\"async\" src=\"https:\/\/resizer.glanacion.com\/resizer\/v2\/la-ministra-de-seguridad-patricia-bullrich-MZLVMI7UQRAVRIHMVZU55DOLAA.jpg?auth=ba6d406f4c7881b570124907ac9f78b9a108148260a3123137034a1b4506b3aa&amp;width=420&amp;height=280&amp;quality=70&amp;smart=true\" alt=\"La Ministra de Seguridad,\u00a0Patricia Bullrich, presenta\u00a0el proyecto\u00a0Juicio en Ausencia, que permitir\u00eda juzgar a los iran\u00edes involucrados en el atentado a la AMIA. Participa el ministro de Justicia, Mariano C\u00faneo Libarona.\"\/><figcaption class=\"wp-element-caption\">La Ministra de Seguridad,&nbsp;Patricia Bullrich, presenta&nbsp;el proyecto&nbsp;Juicio en Ausencia, que permitir\u00eda juzgar a los iran\u00edes involucrados en el atentado a la AMIA. Participa el ministro de Justicia, Mariano C\u00faneo Libarona.Santiago Filipuzzi<\/figcaption><\/figure>\n\n\n\n<p>Luego, en otra entrevista, en Radio Mitre, en medio de la fuerte interna que atraviesa el Pro,&nbsp;<strong>Bullrich habl\u00f3 tambi\u00e9n de la postura de los dirigentes del partido&nbsp;<\/strong>con relaci\u00f3n a la gesti\u00f3n mile\u00edsta y consider\u00f3 que la discusi\u00f3n est\u00e1 \u201cmal planteada\u201d: \u201cSer parte del Gobierno no significa tener o no funcionarios, sino compartir las l\u00edneas estrat\u00e9gicas que llevan adelante.&nbsp;<strong>En la Argentina el debate no es Pro o radicalismo, es si vas a apoyar al Gobierno porque crees que est\u00e1n llevando a cabo las reformas que se necesitan<\/strong>\u201d.<\/p>\n\n\n\n<p>Durante la entrevista, Bullrich asegur\u00f3 que es momento de \u201ctirar el carro, apoyar y comprometerse\u201d, y que cientos de funcionarios afiliados al Pro \u201cest\u00e1n tirando de ese carro\u201d. \u201cEs algo esencial, de d\u00f3nde est\u00e1s parado. Estamos parados del lado del Gobierno; hay gente del Pro y radicales que quieren que salga adelante\u201d, marc\u00f3 y sum\u00f3: \u201c<mark>Estamos del lado del oficialismo;&nbsp;<strong>ser oposici\u00f3n es estar del lado del kirchnerismo<\/strong><\/mark>, de los que generan incomodidades, traban leyes y no permiten avanzar. Nosotros vamos a avanzar igual con las herramientas que tenemos\u201d.<\/p>\n\n\n\n<p>De esta forma resalt\u00f3 que el mapa pol\u00edtico del pa\u00eds est\u00e1 dividido entre \u201clos que apoyan al cambio y los que est\u00e1n reticentes porque defienden sus intereses personales\u201d. \u201cEsa es la divisi\u00f3n,&nbsp;<strong>o est\u00e1s con el Gobierno apoyando al cambio o les neg\u00e1s el apoyo<\/strong>\u201d, determin\u00f3.<\/p>\n\n\n\n<figure class=\"wp-block-image\"><img decoding=\"async\" src=\"https:\/\/resizer.glanacion.com\/resizer\/v2\/patricia-bullrich-destaco-el-rol-de-los-XBSHCHHFZJAXTA6XGD6KJ46JVE.JPG?auth=835a3e7cb433ad70241bcddbf5f62bf001d6971774758b2038419bbf1cb2e8b6&amp;width=420&amp;height=281&amp;quality=70&amp;smart=true\" alt=\"Patricia Bullrich destac\u00f3 el rol de los funcionarios del Pro en el Gobierno.\"\/><figcaption class=\"wp-element-caption\">Patricia Bullrich destac\u00f3 el rol de los funcionarios del Pro en el Gobierno.Ricardo Pristupluk<\/figcaption><\/figure>\n\n\n\n<p>Y subray\u00f3: \u201cEn este momento,<strong>&nbsp;la l\u00ednea divisoria es sos oposici\u00f3n o sos oficialismo<\/strong>. Oficialismo es apoyar los cambios que se llevan adelante y, en el marco de esta realidad, hay cientos de funcionarios afiliados al Pro que est\u00e1n en La Libertad Avanza (LLA). No hay tantos funcionarios de la gesti\u00f3n anterior, a m\u00ed me parece que una cosa es el funcionario de l\u00ednea que viene de carrera y otra el que toma decisiones. Los funcionarios que son convocados son aquellos que se cree que tienen condiciones para el lugar en donde tienen que estar.&nbsp;<strong>Yo tengo contados 200 funcionarios de Pro en el Gobierno<\/strong>\u201d.<\/p>\n\n\n\n<p>Sobre el rol de Pro en en la gesti\u00f3n de Javier Milei, asegur\u00f3 que ve a muchos funcionarios \u201cinvolucrados\u201d y destac\u00f3 la aprobaci\u00f3n de normativas como la Ley Bases y el paquete fiscal. \u201cLa discusi\u00f3n reglamentaria sobre si vas a perder o no identidad no es trascendente. La identidad es la lucha por las ideas; y las ideas que hoy abraza el pueblo argentino y los votantes de Pro son las que se est\u00e1n llevando adelante, y eso uno lo puede ver todos los d\u00edas\u201d, apunt\u00f3 y alert\u00f3: \u201c<strong>No hay uno de nuestros votantes que quiera volver a [Sergio] Massa<\/strong>, le tienen p\u00e1nico a eso. Con esfuerzo, todos est\u00e1n apoyando. Eso es lo interesante y lo importante.&nbsp;<strong>Hay miles de decisiones que cortan con un pasado que nos llev\u00f3 al desastre<\/strong>\u201d.<\/p>\n\n\n\n<p>Al mismo tiempo, destac\u00f3 un \u201ccambio paradigm\u00e1tico y profundo\u201d y lo aline\u00f3 con la asunci\u00f3n de Milei al Ejecutivo. Tambi\u00e9n se refiri\u00f3 a la situaci\u00f3n que dej\u00f3 la gesti\u00f3n del expresidente Alberto Fern\u00e1ndez. \u201cLa Argentina ven\u00eda en cuesta abajo terrible, en una situaci\u00f3n de angustia colectiva que se sent\u00eda en todos lados y en donde la gente no ten\u00eda esperanzas de salir adelante. En ese marco,&nbsp;<strong>logramos revertir esa angustia social profunda por esperanza<\/strong>. La palabra m\u00e1s importante para entender a la Argentina ahora es esperanza, es muy importante para todos y es un verdadero momento de celebraci\u00f3n\u201d, remarc\u00f3.<\/p>\n\n\n\n<figure class=\"wp-block-image\"><img decoding=\"async\" src=\"https:\/\/resizer.glanacion.com\/resizer\/v2\/segundo-encuentro-del-grupo-libertad-y-democracia-OWIXKB5MQJEGXNKF4ZNFR7DKV4.JPG?auth=ed1a134c1b6a612a1c4478ce049c76802c5e3d6ace295f900de6c989dfc3404a&amp;width=420&amp;height=280&amp;quality=70&amp;smart=true\" alt=\"La ministra Bullrich y el expresidente Mauricio Macri.\"\/><figcaption class=\"wp-element-caption\">La ministra Bullrich y el expresidente Mauricio Macri.Ricardo Pristupluk<\/figcaption><\/figure>\n\n\n\n<p>Los dichos de la funcionaria se dan pocos d\u00edas despu\u00e9s de que el presidente de la Asamblea del Pro,\u00a0<strong>Mart\u00edn Yeza<\/strong>, cuestionara la actitud rupturista de Bullrich y la definiera<strong>\u00a0como una persona \u201cingrata y desagradecida\u201d<\/strong>\u00a0con el espacio pol\u00edtico que en las \u00faltimas elecciones la llev\u00f3 como candidata a la presidencia. \u201cPara una organizaci\u00f3n que le dio tanto como es el Pro, que la puso en un lugar donde ella antes no hab\u00eda estado. Fue nuestra presidenta, fue nuestra candidata a presidenta, llevamos su boleta, entonces ah\u00ed es donde pienso que hay algo no solo de desagradecimiento, hay algo como de ingratitud que no me gusta\u201d, afirm\u00f3 durante su participaci\u00f3n en\u00a0<em>+Entrevistas<\/em>, el programa que conduce Luis Novaresio por\u00a0<em>LN+<\/em>.<\/p>\n\n\n\n<p>En ese sentido, consider\u00f3 que la funcionaria de Javier Milei fue ingrata \u201ccon mucha gente\u201d. \u201cCreo que eso no se hace\u201d, agreg\u00f3 y cont\u00f3 que si la tuviera enfrente le dir\u00eda \u201cPato, dejate de joder\u201d. \u201cHagamos las cosas normales, no hace falta hacer eso. Sos una buena ministra de Seguridad, no hace falta tratar de romper un lugar que te dio tanto y que adem\u00e1s es necesario para que al Gobierno le vaya bien\u201d, evalu\u00f3.<\/p>\n\n\n\n<p><\/p>\n\n\n\n<p><em>Fuente: La Naci\u00f3n.<\/em><\/p>\n","protected":false},"excerpt":{"rendered":"<p>La ministra de Seguridad opin\u00f3 que no se posible evaluar \u201ca qu\u00e9 preso se puede ir a ver y a qu\u00e9 preso no\u201d, luego de que seis legisladores oficialistas visitaran&hellip; <\/p>\n","protected":false},"author":6,"featured_media":154117,"comment_status":"closed","ping_status":"open","sticky":false,"template":"","format":"standard","meta":{"footnotes":""},"categories":[3],"tags":[],"class_list":["post-154114","post","type-post","status-publish","format-standard","has-post-thumbnail","hentry","category-politica"],"_links":{"self":[{"href":"https:\/\/corrientesdetarde.com\/index.php\/wp-json\/wp\/v2\/posts\/154114","targetHints":{"allow":["GET"]}}],"collection":[{"href":"https:\/\/corrientesdetarde.com\/index.php\/wp-json\/wp\/v2\/posts"}],"about":[{"href":"https:\/\/corrientesdetarde.com\/index.php\/wp-json\/wp\/v2\/types\/post"}],"author":[{"embeddable":true,"href":"https:\/\/corrientesdetarde.com\/index.php\/wp-json\/wp\/v2\/users\/6"}],"replies":[{"embeddable":true,"href":"https:\/\/corrientesdetarde.com\/index.php\/wp-json\/wp\/v2\/comments?post=154114"}],"version-history":[{"count":1,"href":"https:\/\/corrientesdetarde.com\/index.php\/wp-json\/wp\/v2\/posts\/154114\/revisions"}],"predecessor-version":[{"id":154118,"href":"https:\/\/corrientesdetarde.com\/index.php\/wp-json\/wp\/v2\/posts\/154114\/revisions\/154118"}],"wp:featuredmedia":[{"embeddable":true,"href":"https:\/\/corrientesdetarde.com\/index.php\/wp-json\/wp\/v2\/media\/154117"}],"wp:attachment":[{"href":"https:\/\/corrientesdetarde.com\/index.php\/wp-json\/wp\/v2\/media?parent=154114"}],"wp:term":[{"taxonomy":"category","embeddable":true,"href":"https:\/\/corrientesdetarde.com\/index.php\/wp-json\/wp\/v2\/categories?post=154114"},{"taxonomy":"post_tag","embeddable":true,"href":"https:\/\/corrientesdetarde.com\/index.php\/wp-json\/wp\/v2\/tags?post=154114"}],"curies":[{"name":"wp","href":"https:\/\/api.w.org\/{rel}","templated":true}]}}