{"id":154122,"date":"2024-07-21T20:35:19","date_gmt":"2024-07-21T23:35:19","guid":{"rendered":"https:\/\/corrientesdetarde.com\/?p=154122"},"modified":"2024-07-21T20:35:31","modified_gmt":"2024-07-21T23:35:31","slug":"valdes-recorrio-las-obras-de-construccion-del-nuevo-edificio-del-hospital-pediatrico-2","status":"publish","type":"post","link":"https:\/\/corrientesdetarde.com\/index.php\/politica\/valdes-recorrio-las-obras-de-construccion-del-nuevo-edificio-del-hospital-pediatrico-2\/","title":{"rendered":"Vald\u00e9s recorri\u00f3 las obras de construcci\u00f3n del nuevo edificio del Hospital Pedi\u00e1trico."},"content":{"rendered":"\n<p>En el marco del fortalecimiento de la salud p\u00fablica en la Provincia, el gobernador Gustavo Vald\u00e9s recorri\u00f3 este viernes los trabajos de construcci\u00f3n que se llevan adelante para el nuevo edificio del Hospital Pedi\u00e1trico &#8220;Juan Pablo II&#8221; de la ciudad de Corrientes, que se encuentran en la \u00faltima etapa de la obra. De esta manera se ampliar\u00e1 los sectores de emergencia, rehabilitaci\u00f3n e internaci\u00f3n.<\/p>\n\n\n\n<p>&#8220;Las mejoras permitir\u00e1n ofrecer una atenci\u00f3n \u00f3ptima a los ni\u00f1os, con instalaciones m\u00e1s modernas y equipadas&#8221;, remarc\u00f3 el primer Mandatario al respecto. A lo que agreg\u00f3 que &#8220;la ampliaci\u00f3n de estos tres servicios es fundamental para atender las necesidades de la comunidad, garantizando un mejor cuidado y recuperaci\u00f3n de nuestros peque\u00f1os pacientes&#8221;.<\/p>\n\n\n\n<p>El Gobernador se encontraba acompa\u00f1ado por el ministro de Obras y Servicios P\u00fablicos de la Provincia, Claudio Polich; adem\u00e1s de funcionarios de la cartera sanitaria y de la instituci\u00f3n.<\/p>\n\n\n\n<p><\/p>\n\n\n\n<p><\/p>\n","protected":false},"excerpt":{"rendered":"<p>En el marco del fortalecimiento de la salud p\u00fablica en la Provincia, el gobernador Gustavo Vald\u00e9s recorri\u00f3 este viernes los trabajos de construcci\u00f3n que se llevan adelante para el nuevo&hellip; <\/p>\n","protected":false},"author":6,"featured_media":154123,"comment_status":"closed","ping_status":"open","sticky":false,"template":"","format":"standard","meta":{"footnotes":""},"categories":[3],"tags":[],"class_list":["post-154122","post","type-post","status-publish","format-standard","has-post-thumbnail","hentry","category-politica"],"_links":{"self":[{"href":"https:\/\/corrientesdetarde.com\/index.php\/wp-json\/wp\/v2\/posts\/154122","targetHints":{"allow":["GET"]}}],"collection":[{"href":"https:\/\/corrientesdetarde.com\/index.php\/wp-json\/wp\/v2\/posts"}],"about":[{"href":"https:\/\/corrientesdetarde.com\/index.php\/wp-json\/wp\/v2\/types\/post"}],"author":[{"embeddable":true,"href":"https:\/\/corrientesdetarde.com\/index.php\/wp-json\/wp\/v2\/users\/6"}],"replies":[{"embeddable":true,"href":"https:\/\/corrientesdetarde.com\/index.php\/wp-json\/wp\/v2\/comments?post=154122"}],"version-history":[{"count":1,"href":"https:\/\/corrientesdetarde.com\/index.php\/wp-json\/wp\/v2\/posts\/154122\/revisions"}],"predecessor-version":[{"id":154124,"href":"https:\/\/corrientesdetarde.com\/index.php\/wp-json\/wp\/v2\/posts\/154122\/revisions\/154124"}],"wp:featuredmedia":[{"embeddable":true,"href":"https:\/\/corrientesdetarde.com\/index.php\/wp-json\/wp\/v2\/media\/154123"}],"wp:attachment":[{"href":"https:\/\/corrientesdetarde.com\/index.php\/wp-json\/wp\/v2\/media?parent=154122"}],"wp:term":[{"taxonomy":"category","embeddable":true,"href":"https:\/\/corrientesdetarde.com\/index.php\/wp-json\/wp\/v2\/categories?post=154122"},{"taxonomy":"post_tag","embeddable":true,"href":"https:\/\/corrientesdetarde.com\/index.php\/wp-json\/wp\/v2\/tags?post=154122"}],"curies":[{"name":"wp","href":"https:\/\/api.w.org\/{rel}","templated":true}]}}