{"id":154517,"date":"2024-07-23T12:16:52","date_gmt":"2024-07-23T15:16:52","guid":{"rendered":"https:\/\/corrientesdetarde.com\/?p=154517"},"modified":"2024-07-23T12:16:56","modified_gmt":"2024-07-23T15:16:56","slug":"corrupcion-en-los-subsidios-por-invalidez-laboral","status":"publish","type":"post","link":"https:\/\/corrientesdetarde.com\/index.php\/politica\/corrupcion-en-los-subsidios-por-invalidez-laboral\/","title":{"rendered":"Corrupci\u00f3n en los subsidios por invalidez laboral."},"content":{"rendered":"\n<h2 class=\"wp-block-heading\">El sistema podr\u00eda mejorar revaluando las 350 juntas de discapacidad que hay en todo el pa\u00eds, donde un cuerpo interdisciplinario eval\u00faa la carencia y p\u00e9rdida de habilidades del supuesto beneficiario.<\/h2>\n\n\n\n<p>En 2019 hice el tedioso ejercicio de revisar el Presupuesto nacional y contar la cantidad de\u00a0beneficiarios de los diferentes planes sociales, m\u00e1s jubilaciones y pensiones, recib\u00edan dinero del Estado. En ese momento detect\u00e9 que 19 millones de personas todos los meses recib\u00edan un pago de la Administraci\u00f3n p\u00fablica. Una cantidad imposible de sostener por parte de quienes trabajan en el sector formal de la econom\u00eda con el pago de sus impuestos.<\/p>\n\n\n\n<p>Con el tiempo, la Oficina de Presupuesto del Congreso public\u00f3 un trabajo en que entre 2008 y 2021 solo la cantidad de beneficiarios de planes sociales hab\u00edan pasado de 6,75 millones de personas a 16 millones.<\/p>\n\n\n\n<p>En este caso no se cuentan ni los empleados p\u00fablicos, ni los jubilados ni las pensiones, franja en la que en la presidencia de&nbsp;<strong>Cristina Fern\u00e1ndez de Kirchner<\/strong>&nbsp;ingresaron \u201cpor la ventana\u201d 3,5 millones de beneficiarios, porque nunca hab\u00edan aportado, y con eso se agrav\u00f3 el sostenimiento del sistema previsional, y en particular los ingresos de quienes aportaron.<\/p>\n\n\n\n<p>As\u00ed, se llega a un cuadro donde predominan la gente que vive del trabajo ajeno, y se destruy\u00f3 la cultura del trabajo, dando lugar al \u201cgran negocio de la pobreza\u201d, que comenz\u00f3 a salir a la luz en los \u00faltimos d\u00edas con los mal llamados Movimientos Sociales.<\/p>\n\n\n\n<p><img loading=\"lazy\" decoding=\"async\" alt=\"Al revisar la Gu\u00eda de Programas Sociales 2023 detecto que, solo a nivel nacional, hay 202 planes repartidos entre ministerios y diferentes organismos p\u00fablicos, sin computar los que est\u00e1n en cabeza de provincias y municipios\" height=\"1509\" width=\"1920\" class=\"\" src=\"https:\/\/www.infobae.com\/new-resizer\/mU4sH5i4bCU-d9pGuYaXkrMavSI=\/420x315\/filters:format(webp):quality(85)\/cloudfront-us-east-1.images.arcpublishing.com\/infobae\/ICOXACLK6NG7JHKKORHITIKOCM.jpg%20420w\" srcset=\"https:\/\/www.infobae.com\/new-resizer\/mU4sH5i4bCU-d9pGuYaXkrMavSI=\/420x315\/filters:format(webp):quality(85)\/cloudfront-us-east-1.images.arcpublishing.com\/infobae\/ICOXACLK6NG7JHKKORHITIKOCM.jpg 420w,https:\/\/www.infobae.com\/new-resizer\/07dlqNhw2oDnXHEibNihNZrCCSo=\/768x576\/filters:format(webp):quality(85)\/cloudfront-us-east-1.images.arcpublishing.com\/infobae\/ICOXACLK6NG7JHKKORHITIKOCM.jpg 768w,https:\/\/www.infobae.com\/new-resizer\/TaO3vgejX_Vku6Uxz4NjX0xTd6w=\/992x744\/filters:format(webp):quality(85)\/cloudfront-us-east-1.images.arcpublishing.com\/infobae\/ICOXACLK6NG7JHKKORHITIKOCM.jpg 992w,https:\/\/www.infobae.com\/new-resizer\/AwTp2jjCIse7J-4L4bEB0WmHbv4=\/1200x900\/filters:format(webp):quality(85)\/cloudfront-us-east-1.images.arcpublishing.com\/infobae\/ICOXACLK6NG7JHKKORHITIKOCM.jpg 1200w,https:\/\/www.infobae.com\/new-resizer\/CxF2Gem4bR7-QgIyZVQKNUs7rZo=\/1440x1080\/filters:format(webp):quality(85)\/cloudfront-us-east-1.images.arcpublishing.com\/infobae\/ICOXACLK6NG7JHKKORHITIKOCM.jpg 1440w\">Al revisar la Gu\u00eda de Programas Sociales 2023 detecto que, solo a nivel nacional, hay 202 planes repartidos entre ministerios y diferentes organismos p\u00fablicos, sin computar los que est\u00e1n en cabeza de provincias y municipios<\/p>\n\n\n\n<p>Y al revisar la Gu\u00eda de Programas Sociales 2023 detecto que, solo a nivel nacional, hay 202 planes repartidos entre ministerios y diferentes organismos p\u00fablicos, sin computar los que est\u00e1n en cabeza de provincias y municipios.<\/p>\n\n\n\n<p>Uno de los \u201cprogramas sociales\u201d que sigo desde 2017 con cierta profundidad son las llamadas pensiones por invalidez laboral, sobre el cual est\u00e1 trabajando el ministro de Transformaci\u00f3n y Reforma del Estado,\u00a0<strong>Federico Sturzenegger<\/strong>, seg\u00fan he visto en los medios de comunicaci\u00f3n.<\/p>\n\n\n\n<p>Para que el lector comprenda del despilfarro de fondos en este plan de pensiones por invalidez laboral basta observar la evoluci\u00f3n de los beneficiarios desde 1999 hasta 2024, seg\u00fan el \u00faltimo Presupuesto de Gastos y Recursos, sin que se hayan registrado guerras ni cat\u00e1strofes, ni tsunami o terremoto que los hayan provocado: pasaron de 72.156 personas a 1.227.290 beneficiarios, lleg\u00f3 a representar el equivalente a 1,1% del PBI.<\/p>\n\n\n\n<p><img loading=\"lazy\" decoding=\"async\" alt=\"Seg\u00fan el \u00faltimo Presupuesto de Gastos y Recursos, sin que se hayan registrado guerras ni cat\u00e1strofes, ni tsunami o terremoto que los hayan provocado las pensiones por invalidez pasaron de 72.156 personas a 1.227.290 beneficiarios, lleg\u00f3 a representar el equivalente a 1,1% del PBI\" height=\"1419\" width=\"1920\" class=\"\" src=\"https:\/\/www.infobae.com\/new-resizer\/hjAS5oQEoEyVrAxEdmTTEIRWC5o=\/420x315\/filters:format(webp):quality(85)\/cloudfront-us-east-1.images.arcpublishing.com\/infobae\/TAZN27NWT5F63G2RQIILYAZQSU.jpg%20420w\" srcset=\"https:\/\/www.infobae.com\/new-resizer\/hjAS5oQEoEyVrAxEdmTTEIRWC5o=\/420x315\/filters:format(webp):quality(85)\/cloudfront-us-east-1.images.arcpublishing.com\/infobae\/TAZN27NWT5F63G2RQIILYAZQSU.jpg 420w,https:\/\/www.infobae.com\/new-resizer\/2nMS-wJZZQwWdMkztoIoPnEeoJ8=\/768x576\/filters:format(webp):quality(85)\/cloudfront-us-east-1.images.arcpublishing.com\/infobae\/TAZN27NWT5F63G2RQIILYAZQSU.jpg 768w,https:\/\/www.infobae.com\/new-resizer\/H3y6bb98kIQ_mbZgvdWsNGlI68o=\/992x744\/filters:format(webp):quality(85)\/cloudfront-us-east-1.images.arcpublishing.com\/infobae\/TAZN27NWT5F63G2RQIILYAZQSU.jpg 992w,https:\/\/www.infobae.com\/new-resizer\/8OwaLPZE-pbIBK9Ba1nAx19CsV0=\/1200x900\/filters:format(webp):quality(85)\/cloudfront-us-east-1.images.arcpublishing.com\/infobae\/TAZN27NWT5F63G2RQIILYAZQSU.jpg 1200w,https:\/\/www.infobae.com\/new-resizer\/uIuFJchKmW8vafiPZA6ehXDoFJE=\/1440x1080\/filters:format(webp):quality(85)\/cloudfront-us-east-1.images.arcpublishing.com\/infobae\/TAZN27NWT5F63G2RQIILYAZQSU.jpg 1440w\">Seg\u00fan el \u00faltimo Presupuesto de Gastos y Recursos, sin que se hayan registrado guerras ni cat\u00e1strofes, ni tsunami o terremoto que los hayan provocado las pensiones por invalidez pasaron de 72.156 personas a 1.227.290 beneficiarios, lleg\u00f3 a representar el equivalente a 1,1% del PBI<\/p>\n\n\n\n<p>En la II Guerra Mundial participaron 12,2 millones de soldados de EE.UU., de los cuales murieron 407.000 y fueron heridos 671.000. \u00bfY nos quieren hacer creer que en la Argentina sin un episodio de esa naturaleza se generaron en un cuarto de siglo 1.063.000 inv\u00e1lidos laborales? Los \u00fanicos da\u00f1os de guerra que tuvo la Argentina fueron los del populismo y la corrupci\u00f3n.<\/p>\n\n\n\n<p>Semejante salto, se explica, fundamentalmente por el gran negocio en que punteros pol\u00edticos y m\u00e9dicos acordaban para juntar gente en los pueblos y otorgar pensiones por invalidez laboral, por el que recib\u00edan un monto fijo por certificado por invalidez laboral.<\/p>\n\n\n\n<p>\u00bfEs cierto que ATE maneja miles de estos planes y tiene financiamiento v\u00eda pensiones por invalidez laboral? Es una pregunta que se hacen muchos y que tal vez debiera investigar el gobierno.<\/p>\n\n\n\n<h2 class=\"wp-block-heading\">Mejorar el sistema<\/h2>\n\n\n\n<p>El sistema podr\u00eda mejorar revaluando las 350 juntas de discapacidad que hay en todo el pa\u00eds, donde un cuerpo interdisciplinario eval\u00faa la carencia y p\u00e9rdida de habilidades del supuesto beneficiario.<\/p>\n\n\n\n<p>Y luego chequear que se cumpla con la segunda condici\u00f3n para recibir un beneficio del Estado, ser indigente, v\u00eda el Sistema de Identificaci\u00f3n Nacional Tributario y Social (Sintys), que puede detectar la propiedad de una moto \u00faltimo modelo, una autom\u00f3vil 4x4o, una vivienda escriturada; etc.<\/p>\n\n\n\n<p>Los recursos para poder limpiar este antro de corrupci\u00f3n est\u00e1n. Es cuesti\u00f3n de voluntad pol\u00edtica.<\/p>\n\n\n\n<p>El gobierno de Cambiemos intent\u00f3 hacerlo, pero r\u00e1pidamente abandon\u00f3 ese objetivo cuando no pudo dominar la movilizaci\u00f3n en la calle y salieron dos o tres notas en los medios que describ\u00edan un cuadro de supuesta \u201cbarbaridad como dejaban indefensa a la gente con incapacidad\u201d, sin prueba alguna.<\/p>\n\n\n\n<p>Naturalmente, hay casos probados de invalidez laboral, pero son los menos, al punto que cuando se empezaron a dar de baja 30.000 planes por mes porque se comprobaba que no eran beneficiarios genuino, surgieron movilizaciones en la Avenida 9 de Julio y el gobierno de entonces fren\u00f3 ese plan de ajuste.<\/p>\n\n\n\n<p>Seg\u00fan el Presupuesto 2024, se paut\u00f3 para el a\u00f1o una partida de $1,6 billones para pensiones por invalidez laboral, es decir, unos USD 1.100 millones, con un promedio mensual de $108.000 por beneficiario. Este n\u00famero multiplicado por familias enteras que figuran con pensiones por invalidez laboral se transforma en una forma de vida sin trabajar y a costa del contribuyente.<\/p>\n\n\n\n<p>El gobierno de La Libertad Avanza tiene aqu\u00ed un largo trabajo para limpiar corrupci\u00f3n y bajar el gasto p\u00fablico. Es de desear que en esta oportunidad no se d\u00e9 marcha atr\u00e1s como ocurri\u00f3 en 2017 y, por supuesto, rever los 202 programas \u201csociales\u201d, muchos de los cuales se sospecha son fuentes de corrupci\u00f3n.<\/p>\n\n\n\n<p>Bajo el \u201crelato\u201d de la solidaridad social, en Argentina el populismo K no solo destruy\u00f3 la cultura del trabajo, sino que, adem\u00e1s, cre\u00f3 grandes bolsones de corrupci\u00f3n y formas de captar votos.<\/p>\n\n\n\n<p>Qu\u00e9 no nos corran con la sensibilidad social. Ac\u00e1 hay un negociado de corrupci\u00f3n pol\u00edtica que el nuevo gobierno debe terminar como primer escarmiento con la falsa pr\u00e9dica de pol\u00edticos sensibles y economistas malos.<\/p>\n\n\n\n<p><em>Fuente: Infobae.<\/em><\/p>\n\n\n\n<p><a href=\"https:\/\/www.infobae.com\/opinion\/2024\/07\/23\/goyo-hay-uno-solo\/\" target=\"_blank\" rel=\"noreferrer noopener\"><\/a><\/p>\n","protected":false},"excerpt":{"rendered":"<p>El sistema podr\u00eda mejorar revaluando las 350 juntas de discapacidad que hay en todo el pa\u00eds, donde un cuerpo interdisciplinario eval\u00faa la carencia y p\u00e9rdida de habilidades del supuesto beneficiario.&hellip; <\/p>\n","protected":false},"author":6,"featured_media":154519,"comment_status":"closed","ping_status":"open","sticky":false,"template":"","format":"standard","meta":{"footnotes":""},"categories":[3],"tags":[],"class_list":["post-154517","post","type-post","status-publish","format-standard","has-post-thumbnail","hentry","category-politica"],"_links":{"self":[{"href":"https:\/\/corrientesdetarde.com\/index.php\/wp-json\/wp\/v2\/posts\/154517","targetHints":{"allow":["GET"]}}],"collection":[{"href":"https:\/\/corrientesdetarde.com\/index.php\/wp-json\/wp\/v2\/posts"}],"about":[{"href":"https:\/\/corrientesdetarde.com\/index.php\/wp-json\/wp\/v2\/types\/post"}],"author":[{"embeddable":true,"href":"https:\/\/corrientesdetarde.com\/index.php\/wp-json\/wp\/v2\/users\/6"}],"replies":[{"embeddable":true,"href":"https:\/\/corrientesdetarde.com\/index.php\/wp-json\/wp\/v2\/comments?post=154517"}],"version-history":[{"count":1,"href":"https:\/\/corrientesdetarde.com\/index.php\/wp-json\/wp\/v2\/posts\/154517\/revisions"}],"predecessor-version":[{"id":154520,"href":"https:\/\/corrientesdetarde.com\/index.php\/wp-json\/wp\/v2\/posts\/154517\/revisions\/154520"}],"wp:featuredmedia":[{"embeddable":true,"href":"https:\/\/corrientesdetarde.com\/index.php\/wp-json\/wp\/v2\/media\/154519"}],"wp:attachment":[{"href":"https:\/\/corrientesdetarde.com\/index.php\/wp-json\/wp\/v2\/media?parent=154517"}],"wp:term":[{"taxonomy":"category","embeddable":true,"href":"https:\/\/corrientesdetarde.com\/index.php\/wp-json\/wp\/v2\/categories?post=154517"},{"taxonomy":"post_tag","embeddable":true,"href":"https:\/\/corrientesdetarde.com\/index.php\/wp-json\/wp\/v2\/tags?post=154517"}],"curies":[{"name":"wp","href":"https:\/\/api.w.org\/{rel}","templated":true}]}}