{"id":154521,"date":"2024-07-23T12:36:02","date_gmt":"2024-07-23T15:36:02","guid":{"rendered":"https:\/\/corrientesdetarde.com\/?p=154521"},"modified":"2024-07-23T12:36:07","modified_gmt":"2024-07-23T15:36:07","slug":"andy-murray-hizo-un-importante-anuncio-en-la-previa-de-los-juegos-olimpicos","status":"publish","type":"post","link":"https:\/\/corrientesdetarde.com\/index.php\/deportes\/andy-murray-hizo-un-importante-anuncio-en-la-previa-de-los-juegos-olimpicos\/","title":{"rendered":"Andy Murray hizo un importante anuncio en la previa de los Juegos Ol\u00edmpicos."},"content":{"rendered":"\n<h2 class=\"wp-block-heading\">El brit\u00e1nico mantiene el r\u00e9cord de ser el \u00fanico tenista en ganar dos medallas de oro y buscar\u00e1 la tercera en Par\u00eds 2024.<\/h2>\n\n\n\n<p><strong>Andy Murray\u00a0<\/strong>decidi\u00f3 ponerle fina su brillante carrera profesional con un emotivo mensaje en sus redes sociales.\u00a0<strong>Tras varios a\u00f1os luchando contra diversas lesiones, el exn\u00famero uno del mundo decidi\u00f3 colgar la raqueta<\/strong> una vez que finalice su participaci\u00f3n en los\u00a0<strong>Juegos Ol\u00edmpicos de Par\u00eds.<\/strong><\/p>\n\n\n\n<p>\u201cLlegu\u00e9 a Par\u00eds para mi \u00faltimo torneo de tenis.&nbsp;<strong>Competir por el equipo de Gran Breta\u00f1a ha sido, sin duda, la semana m\u00e1s memorable de mi carrera y estoy muy orgulloso de poder hacerlo una \u00faltima vez\u201d<\/strong>, escribi\u00f3 en su cuenta de Instagram el deportista de 37 a\u00f1os.<\/p>\n\n\n\n<p>Murray ya hab\u00eda dado indicios de un posible retiro hace algunos meses, cuando&nbsp;<strong>debi\u00f3 ser intervenido quir\u00fargicamente<\/strong>&nbsp;por un quiste espinal, algo que lo llev\u00f3 a perderse el certamen de Wimbledon.<\/p>\n\n\n\n<figure class=\"wp-block-image\"><img decoding=\"async\" src=\"https:\/\/tn.com.ar\/resizer\/v2\/andy-murray-anuncio-que-se-retirara-del-tenis-tras-los-juegos-olimpicos-de-paris-instagram-andymurray-UXX2AJ3YXBGZDHQMT4ZFMJX7WI.PNG?auth=91fbd118a7e9441e47c9ec7d70df53d962dd14a8b0049e1ea8334f4c72e0f07d&amp;width=767\" alt=\"Andy Murray anunci\u00f3 que se retirar\u00e1 del tenis tras los Juegos Ol\u00edmpicos de Par\u00eds. (Instagram @AndyMurray)\"\/><figcaption class=\"wp-element-caption\">Andy Murray anunci\u00f3 que se retirar\u00e1 del tenis tras los Juegos Ol\u00edmpicos de Par\u00eds. (Instagram @AndyMurray)<\/figcaption><\/figure>\n\n\n\n<p>Adem\u00e1s, el tres veces campe\u00f3n de Grand Slam,&nbsp;<strong>tuvo que ponerse una pr\u00f3tesis en la cadera en 2019<\/strong>&nbsp;y posteriormente sufri\u00f3 otras lesiones que lo hicieron perder terreno dentro del circuito.<\/p>\n\n\n\n<p>Enfocado en los Juegos Ol\u00edmpicos de Par\u00eds 2024,&nbsp;<strong>Murray jugar\u00e1 en la modalidad de dobles junto a su compatriota Dan Evans.<\/strong>&nbsp;La dupla fue confirmada hace unas semanas como una de las que representar\u00e1 a Gran Breta\u00f1a, junto a la que forman Joe Salisbury y Neil Skupski, y la de Katie Boulter y Heather Watson.<\/p>\n\n\n\n<p>Asimismo, el escoc\u00e9s tambi\u00e9n disputar\u00e1 el cuadro individual en el que ser\u00e1\u00a0<strong>el \u00faltimo torneo de su carrera deportiva<\/strong>\u00a0y uno de los m\u00e1s especiales, porque en los Juegos Ol\u00edmpicos\u00a0<strong>es el \u00fanico hombre que gan\u00f3 dos medallas doradas individuales.<\/strong><\/p>\n\n\n\n<p>Los oros los consigui\u00f3 en las ediciones de Londres 2012, tras vencer en la final al suizo Roger Federer, y luego en R\u00edo de Janeiro 2016, cuando super\u00f3 al argentino Juan Mart\u00edn Del Potro.<\/p>\n\n\n\n<p>Junto a Novak Djokovic, Roger Federer y Rafael Nadal, Murray fue uno de los grandes animadores del circuito de tenis en los \u00faltimos a\u00f1os.\u00a0<strong>Estuvo como n\u00famero uno del mundo durante 41 semanas\u00a0<\/strong>y gan\u00f3 tres t\u00edtulos de Grand Slam (US Open 2012 y Wimbledon 2013 y 2016).<\/p>\n\n\n\n<p><em>Fuente: Todo Noticias.<\/em><\/p>\n","protected":false},"excerpt":{"rendered":"<p>El brit\u00e1nico mantiene el r\u00e9cord de ser el \u00fanico tenista en ganar dos medallas de oro y buscar\u00e1 la tercera en Par\u00eds 2024. Andy Murray\u00a0decidi\u00f3 ponerle fina su brillante carrera&hellip; <\/p>\n","protected":false},"author":6,"featured_media":154525,"comment_status":"closed","ping_status":"open","sticky":false,"template":"","format":"standard","meta":{"footnotes":""},"categories":[4],"tags":[],"class_list":["post-154521","post","type-post","status-publish","format-standard","has-post-thumbnail","hentry","category-deportes"],"_links":{"self":[{"href":"https:\/\/corrientesdetarde.com\/index.php\/wp-json\/wp\/v2\/posts\/154521","targetHints":{"allow":["GET"]}}],"collection":[{"href":"https:\/\/corrientesdetarde.com\/index.php\/wp-json\/wp\/v2\/posts"}],"about":[{"href":"https:\/\/corrientesdetarde.com\/index.php\/wp-json\/wp\/v2\/types\/post"}],"author":[{"embeddable":true,"href":"https:\/\/corrientesdetarde.com\/index.php\/wp-json\/wp\/v2\/users\/6"}],"replies":[{"embeddable":true,"href":"https:\/\/corrientesdetarde.com\/index.php\/wp-json\/wp\/v2\/comments?post=154521"}],"version-history":[{"count":1,"href":"https:\/\/corrientesdetarde.com\/index.php\/wp-json\/wp\/v2\/posts\/154521\/revisions"}],"predecessor-version":[{"id":154526,"href":"https:\/\/corrientesdetarde.com\/index.php\/wp-json\/wp\/v2\/posts\/154521\/revisions\/154526"}],"wp:featuredmedia":[{"embeddable":true,"href":"https:\/\/corrientesdetarde.com\/index.php\/wp-json\/wp\/v2\/media\/154525"}],"wp:attachment":[{"href":"https:\/\/corrientesdetarde.com\/index.php\/wp-json\/wp\/v2\/media?parent=154521"}],"wp:term":[{"taxonomy":"category","embeddable":true,"href":"https:\/\/corrientesdetarde.com\/index.php\/wp-json\/wp\/v2\/categories?post=154521"},{"taxonomy":"post_tag","embeddable":true,"href":"https:\/\/corrientesdetarde.com\/index.php\/wp-json\/wp\/v2\/tags?post=154521"}],"curies":[{"name":"wp","href":"https:\/\/api.w.org\/{rel}","templated":true}]}}