{"id":15475,"date":"2022-10-29T08:32:44","date_gmt":"2022-10-29T11:32:44","guid":{"rendered":"https:\/\/corrientesdetarde.com\/?p=15475"},"modified":"2022-10-29T08:32:46","modified_gmt":"2022-10-29T11:32:46","slug":"condenaron-a-un-excomisario-por-usar-el-patrullero-para-cazar","status":"publish","type":"post","link":"https:\/\/corrientesdetarde.com\/index.php\/crimen-y-justicia\/condenaron-a-un-excomisario-por-usar-el-patrullero-para-cazar\/","title":{"rendered":"Condenaron a un excomisario por usar el patrullero para cazar"},"content":{"rendered":"\n<p>En 2021 lo intercept\u00f3 \u00a0Flora y Fauna con escopetas, un ciervo axis y otros elementos de caza, en la cajuela del m\u00f3vil policial.\u00a0<\/p>\n\n\n\n<p>Penaron a un excomisario de la Polic\u00eda de Corrientes por el uso de un patrullero de la Fuerza para ir de cacer\u00eda, en un hecho ocurrido el 11 de octubre del 2021, en las afueras de Perugorr\u00eda, donde estaba al mando de la jefatura de comisar\u00eda.<\/p>\n\n\n\n<p>Se trata de Isabelino Br\u00edtez, de 55 a\u00f1os, quien fue hallado culpable del delito de malversaci\u00f3n de efectos p\u00fablicos (veh\u00edculo policial), ya que en aquella ocasi\u00f3n, personal de Flora y Fauna y de la Gendarmer\u00eda Nacional lo demoraron cuando se movilizaba en el patrullero de la dependencia que estaba al mando, por la ruta provincial 24. Br\u00edtez lleg\u00f3 a juicio acusado por tres delitos por el fiscal de Investigaci\u00f3n Rural y Ambiental de la Tercera Circunscripci\u00f3n (Ufic de Mercedes), Gerardo Humberto Cabral: caza prohibida de la fauna silvestre, portaci\u00f3n de arma de fuego de uso civil y la malversaci\u00f3n ya mencionada.&nbsp;<\/p>\n\n\n\n<p>Luego del debate, el Tribunal de Juicio, representado por la jueza unipersonal sustituta, Mar\u00eda Eugenia Ballar\u00e1, lo absolvi\u00f3 por los dos primeros y lo conden\u00f3 por el \u00faltimo a trav\u00e9s de la sentencia 41\/22, indicaron fuentes judiciales.<\/p>\n\n\n\n<p>Adem\u00e1s fue inhabilitado por un a\u00f1o y diez meses y privaci\u00f3n del empleo, aunque ya se halla en condici\u00f3n de retiro de la fuerza provincial, al llegar al rango de comisario inspector.<\/p>\n\n\n\n<p>Seg\u00fan confirmaron ayer, la condena se produjo el pasado 6 de octubre, y se demoraron un par de semanas en dar a conocer, tras las notificaciones oficiales de las partes.&nbsp;<\/p>\n\n\n\n<p>Br\u00edtez era el jefe de la Comisar\u00eda de Perugorr\u00eda cuando fue demorado al mando del veh\u00edculo oficial, una Ford Ranger doble cabina. Durante el procedimiento de Flora y Fauna en conjunto con la Gendarmer\u00eda Nacional le incautaron una carabina calibre 22 marca Rubi, modelo 65 L y una escopeta calibre 12\/70 UA, marca Mossberg, modelo 500.<\/p>\n\n\n\n<p>La presa que el excomisario transportaba en la caja de carga de la camioneta era un ciervo axis, mencionaron.\u201d.<\/p>\n\n\n\n<p>\u201c(\u2026) Era el patrullero de la polic\u00eda que circulaba a baja velocidad. Cazando en el patrullero afectado a la comisar\u00eda y que precisamente no era para salir a cazar ciervos axis. Es aqu\u00ed donde le dieron otro destino totalmente reprochable al veh\u00edculo del Estado y fue utilizado para una actividad personal yagravado porque fue para cazar en la v\u00eda p\u00fablica&#8221;, argument\u00f3 el fiscal Cabral en su alegato, antes de la sentencia.<\/p>\n","protected":false},"excerpt":{"rendered":"<p>En 2021 lo intercept\u00f3 \u00a0Flora y Fauna con escopetas, un ciervo axis y otros elementos de caza, en la cajuela del m\u00f3vil policial.\u00a0 Penaron a un excomisario de la Polic\u00eda&hellip; <\/p>\n","protected":false},"author":3,"featured_media":15476,"comment_status":"closed","ping_status":"open","sticky":false,"template":"","format":"standard","meta":{"footnotes":""},"categories":[5],"tags":[],"class_list":["post-15475","post","type-post","status-publish","format-standard","has-post-thumbnail","hentry","category-crimen-y-justicia"],"_links":{"self":[{"href":"https:\/\/corrientesdetarde.com\/index.php\/wp-json\/wp\/v2\/posts\/15475","targetHints":{"allow":["GET"]}}],"collection":[{"href":"https:\/\/corrientesdetarde.com\/index.php\/wp-json\/wp\/v2\/posts"}],"about":[{"href":"https:\/\/corrientesdetarde.com\/index.php\/wp-json\/wp\/v2\/types\/post"}],"author":[{"embeddable":true,"href":"https:\/\/corrientesdetarde.com\/index.php\/wp-json\/wp\/v2\/users\/3"}],"replies":[{"embeddable":true,"href":"https:\/\/corrientesdetarde.com\/index.php\/wp-json\/wp\/v2\/comments?post=15475"}],"version-history":[{"count":1,"href":"https:\/\/corrientesdetarde.com\/index.php\/wp-json\/wp\/v2\/posts\/15475\/revisions"}],"predecessor-version":[{"id":15477,"href":"https:\/\/corrientesdetarde.com\/index.php\/wp-json\/wp\/v2\/posts\/15475\/revisions\/15477"}],"wp:featuredmedia":[{"embeddable":true,"href":"https:\/\/corrientesdetarde.com\/index.php\/wp-json\/wp\/v2\/media\/15476"}],"wp:attachment":[{"href":"https:\/\/corrientesdetarde.com\/index.php\/wp-json\/wp\/v2\/media?parent=15475"}],"wp:term":[{"taxonomy":"category","embeddable":true,"href":"https:\/\/corrientesdetarde.com\/index.php\/wp-json\/wp\/v2\/categories?post=15475"},{"taxonomy":"post_tag","embeddable":true,"href":"https:\/\/corrientesdetarde.com\/index.php\/wp-json\/wp\/v2\/tags?post=15475"}],"curies":[{"name":"wp","href":"https:\/\/api.w.org\/{rel}","templated":true}]}}