{"id":15481,"date":"2022-10-29T09:12:18","date_gmt":"2022-10-29T12:12:18","guid":{"rendered":"https:\/\/corrientesdetarde.com\/?p=15481"},"modified":"2022-10-29T09:12:21","modified_gmt":"2022-10-29T12:12:21","slug":"jovenes-artistas-inauguraron-una-colorida-muestra-en-sala-mors","status":"publish","type":"post","link":"https:\/\/corrientesdetarde.com\/index.php\/cultura\/jovenes-artistas-inauguraron-una-colorida-muestra-en-sala-mors\/","title":{"rendered":"J\u00f3venes artistas inauguraron una colorida muestra en sala Mors"},"content":{"rendered":"\n<p>Medio centenar de alumnos colgaron sus obras en una importante exhibici\u00f3n anual que propone el taller Meraki. &#8220;Estamos felices de poder acompa\u00f1ar a nuestros artistas&#8221;, expresaron desde la instituci\u00f3n.<\/p>\n\n\n\n<p>Ayer, el centro cultural Adolfo Mors inaugur\u00f3 una nueva muestra, esta vez acompa\u00f1ando las obras de m\u00e1s de medio centenar de j\u00f3venes artistas que integran la exhibici\u00f3n anual del taller Meraki. La creatividad y el talento son el sello de identidad que comparte esta muestra que cuenta con el auspicio de la Municipalidad de Corrientes.<\/p>\n\n\n\n<p>El entusiasmo y la alegr\u00eda de unos 57 artistas, entre j\u00f3venes y adolescentes, fue el reflejo del acto inaugural de esta propuesta que permanecer\u00e1 en sala Mors (Pellegrini 542, parque Camba Cu\u00e1) hasta el 9 de noviembre, con entrada libre y gratuita. &#8220;Para nosotros es un placer poder recibir a nuestros j\u00f3venes artistas, muchos de ellos son ni\u00f1os que exponen sus obras fruto de mucho trabajo pero tambi\u00e9n de enorme talento&#8221;, expres\u00f3 a \u00e9poca el secretario de Cultura y Educaci\u00f3n de la ciudad, Jos\u00e9 Sand. En este contexto, el funcionario agreg\u00f3 que &#8220;nuestro objetivo es acompa\u00f1ar y alentarlos a seguir creando, capacit\u00e1ndose y trabajando duro para que puedan lograr ser grandes artistas capaces expresar nuestra identidad cultural&#8221;.<\/p>\n\n\n\n<figure class=\"wp-block-image\"><img decoding=\"async\" src=\"https:\/\/www.diarioepoca.com\/content\/bucket\/9\/1259049w762h517c.jpg.webp\" alt=\"\"\/><figcaption>TALLER MERAKI EXPONE NUMEROSAS Y CREATIVAS OBRAS.<\/figcaption><\/figure>\n\n\n\n<p>El taller Meraki es un espacio de arte en el que se ense\u00f1a dibujo y pintura a ni\u00f1os, adolescentes y adultos. El nombre del mismo proviene de una palabra griega que significa &#8220;hacer algo con amor y dejar parte de uno en ello&#8221;. En este contexto, la destacada artista pl\u00e1stica, Christian \u00c1lvarez, refiri\u00f3 a este medio: &#8220;Brindamos un espacio de formaci\u00f3n art\u00edstica secuenciada y creativa, queremos apoyar el despertar creativo de los alumnos, d\u00e1ndoles herramientas para que puedan manifestar sus gustos y sus capacidades, porque se vio que muchos alumnos, en dos o tres a\u00f1os de cursado, dieron un vuelco impresionante y desarrollaron una destreza pl\u00e1stica incre\u00edble&#8221;, coment\u00f3.<\/p>\n\n\n\n<p>A esto, \u00c1lvarez a\u00f1adi\u00f3: &#8220;Yo creo que apoyar la creatividad del ni\u00f1o es poder desarrollar un adulto m\u00e1s imaginativo, mucho m\u00e1s creativo y con la posibilidad de resolver las cosas de manera m\u00e1s f\u00e1cil, en el orden pr\u00e1ctico de la vida&#8221;.<\/p>\n\n\n\n<p>Por su parte, el artista Juan Medina refiri\u00f3 que el taller funciona desde 2015 y se encuentra ubicado en Gutenberg 1930. &#8220;Como es habitual, cada a\u00f1o realizamos la muestra anual. En esta oportunidad, exponen 57 alumnos del taller de los grupos de adolescentes y ni\u00f1os&#8221;. Asimismo, a\u00f1adi\u00f3 que esta iniciativa &#8220;intenta visibilizar el arte infantil y adolescente, un arte espont\u00e1neo y repleto de subjetividades. En cada obra los peque\u00f1os artistas buscan plasmar sus intereses m\u00e1s \u00edntimos y de esta manera asomarnos un poquito a sus mundos interiores&#8221;.<\/p>\n\n\n\n<p>Por \u00faltimo, Medina destac\u00f3 que &#8220;las tem\u00e1tica de la muestra son bastante ecl\u00edpticas, como sus autores, podremos apreciar retratos, paisajes, figuras humanas y naturaleza muerta, como as\u00ed tambi\u00e9n mucho arte surrealista, muy caracter\u00edstico dentro de ni\u00f1os de esta edad&#8221;.<\/p>\n\n\n\n<p>Cabe recordar que la muestra quedar\u00e1 abierta al p\u00fablico hasta el 9 de noviembre y se puede visitar de lunes a viernes, en el horario de 8 a 12 y de 16 a 20. Los s\u00e1bados, domingos y feriados, de 15 a 21, de corrido.<\/p>\n","protected":false},"excerpt":{"rendered":"<p>Medio centenar de alumnos colgaron sus obras en una importante exhibici\u00f3n anual que propone el taller Meraki. &#8220;Estamos felices de poder acompa\u00f1ar a nuestros artistas&#8221;, expresaron desde la instituci\u00f3n. Ayer,&hellip; <\/p>\n","protected":false},"author":3,"featured_media":15483,"comment_status":"closed","ping_status":"open","sticky":false,"template":"","format":"standard","meta":{"footnotes":""},"categories":[15],"tags":[],"class_list":["post-15481","post","type-post","status-publish","format-standard","has-post-thumbnail","hentry","category-cultura"],"_links":{"self":[{"href":"https:\/\/corrientesdetarde.com\/index.php\/wp-json\/wp\/v2\/posts\/15481","targetHints":{"allow":["GET"]}}],"collection":[{"href":"https:\/\/corrientesdetarde.com\/index.php\/wp-json\/wp\/v2\/posts"}],"about":[{"href":"https:\/\/corrientesdetarde.com\/index.php\/wp-json\/wp\/v2\/types\/post"}],"author":[{"embeddable":true,"href":"https:\/\/corrientesdetarde.com\/index.php\/wp-json\/wp\/v2\/users\/3"}],"replies":[{"embeddable":true,"href":"https:\/\/corrientesdetarde.com\/index.php\/wp-json\/wp\/v2\/comments?post=15481"}],"version-history":[{"count":1,"href":"https:\/\/corrientesdetarde.com\/index.php\/wp-json\/wp\/v2\/posts\/15481\/revisions"}],"predecessor-version":[{"id":15484,"href":"https:\/\/corrientesdetarde.com\/index.php\/wp-json\/wp\/v2\/posts\/15481\/revisions\/15484"}],"wp:featuredmedia":[{"embeddable":true,"href":"https:\/\/corrientesdetarde.com\/index.php\/wp-json\/wp\/v2\/media\/15483"}],"wp:attachment":[{"href":"https:\/\/corrientesdetarde.com\/index.php\/wp-json\/wp\/v2\/media?parent=15481"}],"wp:term":[{"taxonomy":"category","embeddable":true,"href":"https:\/\/corrientesdetarde.com\/index.php\/wp-json\/wp\/v2\/categories?post=15481"},{"taxonomy":"post_tag","embeddable":true,"href":"https:\/\/corrientesdetarde.com\/index.php\/wp-json\/wp\/v2\/tags?post=15481"}],"curies":[{"name":"wp","href":"https:\/\/api.w.org\/{rel}","templated":true}]}}