{"id":154818,"date":"2024-07-24T13:59:41","date_gmt":"2024-07-24T16:59:41","guid":{"rendered":"https:\/\/corrientesdetarde.com\/?p=154818"},"modified":"2024-07-24T13:59:46","modified_gmt":"2024-07-24T16:59:46","slug":"gerardo-werthein-es-el-nuevo-vicepresidente-del-comite-olimpico-internacional","status":"publish","type":"post","link":"https:\/\/corrientesdetarde.com\/index.php\/politica\/gerardo-werthein-es-el-nuevo-vicepresidente-del-comite-olimpico-internacional\/","title":{"rendered":"Gerardo Werthein es el nuevo vicepresidente del Comit\u00e9 Ol\u00edmpico Internacional"},"content":{"rendered":"\n<p>El embajador argentino en Estados Unidos fue elegido antes la ceremonia de apertura de Par\u00eds 2024.<\/p>\n\n\n\n<p>Gerardo Werthein,\u00a0el embajador argentino en Estados Unidos desde el 10 de diciembre, fue elegido como\u00a0vicepresidente del Comit\u00e9 Ol\u00edmpico Internacional (COI)\u00a0tras una sesi\u00f3n que se realiz\u00f3 en la previa de la ceremonia de apertura de Par\u00eds 2024. En total, el funcionario del Gobierno de Javier Milei recibi\u00f3 78 votos a favor y 11 en contra.<\/p>\n\n\n\n<p>La designaci\u00f3n del expresidente del Comit\u00e9 Ol\u00edmpico Argentino se da meses antes de que<strong>&nbsp;el actual presidente del COI, Thomas Bach, deje su cargo: en marzo de 2025 habr\u00e1 elecciones.<\/strong><\/p>\n\n\n\n<figure class=\"wp-block-image\"><img decoding=\"async\" src=\"https:\/\/tn.com.ar\/resizer\/v2\/gerardo-werthein-es-el-nuevo-vicepresidente-del-coi-foto-efe-lenin-nolly-CD4LBGOKLFB4VI5KAU4GN3E5DI.jpg?auth=5371d26b7a466d575239424aa228d09a99386cd7d11ee2033d0fbf02e23f23bb&amp;width=767\" alt=\"Gerardo Werthein es el nuevo vicepresidente del COI. (Foto: EFE\/ Lenin Nolly)\"\/><\/figure>\n\n\n\n<p>Werthein naci\u00f3 el 3 de diciembre de 1955 en Buenos Aires y es veterinario adem\u00e1s de<strong>&nbsp;padre de tres hijos: Gregorio, Anabella y Sara.<\/strong>&nbsp;Fue miembro de una sociedad familiar, propietaria de un importante holding de empresas en la Argentina, con participaci\u00f3n en diversas industrias como la agroindustrial, alimentos y bebidas, desarrollos inmobiliarios, salud, seguros, tecnolog\u00eda y media tech.<\/p>\n\n\n\n<p>Adem\u00e1s, fue la cara visible del Grupo Werthein durante los a\u00f1os en los que&nbsp;<strong>ejerci\u00f3 la vicepresidencia de&nbsp;<\/strong><em><strong>Telecom<\/strong><\/em>, compa\u00f1\u00eda que la familia vendi\u00f3 en 2017. Tambi\u00e9n es due\u00f1o del&nbsp;<strong>Haras El Capricho<\/strong>, donde se realiza un exclusivo festejo h\u00edpico al que concurren ricos y famosos del mundo de los negocios y la pol\u00edtica. Adem\u00e1s, es accionista del diario uruguayo&nbsp;<em>El Observador&nbsp;<\/em>en sociedad con Gabriel Hochbaum.<\/p>\n\n\n\n<p>Entre 2009 y 2021, Werthein&nbsp;<strong>fue presidente del Comit\u00e9 Ol\u00edmpico Argentino (COA)&nbsp;<\/strong>yen 2011 fue designado miembro del COI, donde se destac\u00f3 como \u201cintegrante del Comit\u00e9 Ejecutivo y se desempe\u00f1\u00f3 como presidente de la Junta Directiva de Olympic Broadcasting Services, presidente de la Comisi\u00f3n Digital y Tecnolog\u00eda del COI<strong>, miembro de la Comisi\u00f3n de Coordinaci\u00f3n de los Juegos Ol\u00edmpicos Par\u00eds 2024 y de la Comisi\u00f3n de Coordinaci\u00f3n de los Juegos Ol\u00edmpicos Los \u00c1ngeles 2028<\/strong>\u2033, seg\u00fan se describe en la web oficial del COA.<\/p>\n","protected":false},"excerpt":{"rendered":"<p>El embajador argentino en Estados Unidos fue elegido antes la ceremonia de apertura de Par\u00eds 2024. Gerardo Werthein,\u00a0el embajador argentino en Estados Unidos desde el 10 de diciembre, fue elegido&hellip; <\/p>\n","protected":false},"author":8,"featured_media":154819,"comment_status":"closed","ping_status":"open","sticky":false,"template":"","format":"standard","meta":{"footnotes":""},"categories":[3],"tags":[],"class_list":["post-154818","post","type-post","status-publish","format-standard","has-post-thumbnail","hentry","category-politica"],"_links":{"self":[{"href":"https:\/\/corrientesdetarde.com\/index.php\/wp-json\/wp\/v2\/posts\/154818","targetHints":{"allow":["GET"]}}],"collection":[{"href":"https:\/\/corrientesdetarde.com\/index.php\/wp-json\/wp\/v2\/posts"}],"about":[{"href":"https:\/\/corrientesdetarde.com\/index.php\/wp-json\/wp\/v2\/types\/post"}],"author":[{"embeddable":true,"href":"https:\/\/corrientesdetarde.com\/index.php\/wp-json\/wp\/v2\/users\/8"}],"replies":[{"embeddable":true,"href":"https:\/\/corrientesdetarde.com\/index.php\/wp-json\/wp\/v2\/comments?post=154818"}],"version-history":[{"count":1,"href":"https:\/\/corrientesdetarde.com\/index.php\/wp-json\/wp\/v2\/posts\/154818\/revisions"}],"predecessor-version":[{"id":154820,"href":"https:\/\/corrientesdetarde.com\/index.php\/wp-json\/wp\/v2\/posts\/154818\/revisions\/154820"}],"wp:featuredmedia":[{"embeddable":true,"href":"https:\/\/corrientesdetarde.com\/index.php\/wp-json\/wp\/v2\/media\/154819"}],"wp:attachment":[{"href":"https:\/\/corrientesdetarde.com\/index.php\/wp-json\/wp\/v2\/media?parent=154818"}],"wp:term":[{"taxonomy":"category","embeddable":true,"href":"https:\/\/corrientesdetarde.com\/index.php\/wp-json\/wp\/v2\/categories?post=154818"},{"taxonomy":"post_tag","embeddable":true,"href":"https:\/\/corrientesdetarde.com\/index.php\/wp-json\/wp\/v2\/tags?post=154818"}],"curies":[{"name":"wp","href":"https:\/\/api.w.org\/{rel}","templated":true}]}}