{"id":15485,"date":"2022-10-29T09:14:45","date_gmt":"2022-10-29T12:14:45","guid":{"rendered":"https:\/\/corrientesdetarde.com\/?p=15485"},"modified":"2022-10-29T09:14:47","modified_gmt":"2022-10-29T12:14:47","slug":"pena-del-arte-en-el-parque-mitre","status":"publish","type":"post","link":"https:\/\/corrientesdetarde.com\/index.php\/cultura\/pena-del-arte-en-el-parque-mitre\/","title":{"rendered":"Pe\u00f1a del Arte en el parque Mitre"},"content":{"rendered":"\n<p>Esta tarde, a partir de las 17, se presentar\u00e1 una nueva edici\u00f3n de la Pe\u00f1a del Arte en el Paseo Universitario del parque Mitre, con una destacada propuesta art\u00edstica musical. Organizada por la Secretar\u00eda de Cultura de la Ciudad, el evento ofrecer\u00e1 un espect\u00e1culo para toda la familia.<\/p>\n\n\n\n<p>Ser\u00e1n de la partida el elenco estable municipal &#8220;Ra\u00edz Chamamecera&#8221;, que abrir\u00e1 la ronda. Luego se presentar\u00e1n &#8220;Los Caminantes&#8221;, &#8220;Pety Ben\u00edtez Leiva&#8221; y &#8220;Sandra Lopresti&#8221;. Al atardecer, la propuesta musical continuar\u00e1 con el chamam\u00e9, de la mano de Braian Acevedo y su conjunto, adem\u00e1s de Sebasti\u00e1n y Joaqu\u00edn Cabrera, y el cierre estar\u00e1 a cargo de Familia Chamamecera.<\/p>\n\n\n\n<p>Por su parte, desde la organizaci\u00f3n confirmaron que estar\u00e1n como invitados los cantautores Juan Encinas, lleana Anah\u00ed Rodr\u00edguez y Paola Julieta.<\/p>\n","protected":false},"excerpt":{"rendered":"<p>Esta tarde, a partir de las 17, se presentar\u00e1 una nueva edici\u00f3n de la Pe\u00f1a del Arte en el Paseo Universitario del parque Mitre, con una destacada propuesta art\u00edstica musical.&hellip; <\/p>\n","protected":false},"author":3,"featured_media":15486,"comment_status":"closed","ping_status":"open","sticky":false,"template":"","format":"standard","meta":{"footnotes":""},"categories":[15],"tags":[],"class_list":["post-15485","post","type-post","status-publish","format-standard","has-post-thumbnail","hentry","category-cultura"],"_links":{"self":[{"href":"https:\/\/corrientesdetarde.com\/index.php\/wp-json\/wp\/v2\/posts\/15485","targetHints":{"allow":["GET"]}}],"collection":[{"href":"https:\/\/corrientesdetarde.com\/index.php\/wp-json\/wp\/v2\/posts"}],"about":[{"href":"https:\/\/corrientesdetarde.com\/index.php\/wp-json\/wp\/v2\/types\/post"}],"author":[{"embeddable":true,"href":"https:\/\/corrientesdetarde.com\/index.php\/wp-json\/wp\/v2\/users\/3"}],"replies":[{"embeddable":true,"href":"https:\/\/corrientesdetarde.com\/index.php\/wp-json\/wp\/v2\/comments?post=15485"}],"version-history":[{"count":1,"href":"https:\/\/corrientesdetarde.com\/index.php\/wp-json\/wp\/v2\/posts\/15485\/revisions"}],"predecessor-version":[{"id":15487,"href":"https:\/\/corrientesdetarde.com\/index.php\/wp-json\/wp\/v2\/posts\/15485\/revisions\/15487"}],"wp:featuredmedia":[{"embeddable":true,"href":"https:\/\/corrientesdetarde.com\/index.php\/wp-json\/wp\/v2\/media\/15486"}],"wp:attachment":[{"href":"https:\/\/corrientesdetarde.com\/index.php\/wp-json\/wp\/v2\/media?parent=15485"}],"wp:term":[{"taxonomy":"category","embeddable":true,"href":"https:\/\/corrientesdetarde.com\/index.php\/wp-json\/wp\/v2\/categories?post=15485"},{"taxonomy":"post_tag","embeddable":true,"href":"https:\/\/corrientesdetarde.com\/index.php\/wp-json\/wp\/v2\/tags?post=15485"}],"curies":[{"name":"wp","href":"https:\/\/api.w.org\/{rel}","templated":true}]}}