{"id":15488,"date":"2022-10-29T09:16:14","date_gmt":"2022-10-29T12:16:14","guid":{"rendered":"https:\/\/corrientesdetarde.com\/?p=15488"},"modified":"2022-10-29T09:16:16","modified_gmt":"2022-10-29T12:16:16","slug":"traccion-a-sangre-vuelven-a-pedir-empadronamiento-de-carreros","status":"publish","type":"post","link":"https:\/\/corrientesdetarde.com\/index.php\/informacion-general\/traccion-a-sangre-vuelven-a-pedir-empadronamiento-de-carreros\/","title":{"rendered":"Tracci\u00f3n a sangre: vuelven a pedir empadronamiento de carreros"},"content":{"rendered":"\n<p>El Concejo Deliberante aprob\u00f3 una resoluci\u00f3n que solicita al Ejecutivo que concrete un relevamiento de los carros, la cantidad y el estado de los caballos que son utilizados, y las familias que viven de esa actividad. Es una tem\u00e1tica recurrente en el HCD en los \u00faltimos 18 a\u00f1os.<\/p>\n\n\n\n<p>La tem\u00e1tica de los carreros volvi\u00f3 a la palestra en la ciudad de Corrientes. Es que en la \u00faltima sesi\u00f3n del Concejo Deliberante fue aprobada una resoluci\u00f3n que requiere al Departamento Ejecutivo Municipal (DEM) que realice el empadronamiento de familias que utilizan la tracci\u00f3n a sangre como medio de trabajo en esta capital, dando cumplimiento a lo establecido en ordenanzas vigentes.<\/p>\n\n\n\n<p>El expediente fue presentado por el bloque de ediles opositores y cont\u00f3 con el acompa\u00f1amiento del oficialismo. En los considerandos de la normativa se especifica que &#8220;se precisa un relevamiento de los carros de tracci\u00f3n a sangre, la cantidad y el estado de los caballos que son empleados y las familias que viven de esta actividad, en el marco de un operativo integral que abarque cuestiones viales, de zoonosis y pol\u00edticas sociales del sector, con el fin de evaluar alternativas y soluciones para mitigar las problem\u00e1ticas de exclusi\u00f3n social y maltrato animal&#8221;.<\/p>\n\n\n\n<p>El texto de la resoluci\u00f3n sancionada cita y recuerda que &#8220;la Ordenanza N\u00b04.262 establece que todo veh\u00edculo de tracci\u00f3n a sangre deber\u00e1 estar empadronado en un registro que para tal efecto habilitar\u00e1 la Municipalidad de la Ciudad de Corrientes, sin costo de ninguna naturaleza para los propietarios&#8221;.<\/p>\n\n\n\n<p>En esa tesitura se debe tener en cuenta tambi\u00e9n que la Resoluci\u00f3n 148\/21 del Concejo Deliberante solicit\u00f3 -el a\u00f1o pasado- la realizaci\u00f3n del empadronamiento y seg\u00fan lo explicitado al respecto por el bloque del Frente de Todos, tras esa solicitud lleg\u00f3 como lac\u00f3nica respuesta de la Subsecretar\u00eda de Tr\u00e1nsito y Movilidad Urbana que &#8220;no se cuenta con lo requerido&#8221;.<\/p>\n\n\n\n<h2 class=\"wp-block-heading\">Haciendo memoria<\/h2>\n\n\n\n<p>El problema no es nuevo y en los \u00faltimos 18 a\u00f1os ya motoriz\u00f3 varios enfoques y pol\u00edticas municipales a fin de &#8220;ponerle el cascabel al gato&#8221; a los r\u00fasticos carritos empujados por caballos, que muchas veces son el \u00fanico sustento de familias de indigentes que se ganan unos &#8220;mangos&#8221; transportando arena, tierra, escombros y cualquier tipo de material que quepa en la cajuela de esos rodados de un solo eje.<\/p>\n\n\n\n<p>Por caso, en los primeros a\u00f1os del siglo se aprob\u00f3 una ordenanza que obligaba -al menos en el papel- a que todos los carros que circulan por la ciudad tengan que estar pintados de blanco, inscriptos en un padr\u00f3n y con un n\u00famero tipo chapa-patente.<\/p>\n\n\n\n<p>M\u00e1s ac\u00e1 en el tiempo, durante la gesti\u00f3n municipal encabezada por Carlos Esp\u00ednola (2009-2013), se anunci\u00f3 y present\u00f3 un rimbombante proyecto para erradicar la tracci\u00f3n a sangre, en una suerte de &#8220;canje&#8221; de los tradicionales carritos por motocargas o &#8220;zootropos&#8221;. Seg\u00fan cr\u00f3nicas de esa \u00e9poca, fueron entregados s\u00f3lo 25 motocargas, para un universo de m\u00e1s de 500 familias de carrero.<\/p>\n\n\n\n<p>Esa iniciativa result\u00f3 anecd\u00f3tica, lejos estuvo de generar los cambios esperados y hubo cuestionamientos acerca del proceso de licitaci\u00f3n para su compra.<\/p>\n\n\n\n<p>En los \u00faltimos a\u00f1os, se dieron operativos de secuestro de caballos que generaron movilizaciones por parte de los carreros, que en m\u00e1s de una ocasi\u00f3n bloquearon calles c\u00e9ntricas denunciando persecuci\u00f3n laboral.<\/p>\n\n\n\n<h2 class=\"wp-block-heading\">&#8220;Hay que tomar este tema con seriedad y dureza&#8221;<\/h2>\n\n\n\n<figure class=\"wp-block-image\"><img decoding=\"async\" src=\"https:\/\/www.diarioepoca.com\/content\/bucket\/4\/1259084w762h456c.jpg.webp\" alt=\"\"\/><\/figure>\n\n\n\n<p>El m\u00e9dico veterinario Carlos Alonso, quien fue viceintedente de la ciudad entre los a\u00f1os 2001-2005 y otrora tambi\u00e9n tuvo una banca en el Concejo Deliberante, fue consultado por \u00e9poca acerca de la vieja problem\u00e1tica de los carros de tracci\u00f3n a sangre en esta capital.<\/p>\n\n\n\n<p>En primer t\u00e9rmino, expres\u00f3 a modo explicativo que &#8220;la tracci\u00f3n a sangre es una consecuencia de la pobreza y representa para muchas personas un servicio de transporte de cargas m\u00e1s barato que el que brindan los camiones. Detr\u00e1s de ello hay todo un trasfondo que comprende problem\u00e1ticas tales como la falta de trabajo, el maltrato animal y la explotaci\u00f3n infantil&#8221;.<\/p>\n\n\n\n<p>Con ese rigor, ampli\u00f3 que &#8220;entre los a\u00f1os 2005 y 2009 hab\u00eda en esta ciudad m\u00e1s de mil caballos utilizados para mover unos 500 carros. No se hoy d\u00eda cu\u00e1ntos ser\u00e1n pero pienso que esta problem\u00e1tica no se est\u00e1 tomando con la seriedad que requiere, con la dureza que amerita encarar un tema as\u00ed. Las normativas no est\u00e1n mal pero son s\u00f3lo parches&#8221;.<\/p>\n\n\n\n<p>De igual modo, Alonso profundiz\u00f3 en sus conceptos y estim\u00f3 que en esta capital hay que erradicar la tracci\u00f3n a sangre, como lo fij\u00f3 este a\u00f1o la vecina ciudad de Resistencia.<\/p>\n\n\n\n<p>No obstante, asever\u00f3 que &#8220;para sacar a los caballos de las calles hay que hacer un gran trabajo previo para evaluar cu\u00e1l va a ser la marcha de la vida de aquella persona que trabajaba con un carro&#8221;.<\/p>\n\n\n\n<p>A p\u00e1rrafo seguido, esboz\u00f3 que &#8220;hay que buscar un m\u00e9todo de tipo coorporativo que agrupe a los carreros para que sigan trabajando con otros m\u00f3viles&#8221;.<\/p>\n","protected":false},"excerpt":{"rendered":"<p>El Concejo Deliberante aprob\u00f3 una resoluci\u00f3n que solicita al Ejecutivo que concrete un relevamiento de los carros, la cantidad y el estado de los caballos que son utilizados, y las&hellip; <\/p>\n","protected":false},"author":3,"featured_media":15489,"comment_status":"closed","ping_status":"open","sticky":false,"template":"","format":"standard","meta":{"footnotes":""},"categories":[1],"tags":[],"class_list":["post-15488","post","type-post","status-publish","format-standard","has-post-thumbnail","hentry","category-informacion-general"],"_links":{"self":[{"href":"https:\/\/corrientesdetarde.com\/index.php\/wp-json\/wp\/v2\/posts\/15488","targetHints":{"allow":["GET"]}}],"collection":[{"href":"https:\/\/corrientesdetarde.com\/index.php\/wp-json\/wp\/v2\/posts"}],"about":[{"href":"https:\/\/corrientesdetarde.com\/index.php\/wp-json\/wp\/v2\/types\/post"}],"author":[{"embeddable":true,"href":"https:\/\/corrientesdetarde.com\/index.php\/wp-json\/wp\/v2\/users\/3"}],"replies":[{"embeddable":true,"href":"https:\/\/corrientesdetarde.com\/index.php\/wp-json\/wp\/v2\/comments?post=15488"}],"version-history":[{"count":1,"href":"https:\/\/corrientesdetarde.com\/index.php\/wp-json\/wp\/v2\/posts\/15488\/revisions"}],"predecessor-version":[{"id":15490,"href":"https:\/\/corrientesdetarde.com\/index.php\/wp-json\/wp\/v2\/posts\/15488\/revisions\/15490"}],"wp:featuredmedia":[{"embeddable":true,"href":"https:\/\/corrientesdetarde.com\/index.php\/wp-json\/wp\/v2\/media\/15489"}],"wp:attachment":[{"href":"https:\/\/corrientesdetarde.com\/index.php\/wp-json\/wp\/v2\/media?parent=15488"}],"wp:term":[{"taxonomy":"category","embeddable":true,"href":"https:\/\/corrientesdetarde.com\/index.php\/wp-json\/wp\/v2\/categories?post=15488"},{"taxonomy":"post_tag","embeddable":true,"href":"https:\/\/corrientesdetarde.com\/index.php\/wp-json\/wp\/v2\/tags?post=15488"}],"curies":[{"name":"wp","href":"https:\/\/api.w.org\/{rel}","templated":true}]}}