{"id":15491,"date":"2022-10-29T09:18:03","date_gmt":"2022-10-29T12:18:03","guid":{"rendered":"https:\/\/corrientesdetarde.com\/?p=15491"},"modified":"2022-10-29T09:18:06","modified_gmt":"2022-10-29T12:18:06","slug":"corrientes-elegira-su-mejor-sandwich-de-milanesa","status":"publish","type":"post","link":"https:\/\/corrientesdetarde.com\/index.php\/informacion-general\/corrientes-elegira-su-mejor-sandwich-de-milanesa\/","title":{"rendered":"Corrientes elegir\u00e1 su mejor s\u00e1ndwich de milanesa"},"content":{"rendered":"\n<p>La competencia se realizar\u00e1 dentro del marco de actividades propuestas por la Expo Emprendedora de Desarrollo Social.<\/p>\n\n\n\n<p>Este s\u00e1bado se llevar\u00e1 a cabo una Expo Emprendedora de Gastronom\u00eda que incluir\u00e1&nbsp;una competencia de elaboraci\u00f3n de s\u00e1ndwich de milanesa en el Parque Mitre de la Capital Correntina.<\/p>\n\n\n\n<p>&nbsp;El Ministerio de Desarrollo Social realiza este fin de semana&nbsp;la Expo Emprendedora de Gastronom\u00eda y Artesan\u00edas e invitan a todos los vecinos y vecinas del lugar a disfrutar de esta propuesta que contar\u00e1 con una gran cantidad de feriantes.&nbsp;<\/p>\n\n\n\n<p><strong>La&nbsp; Feria de Emprendedores del Parque Mitre podr\u00e1 apreciarse a partir de las&nbsp;16 hasta las&nbsp;2 de la madrugada y contar\u00e1 con un patio gastron\u00f3mico, cervezas artesanales y m\u00fasica.&nbsp;<\/strong><\/p>\n\n\n\n<figure class=\"wp-block-image\"><img decoding=\"async\" src=\"https:\/\/pxc.cdn.ellitoral.com.ar\/litoral\/102022\/1667044996688.webp?cw=1200&amp;ch=900&amp;extw=jpg\" alt=\"Corrientes elegir\u00e1 su mejor s\u00e1ndwich de milanesa\"\/><\/figure>\n\n\n\n<p>El evento es abierto para todo el p\u00fablico y se podr\u00e1 recorrer libremente todos los puestos, creando as\u00ed un ambiente ideal para disfrutar con familia o amigos de las agradables noches de primavera que se pueden apreciar en la capital correntina.&nbsp;<\/p>\n\n\n\n<p>Adem\u00e1s tambi\u00e9n<strong>se podr\u00e1 disfrutar de un sector exclusivo de artesanos, un espacio recreativo para ni\u00f1os ,ferias americanas y el gran y esperado&nbsp;concurso de s\u00e1ndwich de milanesa.&nbsp;<\/strong><\/p>\n\n\n\n<figure class=\"wp-block-image\"><img decoding=\"async\" src=\"https:\/\/pxc.cdn.ellitoral.com.ar\/litoral\/102022\/1667045002645.webp?cw=1200&amp;ch=900&amp;extw=jpg\" alt=\"Corrientes elegir\u00e1 su mejor s\u00e1ndwich de milanesa\"\/><\/figure>\n","protected":false},"excerpt":{"rendered":"<p>La competencia se realizar\u00e1 dentro del marco de actividades propuestas por la Expo Emprendedora de Desarrollo Social. Este s\u00e1bado se llevar\u00e1 a cabo una Expo Emprendedora de Gastronom\u00eda que incluir\u00e1&nbsp;una&hellip; <\/p>\n","protected":false},"author":3,"featured_media":15492,"comment_status":"closed","ping_status":"open","sticky":false,"template":"","format":"standard","meta":{"footnotes":""},"categories":[1],"tags":[],"class_list":["post-15491","post","type-post","status-publish","format-standard","has-post-thumbnail","hentry","category-informacion-general"],"_links":{"self":[{"href":"https:\/\/corrientesdetarde.com\/index.php\/wp-json\/wp\/v2\/posts\/15491","targetHints":{"allow":["GET"]}}],"collection":[{"href":"https:\/\/corrientesdetarde.com\/index.php\/wp-json\/wp\/v2\/posts"}],"about":[{"href":"https:\/\/corrientesdetarde.com\/index.php\/wp-json\/wp\/v2\/types\/post"}],"author":[{"embeddable":true,"href":"https:\/\/corrientesdetarde.com\/index.php\/wp-json\/wp\/v2\/users\/3"}],"replies":[{"embeddable":true,"href":"https:\/\/corrientesdetarde.com\/index.php\/wp-json\/wp\/v2\/comments?post=15491"}],"version-history":[{"count":1,"href":"https:\/\/corrientesdetarde.com\/index.php\/wp-json\/wp\/v2\/posts\/15491\/revisions"}],"predecessor-version":[{"id":15493,"href":"https:\/\/corrientesdetarde.com\/index.php\/wp-json\/wp\/v2\/posts\/15491\/revisions\/15493"}],"wp:featuredmedia":[{"embeddable":true,"href":"https:\/\/corrientesdetarde.com\/index.php\/wp-json\/wp\/v2\/media\/15492"}],"wp:attachment":[{"href":"https:\/\/corrientesdetarde.com\/index.php\/wp-json\/wp\/v2\/media?parent=15491"}],"wp:term":[{"taxonomy":"category","embeddable":true,"href":"https:\/\/corrientesdetarde.com\/index.php\/wp-json\/wp\/v2\/categories?post=15491"},{"taxonomy":"post_tag","embeddable":true,"href":"https:\/\/corrientesdetarde.com\/index.php\/wp-json\/wp\/v2\/tags?post=15491"}],"curies":[{"name":"wp","href":"https:\/\/api.w.org\/{rel}","templated":true}]}}