{"id":154928,"date":"2024-07-24T22:24:26","date_gmt":"2024-07-25T01:24:26","guid":{"rendered":"https:\/\/corrientesdetarde.com\/?p=154928"},"modified":"2024-07-24T22:24:31","modified_gmt":"2024-07-25T01:24:31","slug":"caputo-inicia-su-participacion-en-el-g20-y-se-reunira-con-la-jefa-del-fmi","status":"publish","type":"post","link":"https:\/\/corrientesdetarde.com\/index.php\/economia\/caputo-inicia-su-participacion-en-el-g20-y-se-reunira-con-la-jefa-del-fmi\/","title":{"rendered":"Caputo inicia su participaci\u00f3n en el G20 y se reunir\u00e1 con la jefa del FMI"},"content":{"rendered":"\n<p>El ministro de Econom\u00eda tambi\u00e9n prev\u00e9 encontrarse con la secretaria del Tesoro de Estdos Unidos.<\/p>\n\n\n\n<p>En el marco de la&nbsp;<strong>Reuni\u00f3n de Ministros del G20&nbsp;<\/strong>que se desarrolla en<strong>&nbsp;R\u00edo de Janeiro,&nbsp;<\/strong>el secretario de Finanzas,&nbsp;<strong>Pablo Quirno,&nbsp;<\/strong>particip\u00f3 este mi\u00e9rcoles en la Reuni\u00f3n Ministerial de la Grupo de trabajo para el establecimiento de una Alianza Global Contra Hambre y pobreza.<\/p>\n\n\n\n<p>Durante la reuni\u00f3n, previa al inicio formal de las actividades del G20, los representantes del Grupo de l\u00edderes debatieron sobre \u201cel Estado de la Seguridad Alimentaria y Nutricional en el Mundo\u201d y dialogaron sobre las distintas pol\u00edticas aplicadas por los pa\u00edses miembros en relaci\u00f3n a esta agenda.<\/p>\n\n\n\n<p>En tanto, el ministro de Econom\u00eda,&nbsp;<strong>Luis Caputo,<\/strong>&nbsp;iniciar\u00e1 formalmente este jueves su nutrida agenda en Brasil.<\/p>\n\n\n\n<p>En este sentido, est\u00e1 previsto que el ministro mantenga reuniones con la Directora Gerente del Fondo Monetario Internacional (FMI),<strong>&nbsp;Kristalina Georgieva;&nbsp;<\/strong>la secretaria del Tesoro de los EEUU, Janet Yellen; con el Presidente del Banco Mundial, Ajay Banga; del BID, Ilan Goldfajn; y el Secretario General de la OCDE, Mathias Cormann, entre otros.<\/p>\n\n\n\n<p>Tambi\u00e9n el titular de Econom\u00eda participar\u00e1 en los paneles de discusi\u00f3n sobre las Perspectivas econ\u00f3micas globales y desaf\u00edos actuales; las Cuestiones del sector financiero e inclusi\u00f3n financiera; y la Cooperaci\u00f3n fiscal internacional.&nbsp;<\/p>\n\n\n\n<p>En este marco, el ministro tambi\u00e9n analizar\u00e1 junto a los representantes del G20 las cuestiones vinculadas a la Liberaci\u00f3n de la financiaci\u00f3n para alcanzar objetivos clim\u00e1ticos y sostenibles y ser\u00e1 el orador principal en el panel Financiamiento del desarrollo: v\u00ednculos entre deuda, flujos de capital y Reforma de los Bancos Multilaterales&nbsp;de&nbsp;Desarrollo.<\/p>\n","protected":false},"excerpt":{"rendered":"<p>El ministro de Econom\u00eda tambi\u00e9n prev\u00e9 encontrarse con la secretaria del Tesoro de Estdos Unidos. En el marco de la&nbsp;Reuni\u00f3n de Ministros del G20&nbsp;que se desarrolla en&nbsp;R\u00edo de Janeiro,&nbsp;el secretario&hellip; <\/p>\n","protected":false},"author":4,"featured_media":154929,"comment_status":"closed","ping_status":"open","sticky":false,"template":"","format":"standard","meta":{"footnotes":""},"categories":[20],"tags":[],"class_list":["post-154928","post","type-post","status-publish","format-standard","has-post-thumbnail","hentry","category-economia"],"_links":{"self":[{"href":"https:\/\/corrientesdetarde.com\/index.php\/wp-json\/wp\/v2\/posts\/154928","targetHints":{"allow":["GET"]}}],"collection":[{"href":"https:\/\/corrientesdetarde.com\/index.php\/wp-json\/wp\/v2\/posts"}],"about":[{"href":"https:\/\/corrientesdetarde.com\/index.php\/wp-json\/wp\/v2\/types\/post"}],"author":[{"embeddable":true,"href":"https:\/\/corrientesdetarde.com\/index.php\/wp-json\/wp\/v2\/users\/4"}],"replies":[{"embeddable":true,"href":"https:\/\/corrientesdetarde.com\/index.php\/wp-json\/wp\/v2\/comments?post=154928"}],"version-history":[{"count":1,"href":"https:\/\/corrientesdetarde.com\/index.php\/wp-json\/wp\/v2\/posts\/154928\/revisions"}],"predecessor-version":[{"id":154930,"href":"https:\/\/corrientesdetarde.com\/index.php\/wp-json\/wp\/v2\/posts\/154928\/revisions\/154930"}],"wp:featuredmedia":[{"embeddable":true,"href":"https:\/\/corrientesdetarde.com\/index.php\/wp-json\/wp\/v2\/media\/154929"}],"wp:attachment":[{"href":"https:\/\/corrientesdetarde.com\/index.php\/wp-json\/wp\/v2\/media?parent=154928"}],"wp:term":[{"taxonomy":"category","embeddable":true,"href":"https:\/\/corrientesdetarde.com\/index.php\/wp-json\/wp\/v2\/categories?post=154928"},{"taxonomy":"post_tag","embeddable":true,"href":"https:\/\/corrientesdetarde.com\/index.php\/wp-json\/wp\/v2\/tags?post=154928"}],"curies":[{"name":"wp","href":"https:\/\/api.w.org\/{rel}","templated":true}]}}