{"id":154935,"date":"2024-07-24T22:38:06","date_gmt":"2024-07-25T01:38:06","guid":{"rendered":"https:\/\/corrientesdetarde.com\/?p=154935"},"modified":"2024-07-24T22:38:09","modified_gmt":"2024-07-25T01:38:09","slug":"gendarmeria-allano-el-cuartel-de-bomberos-de-9-de-julio-y-hallo-dos-celulares-quemados","status":"publish","type":"post","link":"https:\/\/corrientesdetarde.com\/index.php\/policiales\/gendarmeria-allano-el-cuartel-de-bomberos-de-9-de-julio-y-hallo-dos-celulares-quemados\/","title":{"rendered":"Gendarmer\u00eda allan\u00f3 el cuartel de bomberos de 9 de Julio y hall\u00f3 dos celulares quemados"},"content":{"rendered":"\n<p>La Gendarmer\u00eda Nacional realiza un\u00a0operativo en el cuartel de bomberos de 9 de Julio, ubicado a 100 metros de la comisar\u00eda local, donde Walter Maciel era el titular. All\u00ed, los peritos encontraron dos celulares quemados.<\/p>\n\n\n\n<p>El lugar donde se realiza el operativo est\u00e1 a una cuadra de la comisar\u00eda local. Trabajan peritos y personal de la fuerza federal.<\/p>\n","protected":false},"excerpt":{"rendered":"<p>La Gendarmer\u00eda Nacional realiza un\u00a0operativo en el cuartel de bomberos de 9 de Julio, ubicado a 100 metros de la comisar\u00eda local, donde Walter Maciel era el titular. All\u00ed, los&hellip; <\/p>\n","protected":false},"author":4,"featured_media":154936,"comment_status":"closed","ping_status":"open","sticky":false,"template":"","format":"standard","meta":{"footnotes":""},"categories":[33],"tags":[],"class_list":["post-154935","post","type-post","status-publish","format-standard","has-post-thumbnail","hentry","category-policiales"],"_links":{"self":[{"href":"https:\/\/corrientesdetarde.com\/index.php\/wp-json\/wp\/v2\/posts\/154935","targetHints":{"allow":["GET"]}}],"collection":[{"href":"https:\/\/corrientesdetarde.com\/index.php\/wp-json\/wp\/v2\/posts"}],"about":[{"href":"https:\/\/corrientesdetarde.com\/index.php\/wp-json\/wp\/v2\/types\/post"}],"author":[{"embeddable":true,"href":"https:\/\/corrientesdetarde.com\/index.php\/wp-json\/wp\/v2\/users\/4"}],"replies":[{"embeddable":true,"href":"https:\/\/corrientesdetarde.com\/index.php\/wp-json\/wp\/v2\/comments?post=154935"}],"version-history":[{"count":1,"href":"https:\/\/corrientesdetarde.com\/index.php\/wp-json\/wp\/v2\/posts\/154935\/revisions"}],"predecessor-version":[{"id":154937,"href":"https:\/\/corrientesdetarde.com\/index.php\/wp-json\/wp\/v2\/posts\/154935\/revisions\/154937"}],"wp:featuredmedia":[{"embeddable":true,"href":"https:\/\/corrientesdetarde.com\/index.php\/wp-json\/wp\/v2\/media\/154936"}],"wp:attachment":[{"href":"https:\/\/corrientesdetarde.com\/index.php\/wp-json\/wp\/v2\/media?parent=154935"}],"wp:term":[{"taxonomy":"category","embeddable":true,"href":"https:\/\/corrientesdetarde.com\/index.php\/wp-json\/wp\/v2\/categories?post=154935"},{"taxonomy":"post_tag","embeddable":true,"href":"https:\/\/corrientesdetarde.com\/index.php\/wp-json\/wp\/v2\/tags?post=154935"}],"curies":[{"name":"wp","href":"https:\/\/api.w.org\/{rel}","templated":true}]}}