{"id":15494,"date":"2022-10-29T10:12:13","date_gmt":"2022-10-29T13:12:13","guid":{"rendered":"https:\/\/corrientesdetarde.com\/?p=15494"},"modified":"2022-10-29T10:12:15","modified_gmt":"2022-10-29T13:12:15","slug":"profesionales-correntinos-expusieron-sobre-el-hospital-de-campana-en-rosario","status":"publish","type":"post","link":"https:\/\/corrientesdetarde.com\/index.php\/sociales\/profesionales-correntinos-expusieron-sobre-el-hospital-de-campana-en-rosario\/","title":{"rendered":"Profesionales correntinos expusieron sobre el Hospital de Campa\u00f1a en Rosario"},"content":{"rendered":"\n<p>Referentes de la Unidad de Arquitectura Hospitalaria del Ministerio de Obras y Servicios P\u00fablicos de la provincia de Corrientes &nbsp;participaron del 32\u00ba Congreso Latinoamericano de Arquitectura e Ingenier\u00eda Hospitalaria.<\/p>\n\n\n\n<p>El eevento se realiz\u00f3 en la ciudad de Rosario, donde presentaron y expusieron sobre el proceso de creaci\u00f3n del Hospital de Campa\u00f1a \u201cEscuela Hogar\u201d.<\/p>\n\n\n\n<p>En este sentido, la comitiva expositora estuvo integrada por la titular de la UAH, arquitecta Griselda Perrotta y el jefe de proyectos de dicha unidad, arquitecto Gustavo G\u00f3mez.<\/p>\n\n\n\n<p>Este encuentro estuvo organizado por la Asociaci\u00f3n Argentina de Arquitectura e Ingenier\u00eda Hospitalaria que nuclea a profesionales arquitectos, ingenieros y otras ramas de actividad del sector Salud, orientados a la planificaci\u00f3n, programaci\u00f3n, operaci\u00f3n y evaluaci\u00f3n de instituciones de salud con par\u00e1metros de calidad y excelencia y constituye una voz de referencia a nivel nacional, regional e internacional en la materia.<\/p>\n\n\n\n<p>La propuesta del congreso se centr\u00f3 en el an\u00e1lisis de las estrategias aplicadas durante la pandemia y de c\u00f3mo estas estrategias impactan en la continuidad de los servicios sanitarios, teniendo adem\u00e1s un enfoque desde la articulaci\u00f3n de distintos dispositivos, que optimicen el recurso f\u00edsico en Salud.<\/p>\n\n\n\n<p>En este marco, la ponencia de los arquitectos Perrotta-G\u00f3mez sobre el Hospital de Campa\u00f1a, centro destinado a la atenci\u00f3n exclusiva de pacientes covid-19, fue recibida con elogios y se destac\u00f3 la practicidad y sentido com\u00fan ante la urgencia del Gobierno de Corrientes de asumir el desaf\u00edo con tal rapidez ante una pandemia como la causada por el coronavirus.<\/p>\n","protected":false},"excerpt":{"rendered":"<p>Referentes de la Unidad de Arquitectura Hospitalaria del Ministerio de Obras y Servicios P\u00fablicos de la provincia de Corrientes &nbsp;participaron del 32\u00ba Congreso Latinoamericano de Arquitectura e Ingenier\u00eda Hospitalaria. El&hellip; <\/p>\n","protected":false},"author":3,"featured_media":15495,"comment_status":"closed","ping_status":"open","sticky":false,"template":"","format":"standard","meta":{"footnotes":""},"categories":[17],"tags":[],"class_list":["post-15494","post","type-post","status-publish","format-standard","has-post-thumbnail","hentry","category-sociales"],"_links":{"self":[{"href":"https:\/\/corrientesdetarde.com\/index.php\/wp-json\/wp\/v2\/posts\/15494","targetHints":{"allow":["GET"]}}],"collection":[{"href":"https:\/\/corrientesdetarde.com\/index.php\/wp-json\/wp\/v2\/posts"}],"about":[{"href":"https:\/\/corrientesdetarde.com\/index.php\/wp-json\/wp\/v2\/types\/post"}],"author":[{"embeddable":true,"href":"https:\/\/corrientesdetarde.com\/index.php\/wp-json\/wp\/v2\/users\/3"}],"replies":[{"embeddable":true,"href":"https:\/\/corrientesdetarde.com\/index.php\/wp-json\/wp\/v2\/comments?post=15494"}],"version-history":[{"count":1,"href":"https:\/\/corrientesdetarde.com\/index.php\/wp-json\/wp\/v2\/posts\/15494\/revisions"}],"predecessor-version":[{"id":15496,"href":"https:\/\/corrientesdetarde.com\/index.php\/wp-json\/wp\/v2\/posts\/15494\/revisions\/15496"}],"wp:featuredmedia":[{"embeddable":true,"href":"https:\/\/corrientesdetarde.com\/index.php\/wp-json\/wp\/v2\/media\/15495"}],"wp:attachment":[{"href":"https:\/\/corrientesdetarde.com\/index.php\/wp-json\/wp\/v2\/media?parent=15494"}],"wp:term":[{"taxonomy":"category","embeddable":true,"href":"https:\/\/corrientesdetarde.com\/index.php\/wp-json\/wp\/v2\/categories?post=15494"},{"taxonomy":"post_tag","embeddable":true,"href":"https:\/\/corrientesdetarde.com\/index.php\/wp-json\/wp\/v2\/tags?post=15494"}],"curies":[{"name":"wp","href":"https:\/\/api.w.org\/{rel}","templated":true}]}}