{"id":154941,"date":"2024-07-24T22:48:30","date_gmt":"2024-07-25T01:48:30","guid":{"rendered":"https:\/\/corrientesdetarde.com\/?p=154941"},"modified":"2024-07-24T22:48:35","modified_gmt":"2024-07-25T01:48:35","slug":"caso-loan-declaro-maciel-y-la-justicia-evalua-si-puede-convertirse-en-imputado-colaborador","status":"publish","type":"post","link":"https:\/\/corrientesdetarde.com\/index.php\/crimen-y-justicia\/caso-loan-declaro-maciel-y-la-justicia-evalua-si-puede-convertirse-en-imputado-colaborador\/","title":{"rendered":"Caso Loan: Declar\u00f3 Maciel y la Justicia eval\u00faa si puede convertirse en imputado colaborador"},"content":{"rendered":"\n<p>El extitular de la comisar\u00eda de 9 de Julio ampli\u00f3 su declaraci\u00f3n ante la jueza federal en Goya. La ministra de Seguridad, Patricia Bullrich, anticip\u00f3 este mi\u00e9rcoles que esperan que el detenido brinde informaci\u00f3n para esclarecer el caso.<\/p>\n\n\n\n<p>El excomisario de 9 de Julio, Walter Maciel, termin\u00f3 de ampliar su declaraci\u00f3n indagatoria ante la Justicia Federal de Goya. Estuvo cinco horas frente a la jueza Pozzer Penzo de manera presencial. Hab\u00eda pedido colaborar en la causa y convertirse en imputado colaborador.<\/p>\n","protected":false},"excerpt":{"rendered":"<p>El extitular de la comisar\u00eda de 9 de Julio ampli\u00f3 su declaraci\u00f3n ante la jueza federal en Goya. La ministra de Seguridad, Patricia Bullrich, anticip\u00f3 este mi\u00e9rcoles que esperan que&hellip; <\/p>\n","protected":false},"author":4,"featured_media":154942,"comment_status":"closed","ping_status":"open","sticky":false,"template":"","format":"standard","meta":{"footnotes":""},"categories":[5],"tags":[],"class_list":["post-154941","post","type-post","status-publish","format-standard","has-post-thumbnail","hentry","category-crimen-y-justicia"],"_links":{"self":[{"href":"https:\/\/corrientesdetarde.com\/index.php\/wp-json\/wp\/v2\/posts\/154941","targetHints":{"allow":["GET"]}}],"collection":[{"href":"https:\/\/corrientesdetarde.com\/index.php\/wp-json\/wp\/v2\/posts"}],"about":[{"href":"https:\/\/corrientesdetarde.com\/index.php\/wp-json\/wp\/v2\/types\/post"}],"author":[{"embeddable":true,"href":"https:\/\/corrientesdetarde.com\/index.php\/wp-json\/wp\/v2\/users\/4"}],"replies":[{"embeddable":true,"href":"https:\/\/corrientesdetarde.com\/index.php\/wp-json\/wp\/v2\/comments?post=154941"}],"version-history":[{"count":1,"href":"https:\/\/corrientesdetarde.com\/index.php\/wp-json\/wp\/v2\/posts\/154941\/revisions"}],"predecessor-version":[{"id":154943,"href":"https:\/\/corrientesdetarde.com\/index.php\/wp-json\/wp\/v2\/posts\/154941\/revisions\/154943"}],"wp:featuredmedia":[{"embeddable":true,"href":"https:\/\/corrientesdetarde.com\/index.php\/wp-json\/wp\/v2\/media\/154942"}],"wp:attachment":[{"href":"https:\/\/corrientesdetarde.com\/index.php\/wp-json\/wp\/v2\/media?parent=154941"}],"wp:term":[{"taxonomy":"category","embeddable":true,"href":"https:\/\/corrientesdetarde.com\/index.php\/wp-json\/wp\/v2\/categories?post=154941"},{"taxonomy":"post_tag","embeddable":true,"href":"https:\/\/corrientesdetarde.com\/index.php\/wp-json\/wp\/v2\/tags?post=154941"}],"curies":[{"name":"wp","href":"https:\/\/api.w.org\/{rel}","templated":true}]}}