{"id":154944,"date":"2024-07-24T22:56:18","date_gmt":"2024-07-25T01:56:18","guid":{"rendered":"https:\/\/corrientesdetarde.com\/?p=154944"},"modified":"2024-07-24T22:56:30","modified_gmt":"2024-07-25T01:56:30","slug":"los-gobernadores-reclaman-al-ejecutivo-los-fondos-de-las-jubilaciones","status":"publish","type":"post","link":"https:\/\/corrientesdetarde.com\/index.php\/politica\/los-gobernadores-reclaman-al-ejecutivo-los-fondos-de-las-jubilaciones\/","title":{"rendered":"Los gobernadores reclaman al Ejecutivo los fondos de las jubilaciones"},"content":{"rendered":"\n<p>Llaryora, Pullaro y Frigerio hab\u00edan acordado hacer pedidos en conjunto por los pagos. Se trata de jurisdicciones que no tienen transferidos sus sistemas previsionales a la ANSES.<\/p>\n\n\n\n<p>Gobernadores de provincias que no tienen transferidas sus cajas previsionales a la ANSES mantienen conversaciones para volver a reclamarle a Naci\u00f3n el pago de las deudas, tras el acuerdo alcanzado entre el Gobierno y la Ciudad de Buenos Aires por la coparticipaci\u00f3n recortada durante la administraci\u00f3n de Alberto Fern\u00e1ndez.<\/p>\n\n\n\n<p>A fines de junio los gobernadores de la Regi\u00f3n Centro, Maximiliano Pullaro (Santa Fe), Rogelio Frigerio (Entre R\u00edos), y Mart\u00edn Llaryora (C\u00f3rdoba) se reunieron en Santa Fe, para firmar un documento con reclamos al gobierno de Javier Milei por la deuda de la ANSES con las cajas de jubilaciones. De esta forma, acordaron en un acto en la Casa de gobierno de Santa Fe abordar de manera conjunta el conflicto por los fondos. Por su parte, el gobernador bonaerense, Axel Kicillof, hizo una presentaci\u00f3n judicial al respecto, ante la Corte Suprema.<\/p>\n\n\n\n<p>Durante el acuerdo de las provincias de la regi\u00f3n Centro al Gobierno por el pago de la deuda con las cajas provinciales, Pullaro plante\u00f3: &#8220;El desaf\u00edo que tenemos como Regi\u00f3n Centro es reclamar la deuda que tiene Naci\u00f3n con nuestras Cajas de Jubilaciones. Es importante que podamos plantear estos temas de fondo, son pol\u00edticas de Estado. Para eso tenemos que hacernos muy fuertes y reclamar lo que nos corresponde, que es que se respete la ley y el federalismo&#8221;.<\/p>\n\n\n\n<p>Llaryora advirti\u00f3: &#8220;Este tema tiene un impacto fundamental en cada una de las provincias. Por eso tenemos que empezar a darle definiciones concretas. En C\u00f3rdoba hemos tomado decisiones, ninguna ha sido f\u00e1cil. Nos est\u00e1n enviando cero pesos, esto no pas\u00f3 nunca. Los tres gobernadores estamos cumpliendo con las obligaciones y queremos que se discuta este problema de Estado compartido por todos&#8221;.<\/p>\n\n\n\n<p>Mientras que Frigerio mencion\u00f3 que las cajas previsionales &#8220;tienen que estar asistidas por el Gobierno Nacional como la ley, con mucha precisi\u00f3n, lo demanda&#8221;, que se trata de &#8220;un viejo reclamo, hist\u00f3rico, de la transferencia de los fondos de las cajas con la ANSES, una inequidad&#8221; que dijo que quieren &#8220;queremos corregir con consenso y di\u00e1logo&#8221;.<\/p>\n\n\n\n<p>Entre los puntos m\u00e1s fuertes de la declaraci\u00f3n firmada por los tres gobernadores determinaron que &#8220;hasta tanto se logre acordar soluciones adecuadas, viables y justas para las cuestiones descritas, cada una de las provincias iniciar\u00e1 y\/o continuar\u00e1 con los reclamos y acciones pertinentes, en defensa de sus derechos propios y de los de sus respectivos ciudadanos y ciudadanas&#8221;.<\/p>\n\n\n\n<p>Los jefes provinciales acordaron en ese documento reclamar de manera conjunta &#8220;la problem\u00e1tica del financiamiento de los d\u00e9ficits de los sistemas provinciales&#8221; de las tres jurisdicciones &#8220;de modo que se garantice su sostenibilidad, los derechos de las personas jubiladas y pensionadas un trato igualitario y equitativo con el resto de las provincias que transfirieron sus sistemas previsionales al \u00e1mbito federal&#8221;.<\/p>\n\n\n\n<p>Advirtieron sobre el incumplimiento del Estado nacional &#8220;del compromiso legal de financiar los d\u00e9ficits de los sistemas previsionales de las provincias de C\u00f3rdoba, Entre R\u00edos y Santa Fe, que no fueron transferidos al \u00e1mbito nacional, en procura del mantenimiento de la igualdad de todas las provincias en materia de financiamiento previsional&#8221;.<\/p>\n","protected":false},"excerpt":{"rendered":"<p>Llaryora, Pullaro y Frigerio hab\u00edan acordado hacer pedidos en conjunto por los pagos. Se trata de jurisdicciones que no tienen transferidos sus sistemas previsionales a la ANSES. Gobernadores de provincias&hellip; <\/p>\n","protected":false},"author":4,"featured_media":154945,"comment_status":"closed","ping_status":"open","sticky":false,"template":"","format":"standard","meta":{"footnotes":""},"categories":[3],"tags":[],"class_list":["post-154944","post","type-post","status-publish","format-standard","has-post-thumbnail","hentry","category-politica"],"_links":{"self":[{"href":"https:\/\/corrientesdetarde.com\/index.php\/wp-json\/wp\/v2\/posts\/154944","targetHints":{"allow":["GET"]}}],"collection":[{"href":"https:\/\/corrientesdetarde.com\/index.php\/wp-json\/wp\/v2\/posts"}],"about":[{"href":"https:\/\/corrientesdetarde.com\/index.php\/wp-json\/wp\/v2\/types\/post"}],"author":[{"embeddable":true,"href":"https:\/\/corrientesdetarde.com\/index.php\/wp-json\/wp\/v2\/users\/4"}],"replies":[{"embeddable":true,"href":"https:\/\/corrientesdetarde.com\/index.php\/wp-json\/wp\/v2\/comments?post=154944"}],"version-history":[{"count":1,"href":"https:\/\/corrientesdetarde.com\/index.php\/wp-json\/wp\/v2\/posts\/154944\/revisions"}],"predecessor-version":[{"id":154946,"href":"https:\/\/corrientesdetarde.com\/index.php\/wp-json\/wp\/v2\/posts\/154944\/revisions\/154946"}],"wp:featuredmedia":[{"embeddable":true,"href":"https:\/\/corrientesdetarde.com\/index.php\/wp-json\/wp\/v2\/media\/154945"}],"wp:attachment":[{"href":"https:\/\/corrientesdetarde.com\/index.php\/wp-json\/wp\/v2\/media?parent=154944"}],"wp:term":[{"taxonomy":"category","embeddable":true,"href":"https:\/\/corrientesdetarde.com\/index.php\/wp-json\/wp\/v2\/categories?post=154944"},{"taxonomy":"post_tag","embeddable":true,"href":"https:\/\/corrientesdetarde.com\/index.php\/wp-json\/wp\/v2\/tags?post=154944"}],"curies":[{"name":"wp","href":"https:\/\/api.w.org\/{rel}","templated":true}]}}