{"id":154947,"date":"2024-07-24T23:45:09","date_gmt":"2024-07-25T02:45:09","guid":{"rendered":"https:\/\/corrientesdetarde.com\/?p=154947"},"modified":"2024-07-24T23:45:13","modified_gmt":"2024-07-25T02:45:13","slug":"revelaron-como-fue-la-reaccion-de-la-mama-de-loan-al-enterarse-de-la-desaparicion","status":"publish","type":"post","link":"https:\/\/corrientesdetarde.com\/index.php\/actualidad\/revelaron-como-fue-la-reaccion-de-la-mama-de-loan-al-enterarse-de-la-desaparicion\/","title":{"rendered":"Revelaron c\u00f3mo fue la reacci\u00f3n de la mam\u00e1 de Loan al enterarse de la desaparici\u00f3n"},"content":{"rendered":"\n<p>Una vecina le avis\u00f3 a Mar\u00eda Noguera que su hijo estaba desaparecido, despu\u00e9s de recibir un llamado desesperado de su pap\u00e1, Jos\u00e9 Pe\u00f1a.<\/p>\n\n\n\n<p>Marina Franco, familiar de Loan Danilo Pe\u00f1a, cont\u00f3 cu\u00e1l fue la reacci\u00f3n de la mam\u00e1 del nene cuando le avis\u00f3 que su hijo estaba perdido.&nbsp;<strong>\u201cCuando le dije, empez\u00f3 a gritar y a llorar\u201d<\/strong>, cont\u00f3 la mujer.&nbsp;<\/p>\n\n\n\n<p>\u201cEl d\u00eda de la desaparici\u00f3n me llam\u00f3 Mar\u00eda Gonz\u00e1lez, vecina de Catalina, a las 15.55.&nbsp;<strong>Me pas\u00f3 con Jos\u00e9 (el pap\u00e1) y me dijo que se hab\u00eda perdido Loan<\/strong>, que le avise a Mar\u00eda (la mam\u00e1). Cuando ella me atendi\u00f3 le consult\u00e9 si estaba con ella. Me dijo que no y le coment\u00e9 que se hab\u00eda perdido hace dos horas.&nbsp;<strong>Me pregunt\u00f3 si la estaba jodiendo y cuando le dije que no, empez\u00f3 a gritar y a llorar<\/strong>\u201d, relat\u00f3 la mujer.<\/p>\n\n\n\n<p>\u201cJos\u00e9, cuando me llam\u00f3, estaba angustiado, muy dolido y desesperado\u201d, detall\u00f3 Marina sobre la reacci\u00f3n del pap\u00e1 de Loan.<\/p>\n\n\n\n<p>\u201cEn el momento yo no me tom\u00e9 tan mal la noticia porque se puede perder un nene en el campo, no sab\u00eda que iba a ser para tanto\u201d, agreg\u00f3 en di\u00e1logo con TN<\/p>\n\n\n\n<p>Marina es pareja de Roque Noguera, primo de Mar\u00eda Noguera, la mam\u00e1 de Loan. El hombre particip\u00f3 de la b\u00fasqueda del nene junto a Francisco M\u00e9ndez, quien encontr\u00f3 la supuesta huella de Loan en el campo. \u201cLe mand\u00f3 una foto a su hermana Gabina y ella a su vez se la reenv\u00edo a su jefe, Walter Maciel\u201d, cont\u00f3.<\/p>\n\n\n\n<p>Noguera fue llevado a declarar este mi\u00e9rcoles ante la jueza federal en Goya. Ayer la Justicia allan\u00f3 la casa de Gabina, que es polic\u00eda de la comisar\u00eda de 9 de Julio.<\/p>\n","protected":false},"excerpt":{"rendered":"<p>Una vecina le avis\u00f3 a Mar\u00eda Noguera que su hijo estaba desaparecido, despu\u00e9s de recibir un llamado desesperado de su pap\u00e1, Jos\u00e9 Pe\u00f1a. Marina Franco, familiar de Loan Danilo Pe\u00f1a,&hellip; <\/p>\n","protected":false},"author":4,"featured_media":154948,"comment_status":"closed","ping_status":"open","sticky":false,"template":"","format":"standard","meta":{"footnotes":""},"categories":[23],"tags":[],"class_list":["post-154947","post","type-post","status-publish","format-standard","has-post-thumbnail","hentry","category-actualidad"],"_links":{"self":[{"href":"https:\/\/corrientesdetarde.com\/index.php\/wp-json\/wp\/v2\/posts\/154947","targetHints":{"allow":["GET"]}}],"collection":[{"href":"https:\/\/corrientesdetarde.com\/index.php\/wp-json\/wp\/v2\/posts"}],"about":[{"href":"https:\/\/corrientesdetarde.com\/index.php\/wp-json\/wp\/v2\/types\/post"}],"author":[{"embeddable":true,"href":"https:\/\/corrientesdetarde.com\/index.php\/wp-json\/wp\/v2\/users\/4"}],"replies":[{"embeddable":true,"href":"https:\/\/corrientesdetarde.com\/index.php\/wp-json\/wp\/v2\/comments?post=154947"}],"version-history":[{"count":1,"href":"https:\/\/corrientesdetarde.com\/index.php\/wp-json\/wp\/v2\/posts\/154947\/revisions"}],"predecessor-version":[{"id":154949,"href":"https:\/\/corrientesdetarde.com\/index.php\/wp-json\/wp\/v2\/posts\/154947\/revisions\/154949"}],"wp:featuredmedia":[{"embeddable":true,"href":"https:\/\/corrientesdetarde.com\/index.php\/wp-json\/wp\/v2\/media\/154948"}],"wp:attachment":[{"href":"https:\/\/corrientesdetarde.com\/index.php\/wp-json\/wp\/v2\/media?parent=154947"}],"wp:term":[{"taxonomy":"category","embeddable":true,"href":"https:\/\/corrientesdetarde.com\/index.php\/wp-json\/wp\/v2\/categories?post=154947"},{"taxonomy":"post_tag","embeddable":true,"href":"https:\/\/corrientesdetarde.com\/index.php\/wp-json\/wp\/v2\/tags?post=154947"}],"curies":[{"name":"wp","href":"https:\/\/api.w.org\/{rel}","templated":true}]}}