{"id":154971,"date":"2024-07-25T09:14:53","date_gmt":"2024-07-25T12:14:53","guid":{"rendered":"https:\/\/corrientesdetarde.com\/?p=154971"},"modified":"2024-07-25T09:15:15","modified_gmt":"2024-07-25T12:15:15","slug":"victoria-villarruel-apoyo-a-la-seleccion-tras-el-escandalo-en-los-juegos-olimpicos","status":"publish","type":"post","link":"https:\/\/corrientesdetarde.com\/index.php\/politica\/victoria-villarruel-apoyo-a-la-seleccion-tras-el-escandalo-en-los-juegos-olimpicos\/","title":{"rendered":"Victoria Villarruel apoy\u00f3 a la Selecci\u00f3n tras el esc\u00e1ndalo en los Juegos Ol\u00edmpicos."},"content":{"rendered":"\n<h2 class=\"wp-block-heading\">La vicepresidenta utiliz\u00f3 sus redes sociales para defender al equipo de Javier Mascherano luego de la pol\u00e9mica derrota en Par\u00eds.<\/h2>\n\n\n\n<p>El debut de la Sub 23 de Javier Mascherano protagoniz\u00f3 la desinteligencia en la organizaci\u00f3n del Comit\u00e9 Ol\u00edmpico Internacional. Luego de la ca\u00edda ante Marruecos en un encuentro que tuvo el resultado final cuatro horas despu\u00e9s (2-1), Victoria Villarruel, vicepresidenta de la naci\u00f3n, volvi\u00f3 a dejar su opini\u00f3n en las redes sociales para respaldar al equipo nacional.<\/p>\n\n\n\n<p>En el posteo, tom\u00f3 como referencia el video donde se produce el ataque hacia los jugadores argentinos, acompa\u00f1ado por una contundente frase: &#8220;Aunque nos insulten y silben nuestro himno, Argentina est\u00e1 destinada a la grandeza. \u00a1Viva la Argentinidad!&#8221;.<\/p>\n\n\n\n<p>En tierra francesa, el conjunto albiceleste ya contaba con el p\u00fablico en contra desde la previa. Al momento de entonar el himno nacional, los silbidos inundaron el Estadio Geoffroy-Guichard.<\/p>\n\n\n\n<h2 class=\"wp-block-heading\">La defensa de Villarruel a Enzo Fernandez por las acusaciones racistas<\/h2>\n\n\n\n<p>Hace una semanas, la vicepresidenta, actualmente a cargo del mando de la Argentina debido al viaje a Francia de Javier Milei, no se mantuvo al margen de la situaci\u00f3n que ten\u00eda a Enzo Fern\u00e1ndez en el ojo de la tormenta. El jugador de la Selecci\u00f3n Argentina fue acusado gravemente por sus compa\u00f1eros del Chelsea y dem\u00e1s futbolistas del equipo franc\u00e9s, tras el video que se viraliz\u00f3 con los &#8220;cantos racistas&#8221; de fondo, desde la cuenta de Instagram del ex River.<\/p>\n\n\n\n<p>Ante el revuelo medi\u00e1tico, Villarruel sostuvo su fuerte defensa a todo el plantel nacional. &#8220;Argentina es un pa\u00eds soberano y libre. Nunca tuvimos colonias ni ciudadanos de segunda. Nunca le impusimos a nadie nuestra forma de vida. Pero tampoco vamos a tolerar que lo hagan con nosotros. Argentina se hizo con el sudor y el coraje de los indios, los europeos, los criollos y los negros como Remedios del Valle, el Sargento Cabral y Bernardo de Monteagudo&#8221;, escribi\u00f3 en su cuenta de X.&nbsp;<\/p>\n","protected":false},"excerpt":{"rendered":"<p>La vicepresidenta utiliz\u00f3 sus redes sociales para defender al equipo de Javier Mascherano luego de la pol\u00e9mica derrota en Par\u00eds. El debut de la Sub 23 de Javier Mascherano protagoniz\u00f3&hellip; <\/p>\n","protected":false},"author":6,"featured_media":154974,"comment_status":"closed","ping_status":"open","sticky":false,"template":"","format":"standard","meta":{"footnotes":""},"categories":[3],"tags":[],"class_list":["post-154971","post","type-post","status-publish","format-standard","has-post-thumbnail","hentry","category-politica"],"_links":{"self":[{"href":"https:\/\/corrientesdetarde.com\/index.php\/wp-json\/wp\/v2\/posts\/154971","targetHints":{"allow":["GET"]}}],"collection":[{"href":"https:\/\/corrientesdetarde.com\/index.php\/wp-json\/wp\/v2\/posts"}],"about":[{"href":"https:\/\/corrientesdetarde.com\/index.php\/wp-json\/wp\/v2\/types\/post"}],"author":[{"embeddable":true,"href":"https:\/\/corrientesdetarde.com\/index.php\/wp-json\/wp\/v2\/users\/6"}],"replies":[{"embeddable":true,"href":"https:\/\/corrientesdetarde.com\/index.php\/wp-json\/wp\/v2\/comments?post=154971"}],"version-history":[{"count":1,"href":"https:\/\/corrientesdetarde.com\/index.php\/wp-json\/wp\/v2\/posts\/154971\/revisions"}],"predecessor-version":[{"id":154975,"href":"https:\/\/corrientesdetarde.com\/index.php\/wp-json\/wp\/v2\/posts\/154971\/revisions\/154975"}],"wp:featuredmedia":[{"embeddable":true,"href":"https:\/\/corrientesdetarde.com\/index.php\/wp-json\/wp\/v2\/media\/154974"}],"wp:attachment":[{"href":"https:\/\/corrientesdetarde.com\/index.php\/wp-json\/wp\/v2\/media?parent=154971"}],"wp:term":[{"taxonomy":"category","embeddable":true,"href":"https:\/\/corrientesdetarde.com\/index.php\/wp-json\/wp\/v2\/categories?post=154971"},{"taxonomy":"post_tag","embeddable":true,"href":"https:\/\/corrientesdetarde.com\/index.php\/wp-json\/wp\/v2\/tags?post=154971"}],"curies":[{"name":"wp","href":"https:\/\/api.w.org\/{rel}","templated":true}]}}