{"id":15500,"date":"2022-10-29T10:15:25","date_gmt":"2022-10-29T13:15:25","guid":{"rendered":"https:\/\/corrientesdetarde.com\/?p=15500"},"modified":"2022-10-29T10:15:28","modified_gmt":"2022-10-29T13:15:28","slug":"alrededor-de-mil-familias-realizan-tareas-en-cooperativas-de-reciclaje","status":"publish","type":"post","link":"https:\/\/corrientesdetarde.com\/index.php\/medio-ambiente\/alrededor-de-mil-familias-realizan-tareas-en-cooperativas-de-reciclaje\/","title":{"rendered":"Alrededor de mil familias realizan tareas en cooperativas de reciclaje"},"content":{"rendered":"\n<p>Cada cooperativa cuenta con personal que recorre la ciudad en b\u00fasqueda de materiales que posteriormente pasar\u00e1n al proceso de reciclado. El Secretario de Ambiente y Desarrollo Sustentable de Capital destac\u00f3 el trabajo en conjunto<\/p>\n\n\n\n<p>La ciudad de Corrientes se propuso objetivos claros para luchar contra el cambio clim\u00e1tico. La tarea es ardua y amerita de varios actores de la sociedad. Uno de los puntos destacados en este eslab\u00f3n son las cooperativas que desarrollan recolecci\u00f3n de elementos reciclables.<\/p>\n\n\n\n<p>Ignacio Maldonado Yonna, secretario de Ambiente y Desarrollo Sustentable de la ciudad de Corrientes, en comunicaci\u00f3n con \u00e9poca destac\u00f3 el trabajo que realizan con las cuatro cooperativas que se dedican a la recolecci\u00f3n de materiales reciclables.<\/p>\n\n\n\n<figure class=\"wp-block-image\"><img decoding=\"async\" src=\"https:\/\/www.diarioepoca.com\/content\/bucket\/3\/1259043w690h800c.jpg.webp\" alt=\"\"\/><figcaption>LA COOPERATIVA SANTA RITA EN ACCI\u00d3N.<\/figcaption><\/figure>\n\n\n\n<p>&#8220;Estamos en proceso de cambio y notamos que cada vez m\u00e1s hay compromiso para la selecci\u00f3n de basura. Esto lo vemos en cada uno de los barrios que tenemos el programa de recolecci\u00f3n diferenciada&#8221;, coment\u00f3 el funcionario.<\/p>\n\n\n\n<p>En este sentido aclar\u00f3 que desde el Municipio, una vez que realizan la recolecci\u00f3n env\u00edan los elementos a las distintas cooperativas.<\/p>\n\n\n\n<figure class=\"wp-block-image\"><img decoding=\"async\" src=\"https:\/\/www.diarioepoca.com\/content\/bucket\/4\/1259044w762h490c.jpg.webp\" alt=\"\"\/><\/figure>\n\n\n\n<p>Vale recordar que la comuna capitalina rubric\u00f3 acuerdos con la cooperativa Fortaleza, Santa Rita, Corrientes Recicla y Kunum\u00ed.<\/p>\n\n\n\n<p>Maldonado Yonna coment\u00f3 que por cooperativa trabajan aproximadamente 200 familias. &#8220;Es importante el trabajo que realizan y debemos continuar con la labor de concientizaci\u00f3n para que la recolecci\u00f3n diferenciada siga creciendo en la ciudad&#8221;, dijo el funcionario, quien adem\u00e1s coment\u00f3 que por semana se recolectan aproximadamente 350 kilos de materiales reciclables en los barrios que se encuentran en las cuatro avenidas de la ciudad.<\/p>\n\n\n\n<p>Jos\u00e9, integrante de la cooperativa Kunum\u00ed, coment\u00f3 que cuentan con bicicletas que se realizaron con fondos nacionales.<\/p>\n\n\n\n<p>&#8220;En nuestra cooperativa contamos con bicicarros que usan para la recolecci\u00f3n de materiales reciclables&#8221;, dijo el hombre en comunicaci\u00f3n con \u00e9poca.<\/p>\n\n\n\n<p>Adem\u00e1s, coment\u00f3 que la cooperativa es una de las siete integrantes de la Federaci\u00f3n de Trabajadores de Corrientes. Dijo que, a su vez, tienen 36 unidades productivas en distintos barrios capitalinos.<\/p>\n\n\n\n<p>&#8220;La base est\u00e1 en el barrio Pueblito Buenos Aires y tambi\u00e9n se encarga de los barrios de la zona, como por ejemplo el San Ger\u00f3nimo&#8221;, enfatiz\u00f3 el referente, quien inform\u00f3 que cuentan con 11 bicicarros.<\/p>\n\n\n\n<figure class=\"wp-block-image\"><img decoding=\"async\" src=\"https:\/\/www.diarioepoca.com\/content\/bucket\/5\/1259045w762h490c.jpg.webp\" alt=\"\"\/><\/figure>\n\n\n\n<p>Por su parte, se\u00f1al\u00f3 que el punto verde inaugurado en el barrio San Ger\u00f3nimo es positivo ya que recorren los basurales. &#8220;Con este aporte de la comuna capitalina podr\u00e1n acceder a los elementos que son arrojados en los puntos verdes y sin tener que rebuscar en lugares que son insalubres&#8221;, indic\u00f3.<\/p>\n\n\n\n<p>Por \u00faltimo, mencion\u00f3 que &#8220;los vecinos que quieran colaborar con nosotros pero sobre todo con el medio ambiente pueden acercarse a los distintos puntos verdes para poder seguir con la cadena del mejorar el medio ambiente&#8221;.<\/p>\n\n\n\n<h2 class=\"wp-block-heading\">Fortaleza<\/h2>\n\n\n\n<p>La Cooperativa Fortaleza est\u00e1 conformada por un grupo de familias del barrio Ongay, que desde el 2001 lleva adelante la recolecci\u00f3n de RSU para destinarlos al reciclado; en el a\u00f1o 2010 se conformaron como organizaci\u00f3n Cooperativa, con la colaboraci\u00f3n de otras asociaciones y t\u00e9cnicos que los ayudaron en diferentes etapas consolidando su experiencia en la separaci\u00f3n en origen y la educaci\u00f3n ambiental.<\/p>\n","protected":false},"excerpt":{"rendered":"<p>Cada cooperativa cuenta con personal que recorre la ciudad en b\u00fasqueda de materiales que posteriormente pasar\u00e1n al proceso de reciclado. El Secretario de Ambiente y Desarrollo Sustentable de Capital destac\u00f3&hellip; <\/p>\n","protected":false},"author":3,"featured_media":15501,"comment_status":"closed","ping_status":"open","sticky":false,"template":"","format":"standard","meta":{"footnotes":""},"categories":[6],"tags":[],"class_list":["post-15500","post","type-post","status-publish","format-standard","has-post-thumbnail","hentry","category-medio-ambiente"],"_links":{"self":[{"href":"https:\/\/corrientesdetarde.com\/index.php\/wp-json\/wp\/v2\/posts\/15500","targetHints":{"allow":["GET"]}}],"collection":[{"href":"https:\/\/corrientesdetarde.com\/index.php\/wp-json\/wp\/v2\/posts"}],"about":[{"href":"https:\/\/corrientesdetarde.com\/index.php\/wp-json\/wp\/v2\/types\/post"}],"author":[{"embeddable":true,"href":"https:\/\/corrientesdetarde.com\/index.php\/wp-json\/wp\/v2\/users\/3"}],"replies":[{"embeddable":true,"href":"https:\/\/corrientesdetarde.com\/index.php\/wp-json\/wp\/v2\/comments?post=15500"}],"version-history":[{"count":1,"href":"https:\/\/corrientesdetarde.com\/index.php\/wp-json\/wp\/v2\/posts\/15500\/revisions"}],"predecessor-version":[{"id":15502,"href":"https:\/\/corrientesdetarde.com\/index.php\/wp-json\/wp\/v2\/posts\/15500\/revisions\/15502"}],"wp:featuredmedia":[{"embeddable":true,"href":"https:\/\/corrientesdetarde.com\/index.php\/wp-json\/wp\/v2\/media\/15501"}],"wp:attachment":[{"href":"https:\/\/corrientesdetarde.com\/index.php\/wp-json\/wp\/v2\/media?parent=15500"}],"wp:term":[{"taxonomy":"category","embeddable":true,"href":"https:\/\/corrientesdetarde.com\/index.php\/wp-json\/wp\/v2\/categories?post=15500"},{"taxonomy":"post_tag","embeddable":true,"href":"https:\/\/corrientesdetarde.com\/index.php\/wp-json\/wp\/v2\/tags?post=15500"}],"curies":[{"name":"wp","href":"https:\/\/api.w.org\/{rel}","templated":true}]}}