{"id":155044,"date":"2024-07-25T16:15:11","date_gmt":"2024-07-25T19:15:11","guid":{"rendered":"https:\/\/corrientesdetarde.com\/?p=155044"},"modified":"2024-07-25T16:15:15","modified_gmt":"2024-07-25T19:15:15","slug":"el-diagrama-que-presento-walter-maciel-y-que-revela-como-fue-la-busqueda-de-loan","status":"publish","type":"post","link":"https:\/\/corrientesdetarde.com\/index.php\/crimen-y-justicia\/el-diagrama-que-presento-walter-maciel-y-que-revela-como-fue-la-busqueda-de-loan\/","title":{"rendered":"El diagrama que present\u00f3 Walter Maciel y que revela c\u00f3mo fue la b\u00fasqueda de Loan"},"content":{"rendered":"\n<p>A 42 d\u00edas de la desaparici\u00f3n de Loan Danilo Pe\u00f1a en Corrientes, se conoci\u00f3 el diagrama presentado por el comisario Walter Maciel donde revela como fue la b\u00fasqueda del ni\u00f1o de 5 a\u00f1os en 9 de Julio. El croquis, realizado por el imputado en la causa, se se\u00f1alan los puntos de investigaci\u00f3n realizados y el accionar de una camioneta blanca &#8220;que fue hacia el campo de Berton&#8221; donde marc\u00f3 una c\u00e1mara de seguridad que &#8220;no revisaron bien&#8221;.<\/p>\n\n\n\n<p>En el croquis se puede leer como el comisario Walter Maciel brinda detalles de la b\u00fasqueda realizada hasta el momento que fuera imputado, detenido y apartado en la causa. &#8220;Casa de P\u00e9rez Caillava&#8221;, &#8220;casa de Catalina&#8221;, &#8220;casa del testigo&#8221;, &#8220;camino cortado&#8221; y &#8220;ruido fuert\u00edsimo&#8221;, son algunos de los escritos en el papel.<\/p>\n\n\n\n<p>Entre las preguntas que se realiz\u00f3 el comisario se encuentran &#8220;\u00bfQu\u00e9 pas\u00f3 y qu\u00e9 hora salieron P\u00e9rez y Caillava de lo de Catalina y a que hora exactamente avis\u00f3 Laudelina lo de Loan&#8221;, &#8220;\u00bfPor qu\u00e9 fueron a declarar a Corrientes estando la causa en la Justicia Federal&#8221; y \u00bfde qui\u00e9n era la camioneta blanca y qui\u00e9n la manejaba&#8221;.<\/p>\n\n\n\n<figure class=\"wp-block-image\"><img decoding=\"async\" src=\"https:\/\/www.diarioepoca.com\/content\/bucket\/0\/1375460w380h213c.webp.webp\" alt=\"\"\/><\/figure>\n\n\n\n<p>Adem\u00e1s revelaron un dato que cuenta Maciel y le llam\u00f3 la atenci\u00f3n a los investigadores, &#8220;all\u00ed le habla de una camioneta blanca&#8221;. &#8220;Hace dos d\u00edas vimos como en la casa de Jorge Bert\u00f3n encontraron una Amarok doble cabina color blanca que estaba estacionada en su casa, la misma deriv\u00f3 en un trabajo de polic\u00eda cient\u00edfica&#8221;.&nbsp;<\/p>\n\n\n\n<p>Dicho veh\u00edculo, Maciel lo incluye en el croquis. &#8220;El comisario se\u00f1ala en sobre la ruta, seg\u00fan testigos se escucha un ruido fuerte, pero el auto no se detiene y contin\u00faa la marcha en direcci\u00f3n desconocida. Ah\u00ed abajo es cuando el comisario se pregunta de quien es. Esto que hizo le hizo sentido a los fiscales y la jueza porque estaban detr\u00e1s de la posibilidad de interacci\u00f3n de una camioneta blanca en la zona de la desaparici\u00f3n&#8221;, detalla sobre el tema un especialista.<\/p>\n","protected":false},"excerpt":{"rendered":"<p>A 42 d\u00edas de la desaparici\u00f3n de Loan Danilo Pe\u00f1a en Corrientes, se conoci\u00f3 el diagrama presentado por el comisario Walter Maciel donde revela como fue la b\u00fasqueda del ni\u00f1o&hellip; <\/p>\n","protected":false},"author":1,"featured_media":155055,"comment_status":"closed","ping_status":"open","sticky":false,"template":"","format":"standard","meta":{"footnotes":""},"categories":[5],"tags":[],"class_list":["post-155044","post","type-post","status-publish","format-standard","has-post-thumbnail","hentry","category-crimen-y-justicia"],"_links":{"self":[{"href":"https:\/\/corrientesdetarde.com\/index.php\/wp-json\/wp\/v2\/posts\/155044","targetHints":{"allow":["GET"]}}],"collection":[{"href":"https:\/\/corrientesdetarde.com\/index.php\/wp-json\/wp\/v2\/posts"}],"about":[{"href":"https:\/\/corrientesdetarde.com\/index.php\/wp-json\/wp\/v2\/types\/post"}],"author":[{"embeddable":true,"href":"https:\/\/corrientesdetarde.com\/index.php\/wp-json\/wp\/v2\/users\/1"}],"replies":[{"embeddable":true,"href":"https:\/\/corrientesdetarde.com\/index.php\/wp-json\/wp\/v2\/comments?post=155044"}],"version-history":[{"count":1,"href":"https:\/\/corrientesdetarde.com\/index.php\/wp-json\/wp\/v2\/posts\/155044\/revisions"}],"predecessor-version":[{"id":155056,"href":"https:\/\/corrientesdetarde.com\/index.php\/wp-json\/wp\/v2\/posts\/155044\/revisions\/155056"}],"wp:featuredmedia":[{"embeddable":true,"href":"https:\/\/corrientesdetarde.com\/index.php\/wp-json\/wp\/v2\/media\/155055"}],"wp:attachment":[{"href":"https:\/\/corrientesdetarde.com\/index.php\/wp-json\/wp\/v2\/media?parent=155044"}],"wp:term":[{"taxonomy":"category","embeddable":true,"href":"https:\/\/corrientesdetarde.com\/index.php\/wp-json\/wp\/v2\/categories?post=155044"},{"taxonomy":"post_tag","embeddable":true,"href":"https:\/\/corrientesdetarde.com\/index.php\/wp-json\/wp\/v2\/tags?post=155044"}],"curies":[{"name":"wp","href":"https:\/\/api.w.org\/{rel}","templated":true}]}}