{"id":155046,"date":"2024-07-25T16:08:50","date_gmt":"2024-07-25T19:08:50","guid":{"rendered":"https:\/\/corrientesdetarde.com\/?p=155046"},"modified":"2024-07-25T16:08:54","modified_gmt":"2024-07-25T19:08:54","slug":"se-aproxima-la-6-edicion-del-festival-provincial-del-guiso-tropero-en-santo-tome","status":"publish","type":"post","link":"https:\/\/corrientesdetarde.com\/index.php\/eventossociedad\/se-aproxima-la-6-edicion-del-festival-provincial-del-guiso-tropero-en-santo-tome\/","title":{"rendered":"Se aproxima la 6\u00b0 edici\u00f3n del Festival Provincial del Guiso Tropero en Santo Tom\u00e9"},"content":{"rendered":"\n<p>El pr\u00f3ximo domingo 27 de julio en Plaza Col\u00f3n, a partir de las 9 horas, tendr\u00e1 lugar la 6ta edici\u00f3n del festival provincial del guiso tropero, en la localidad de Santo Tom\u00e9.<\/p>\n\n\n\n<p>La Asociaci\u00f3n Santotome\u00f1a de Peque\u00f1os Productores \u201c20 de junio\u201d y la direcci\u00f3n de Turismo de la Municipalidad de Santo Tom\u00e9 informaron que se encuentran abiertas las inscripciones para los diferentes equipos que deseen competir en el concurso. Habr\u00e1 m\u00e1s de 680.000 mil pesos en premios, para el primero, el segundo puesto, tercero y cuarto puesto, tambi\u00e9n se elijar\u00e1 el mejor stand y se otorgar\u00e1n certificados de participaci\u00f3n y habr\u00e1 premios sorpresas durante toda la jornada.<\/p>\n\n\n\n<p>Por otra parte, como en cada edici\u00f3n, se realizar\u00e1n venta de comidas t\u00edpicas con el paseo de artesanos, los gastron\u00f3micos y los emprendedores, con m\u00fasica para toda la familia, juegos para chicos y mucho m\u00e1s. Se podr\u00e1 comer en el lugar, o &nbsp;se puede llevar. La entrada es libre y gratuita.<\/p>\n\n\n\n<p>El guiso tropero o el guiso carrero pertenece a la cocina criolla argentina, y es uno de los guisos t\u00edpicos que se hace en los fr\u00edos inviernos. Su ingrediente principal es la mandioca, la ra\u00edz tan popular en el Nordeste argentino. Son conocidos como \u201cplatos de cuchara de las abuelas\u201d, que invade de nostalgia los hogares con todo su sabor casero.<\/p>\n\n\n\n<p>Vale mencionar que las inscripciones se realizan en la oficina de Turismo de la Terminal de \u00d3mnibus o en casa del Bicentenario de 9 a 21hs. Para m\u00e1s informaci\u00f3n comun\u00edcate al (3756 \u2013 510524).<\/p>\n","protected":false},"excerpt":{"rendered":"<p>El pr\u00f3ximo domingo 27 de julio en Plaza Col\u00f3n, a partir de las 9 horas, tendr\u00e1 lugar la 6ta edici\u00f3n del festival provincial del guiso tropero, en la localidad de&hellip; <\/p>\n","protected":false},"author":1,"featured_media":155047,"comment_status":"closed","ping_status":"open","sticky":false,"template":"","format":"standard","meta":{"footnotes":""},"categories":[1208],"tags":[],"class_list":["post-155046","post","type-post","status-publish","format-standard","has-post-thumbnail","hentry","category-eventossociedad"],"_links":{"self":[{"href":"https:\/\/corrientesdetarde.com\/index.php\/wp-json\/wp\/v2\/posts\/155046","targetHints":{"allow":["GET"]}}],"collection":[{"href":"https:\/\/corrientesdetarde.com\/index.php\/wp-json\/wp\/v2\/posts"}],"about":[{"href":"https:\/\/corrientesdetarde.com\/index.php\/wp-json\/wp\/v2\/types\/post"}],"author":[{"embeddable":true,"href":"https:\/\/corrientesdetarde.com\/index.php\/wp-json\/wp\/v2\/users\/1"}],"replies":[{"embeddable":true,"href":"https:\/\/corrientesdetarde.com\/index.php\/wp-json\/wp\/v2\/comments?post=155046"}],"version-history":[{"count":1,"href":"https:\/\/corrientesdetarde.com\/index.php\/wp-json\/wp\/v2\/posts\/155046\/revisions"}],"predecessor-version":[{"id":155048,"href":"https:\/\/corrientesdetarde.com\/index.php\/wp-json\/wp\/v2\/posts\/155046\/revisions\/155048"}],"wp:featuredmedia":[{"embeddable":true,"href":"https:\/\/corrientesdetarde.com\/index.php\/wp-json\/wp\/v2\/media\/155047"}],"wp:attachment":[{"href":"https:\/\/corrientesdetarde.com\/index.php\/wp-json\/wp\/v2\/media?parent=155046"}],"wp:term":[{"taxonomy":"category","embeddable":true,"href":"https:\/\/corrientesdetarde.com\/index.php\/wp-json\/wp\/v2\/categories?post=155046"},{"taxonomy":"post_tag","embeddable":true,"href":"https:\/\/corrientesdetarde.com\/index.php\/wp-json\/wp\/v2\/tags?post=155046"}],"curies":[{"name":"wp","href":"https:\/\/api.w.org\/{rel}","templated":true}]}}