{"id":15518,"date":"2022-10-29T11:18:30","date_gmt":"2022-10-29T14:18:30","guid":{"rendered":"https:\/\/corrientesdetarde.com\/?p=15518"},"modified":"2022-10-29T11:18:35","modified_gmt":"2022-10-29T14:18:35","slug":"abuso-a-menor-se-quiere-banar-porque-siente-asco-de-su-cuerpo","status":"publish","type":"post","link":"https:\/\/corrientesdetarde.com\/index.php\/crimen-y-justicia\/abuso-a-menor-se-quiere-banar-porque-siente-asco-de-su-cuerpo\/","title":{"rendered":"Abuso a menor: &#8220;Se quiere ba\u00f1ar porque siente asco de su cuerpo&#8221;"},"content":{"rendered":"\n<p>La ni\u00f1a de 11 a\u00f1os recibe ayuda psicol\u00f3gica. El depravado ya tiene antecedentes por otro caso de abuso. Investigan las denuncias.<\/p>\n\n\n\n<p>&#8220;Mam\u00e1, no puedo m\u00e1s, te voy a contar porque tengo miedo que el se\u00f1or me haga algo&#8221; y relat\u00f3 en detalle lo que pas\u00f3. Se trata de las palabras de una ni\u00f1a de 11 a\u00f1os de la ciudad capital, quien despu\u00e9s de un tiempo se anim\u00f3 a dar a conocer lo que un hombre de 40 a\u00f1os le hac\u00eda cuando iba a la casa de su compa\u00f1era para hacer la tarea. La denuncia se realiz\u00f3 en la comisar\u00eda S\u00e9ptima, por raz\u00f3n de jurisdicci\u00f3n. Luego, ambas fueron trasladadas hasta la sede de la Divisi\u00f3n Delitos contra la Integridad Sexual, en la que se inici\u00f3 la investigaci\u00f3n del hecho.<\/p>\n\n\n\n<p>El hombre de 40 a\u00f1os, V.E., tiene dos denuncias por abuso sexual.<\/p>\n\n\n\n<p>Una del 2019 y otra realizada d\u00edas atr\u00e1s. Ambas damnificadas son ni\u00f1as.<\/p>\n\n\n\n<p>La madre de una de ellas, de nombre Marcela, cont\u00f3 el caso en Radio Dos. &#8220;Notaba que hab\u00eda d\u00edas en que mi hija lloraba y me dec\u00eda que se peleaba con sus compa\u00f1eritas. No imagin\u00e9 que terminar\u00eda haciendo una denuncia por abuso. Temblaba al contarme lo que le hac\u00eda&#8221;, dijo.<\/p>\n\n\n\n<p>Su hija concurre a la misma escuela que su amiga y era normal que ambas hagan la tarea juntas. &#8220;Est\u00e1 con ayuda psicol\u00f3gica, el martes ya declar\u00f3&#8221;, coment\u00f3 la madre, quien agreg\u00f3 notar &#8220;que est\u00e1 con secuelas de lo que pas\u00f3, est\u00e1 acostada todo el d\u00eda y se quiere ba\u00f1ar a cada rato porque me dice que siente asco de su cuerpo&#8221;.<\/p>\n\n\n\n<p>El hombre fue aprehendido tras la denuncia y horas despu\u00e9s fue liberado. Seg\u00fan pudo saber Marcela, se debe a que el presunto depravado tiene &#8220;retraso mental&#8221; y que eso le habr\u00eda &#8220;beneficiado&#8221;.<\/p>\n\n\n\n<p>A la mujer, fuentes oficiales le informaron que se iniciaron tareas investigativas y que resta contar con el informe de la c\u00e1mara Gesell para avanzar en una imputaci\u00f3n.<\/p>\n\n\n\n<p>&#8220;Hasta tener el informe de su declaraci\u00f3n en c\u00e1mara Gesell no tendr\u00edamos novedad de la detenci\u00f3n pero queremos verlo preso&#8221;, reiter\u00f3 la madre de la nena damnificada.<\/p>\n\n\n\n<p>Tambi\u00e9n Mariana, quien es mam\u00e1 de otra de las nenas que denunci\u00f3 el caso en 2019 ante la emisora local, dijo que su hija pas\u00f3 por c\u00e1mara Gesell y que esperan fecha de juicio.<\/p>\n\n\n\n<p>Ante la publicaci\u00f3n del caso de Marcela, Mariana se contact\u00f3 con la mujer, ya que se trataba del mismo hombre en cuesti\u00f3n y relat\u00f3 lo que su hija vivi\u00f3 a\u00f1os atr\u00e1s.<\/p>\n\n\n\n<p>Se supo que el hombre se domicilia en el barrio Progreso, en una vivienda ubicada por avenida Maip\u00fa de la capital provincial.<\/p>\n\n\n\n<p>Convive con una mujer quien trabajar\u00eda varias horas al d\u00eda y tiene dos hijas de 11 y 5 a\u00f1os, quienes &#8220;sabr\u00edan de los abusos&#8221;, declar\u00f3 Marcela.<\/p>\n\n\n\n<h2 class=\"wp-block-heading\">Profesor denunciado<\/h2>\n\n\n\n<p>En tanto, en la localidad correntina de Goya, una madre denunci\u00f3 que su hijo fue v\u00edctima de intento de abuso por parte de un profesor de la instituci\u00f3n educativa a la cual asiste.<\/p>\n\n\n\n<p>Al portal de noticias Tngoya, relat\u00f3 que su hijo estaba en la garita apostado sobre la avenida Ca\u00e1 Guaz\u00fa, esperando a su t\u00edo para que lo busque despu\u00e9s de clases y fue all\u00ed cuando el profesor, quien se domicilia en la zona, &#8220;lo llam\u00f3 e invit\u00f3 a pasar a la casa para hacer algunas cositas&#8221;.<\/p>\n\n\n\n<p>El chico se habr\u00eda acercado al hombre al no entender lo que le habr\u00eda manifestado, ya que lo conoce de la escuela. &#8220;Fue entonces que le dijo para tener relaciones&#8221;, coment\u00f3 la mujer.<\/p>\n\n\n\n<p>Sorprendido y asustado, el chico fue hasta la casa de una compa\u00f1era que vive en la cuadra y pidi\u00f3 ayuda.<\/p>\n\n\n\n<p>Conocido el hecho, la madre hizo la denuncia del caso.<\/p>\n\n\n\n<p>La Juez de Familia orden\u00f3 restricci\u00f3n de acercamiento al profesor, quien a\u00fan contin\u00faa en libertad.<\/p>\n","protected":false},"excerpt":{"rendered":"<p>La ni\u00f1a de 11 a\u00f1os recibe ayuda psicol\u00f3gica. El depravado ya tiene antecedentes por otro caso de abuso. Investigan las denuncias. &#8220;Mam\u00e1, no puedo m\u00e1s, te voy a contar porque&hellip; <\/p>\n","protected":false},"author":3,"featured_media":15519,"comment_status":"closed","ping_status":"open","sticky":false,"template":"","format":"standard","meta":{"footnotes":""},"categories":[5],"tags":[],"class_list":["post-15518","post","type-post","status-publish","format-standard","has-post-thumbnail","hentry","category-crimen-y-justicia"],"_links":{"self":[{"href":"https:\/\/corrientesdetarde.com\/index.php\/wp-json\/wp\/v2\/posts\/15518","targetHints":{"allow":["GET"]}}],"collection":[{"href":"https:\/\/corrientesdetarde.com\/index.php\/wp-json\/wp\/v2\/posts"}],"about":[{"href":"https:\/\/corrientesdetarde.com\/index.php\/wp-json\/wp\/v2\/types\/post"}],"author":[{"embeddable":true,"href":"https:\/\/corrientesdetarde.com\/index.php\/wp-json\/wp\/v2\/users\/3"}],"replies":[{"embeddable":true,"href":"https:\/\/corrientesdetarde.com\/index.php\/wp-json\/wp\/v2\/comments?post=15518"}],"version-history":[{"count":1,"href":"https:\/\/corrientesdetarde.com\/index.php\/wp-json\/wp\/v2\/posts\/15518\/revisions"}],"predecessor-version":[{"id":15520,"href":"https:\/\/corrientesdetarde.com\/index.php\/wp-json\/wp\/v2\/posts\/15518\/revisions\/15520"}],"wp:featuredmedia":[{"embeddable":true,"href":"https:\/\/corrientesdetarde.com\/index.php\/wp-json\/wp\/v2\/media\/15519"}],"wp:attachment":[{"href":"https:\/\/corrientesdetarde.com\/index.php\/wp-json\/wp\/v2\/media?parent=15518"}],"wp:term":[{"taxonomy":"category","embeddable":true,"href":"https:\/\/corrientesdetarde.com\/index.php\/wp-json\/wp\/v2\/categories?post=15518"},{"taxonomy":"post_tag","embeddable":true,"href":"https:\/\/corrientesdetarde.com\/index.php\/wp-json\/wp\/v2\/tags?post=15518"}],"curies":[{"name":"wp","href":"https:\/\/api.w.org\/{rel}","templated":true}]}}