{"id":155214,"date":"2024-07-26T11:49:10","date_gmt":"2024-07-26T14:49:10","guid":{"rendered":"https:\/\/corrientesdetarde.com\/?p=155214"},"modified":"2024-07-26T11:49:21","modified_gmt":"2024-07-26T14:49:21","slug":"el-gobierno-analiza-cubrir-los-salarios-de-empleados-publicos-que-sean-contratados-por-empresas-privadas","status":"publish","type":"post","link":"https:\/\/corrientesdetarde.com\/index.php\/economia\/el-gobierno-analiza-cubrir-los-salarios-de-empleados-publicos-que-sean-contratados-por-empresas-privadas\/","title":{"rendered":"El Gobierno analiza cubrir los salarios de empleados p\u00fablicos que sean contratados por empresas privadas."},"content":{"rendered":"\n<h2 class=\"wp-block-heading\">La alternativa que baraja el Gobierno, que \u201cno ser\u00e1 inmediata\u201d, es que exista un r\u00e9gimen de incentivos al sector privado para que contraten empleados que se encuentren en \u201cdisponibilidad\u201d por la reducci\u00f3n de personal y gastos del Estado.<\/h2>\n\n\n\n<p>El Gobierno de\u00a0<strong>Javier Milei\u00a0<\/strong>analiza otorgar un subsidio por hasta 12 meses para que empresas privadas contraten empleados p\u00fablicos que pasen a \u201cdisponibilidad\u201d. Esta es una de las ideas del flamante ministro de Desregulaci\u00f3n y Modernizaci\u00f3n del Estado,<strong>\u00a0Federico Sturzenegger<\/strong>, en su plan\u00a0para racionalizar el gasto estatal.<\/p>\n\n\n\n<p>La intenci\u00f3n es que, en el marco del objetivo para reducir personal y achicar la estructura del Estado que tiene en mente el principal ide\u00f3logo de la<strong>&nbsp;Ley Bases<\/strong>, los empleados que se encuentren en planta permanente pero pasen a quedar afectados por la restructuraci\u00f3n o reducci\u00f3n de organismos puedan insertarse en el sector privado formal.<\/p>\n\n\n\n<p>El personal que no sea reubicado estar\u00e1 obligado a recibir capacitaci\u00f3n o desarrollar tareas para otro organismo durante 12 meses, con goce de sueldo. Luego de ese per\u00edodo, si ese trabajador no encontr\u00f3 un puesto en el sector privado ser\u00e1 despedido e indemnizado. La alternativa que baraja el Gobierno, que \u201cno ser\u00e1 inmediata\u201d seg\u00fan explican, es que exista un r\u00e9gimen de \u201cincentivos\u201d a empresas para que contraten a los ex empleados p\u00fablicos.<\/p>\n\n\n\n<p>\u201cCuando se fusionan o cerr\u00e1s organismos, \u00bfqu\u00e9 haces con la gente? Se le protege el salario durante 12 meses y despu\u00e9s se le da una indemnizaci\u00f3n. Vamos a hacer un esquema para que en esos 12 meses el trabajador pueda ir a una empresa privada y le diga: \u2018Probame\u2019. Y esa plata, esos 12 meses se la vamos a dar a la empresa. Si el trabajador quiere se la damos a \u00e9l, pero si elige se la damos a la empresa\u201d, explic\u00f3 recientemente Sturzenegger en declaraciones a Radio Mitre.<\/p>\n\n\n\n<p>En paralelo, Sturzenegger trabaja en la eliminaci\u00f3n o la reforma de unos 60 organismos p\u00fablicos, que saldr\u00e1n del organigrama estatal de un tir\u00f3n, se achicar\u00e1n considerablemente o se fusionar\u00e1n con otras \u00e1reas.<\/p>\n\n\n\n<p>Los pocos ejemplos que dejaron trascender desde la Casa Rosada son el<strong>&nbsp;Instituto Nacional de Juventudes (INJUVE)<\/strong>, que depende del Ministerio de Capital Humano bajo la \u00f3rbita de Sandra Pettovello; el<strong>&nbsp;Instituto Nacional de Asuntos Ind\u00edgenas (INAI)<\/strong>, que funciona en la Jefatura de Gabinete de Guillermo Francos y donde acababan de nombrar al exfuncionario de Mauricio Macri, Claudio Avruj; y el<strong>&nbsp;Instituto Nacional contra la Discriminaci\u00f3n, la Xenofobia y el Racismo (INADI)<\/strong>&nbsp;que depende de la cartera de Justicia que conduce Mariano C\u00faneo Libarona.<\/p>\n\n\n\n<p>Los fundamentos no se oficializaron, pero girar\u00e1n en torno a la idea de que no tienen un fin necesario para la funci\u00f3n p\u00fablica, o que fueron usadas de manera irregular durante la administraci\u00f3n kirchnerista para desviar fondos p\u00fablicos.&nbsp;<strong>En lugar de sanearlas, el Gobierno se dispone a suprimirlas.<\/strong><\/p>\n\n\n\n<p><img loading=\"lazy\" decoding=\"async\" alt=\"El Gobierno tiene en la mira 60 organismos p\u00fablicos. (Adri\u00e1n Escandar)\" height=\"1081\" width=\"1920\" class=\"\" src=\"https:\/\/www.infobae.com\/new-resizer\/FEwXDiURHm5eU7qf2xysPwF4Emk=\/420x236\/filters:format(webp):quality(85)\/cloudfront-us-east-1.images.arcpublishing.com\/infobae\/OFKA5AO3FBEPJIIABV7ZEC2UUE.jpg%20420w\" srcset=\"https:\/\/www.infobae.com\/new-resizer\/FEwXDiURHm5eU7qf2xysPwF4Emk=\/420x236\/filters:format(webp):quality(85)\/cloudfront-us-east-1.images.arcpublishing.com\/infobae\/OFKA5AO3FBEPJIIABV7ZEC2UUE.jpg 420w,https:\/\/www.infobae.com\/new-resizer\/3koauzA22oKjcal0Ym9buEhdZ-4=\/768x432\/filters:format(webp):quality(85)\/cloudfront-us-east-1.images.arcpublishing.com\/infobae\/OFKA5AO3FBEPJIIABV7ZEC2UUE.jpg 768w,https:\/\/www.infobae.com\/new-resizer\/6U5WFxzewJv0oWODG9USRFKKs4U=\/992x558\/filters:format(webp):quality(85)\/cloudfront-us-east-1.images.arcpublishing.com\/infobae\/OFKA5AO3FBEPJIIABV7ZEC2UUE.jpg 992w,https:\/\/www.infobae.com\/new-resizer\/xpudzScIe2SCMFKgKqZzgRe1OFM=\/1200x675\/filters:format(webp):quality(85)\/cloudfront-us-east-1.images.arcpublishing.com\/infobae\/OFKA5AO3FBEPJIIABV7ZEC2UUE.jpg 1200w,https:\/\/www.infobae.com\/new-resizer\/IqhsIFCxT9diqkPpPQsU1rCuCGI=\/1440x810\/filters:format(webp):quality(85)\/cloudfront-us-east-1.images.arcpublishing.com\/infobae\/OFKA5AO3FBEPJIIABV7ZEC2UUE.jpg 1440w\">El Gobierno tiene en la mira 60 organismos p\u00fablicos. (Adri\u00e1n Escandar)<\/p>\n\n\n\n<p>En su designaci\u00f3n como ministro se hab\u00eda establecido que las atribuciones de Sturzenegger tendr\u00edan injerencia sobre otras \u00e1reas, previa consulta con sus respectivos ministros o secretarios. Pero por ahora, en Desregulaci\u00f3n y en las carteras cuyos organismos ser\u00e1n afectados manten\u00edan la reserva sobre la forma en que se articular\u00e1 el decreto y la fecha en que se pondr\u00e1 en marcha.<\/p>\n\n\n\n<p>La Casa Rosada hab\u00eda anunciado el cierre del INADI en febrero, como parte de una pol\u00edtica \u201cintegral\u201d de \u201cdesmantelamiento de diferentes institutos\u201d que son \u201cgrandes cajas de la pol\u00edtica o simplemente lugares para generar empleo militante\u201d, seg\u00fan dijo en ese momento el vocero Manuel Adorni. Pero reci\u00e9n se concretar\u00eda a partir del decreto de \u201cFredy\u201d, como llaman a Sturzenegger los amigos.<\/p>\n\n\n\n<p>El resto de los organismos se mantuvieron en reserva, por ahora. Pero en el organigrama del Estado operan tambi\u00e9n el Instituto Nacional de Asociativismo y Econom\u00eda Social (INAES); el Instituto Nacional de Cine y Artes Audiovisuales (INCAA), el Instituto Nacional de la M\u00fasica (INAMU); el Instituto Nacional del Teatro (INT) -en Cultura-; Casa Patria Grande Presidente N\u00e9stor Kirchner; el Instituto Nacional \u201cJ. D. Per\u00f3n\u201d de Estudios e Investigaciones Hist\u00f3ricas, Sociales y Pol\u00edticas -en Capital Humano- entre varios otros cuya existencia fue cuestionada o asociada a un \u201ccurro\u201d del Estado, en l\u00ednea con el relato de Milei contra la casta que lo llev\u00f3 a la Casa Rosada.<\/p>\n\n\n\n<p><em>Fuente: Infobae.<\/em><\/p>\n\n\n\n<p><a href=\"https:\/\/www.infobae.com\/politica\/2024\/07\/26\/el-gobierno-revelo-que-milei-y-macron-hablaron-del-desafortunado-mensaje-de-villarruel-sobre-francia-y-se-reaviva-la-tension-interna\/\" target=\"_blank\" rel=\"noreferrer noopener\"><\/a><\/p>\n","protected":false},"excerpt":{"rendered":"<p>La alternativa que baraja el Gobierno, que \u201cno ser\u00e1 inmediata\u201d, es que exista un r\u00e9gimen de incentivos al sector privado para que contraten empleados que se encuentren en \u201cdisponibilidad\u201d por&hellip; <\/p>\n","protected":false},"author":6,"featured_media":155218,"comment_status":"closed","ping_status":"open","sticky":false,"template":"","format":"standard","meta":{"footnotes":""},"categories":[20],"tags":[],"class_list":["post-155214","post","type-post","status-publish","format-standard","has-post-thumbnail","hentry","category-economia"],"_links":{"self":[{"href":"https:\/\/corrientesdetarde.com\/index.php\/wp-json\/wp\/v2\/posts\/155214","targetHints":{"allow":["GET"]}}],"collection":[{"href":"https:\/\/corrientesdetarde.com\/index.php\/wp-json\/wp\/v2\/posts"}],"about":[{"href":"https:\/\/corrientesdetarde.com\/index.php\/wp-json\/wp\/v2\/types\/post"}],"author":[{"embeddable":true,"href":"https:\/\/corrientesdetarde.com\/index.php\/wp-json\/wp\/v2\/users\/6"}],"replies":[{"embeddable":true,"href":"https:\/\/corrientesdetarde.com\/index.php\/wp-json\/wp\/v2\/comments?post=155214"}],"version-history":[{"count":1,"href":"https:\/\/corrientesdetarde.com\/index.php\/wp-json\/wp\/v2\/posts\/155214\/revisions"}],"predecessor-version":[{"id":155219,"href":"https:\/\/corrientesdetarde.com\/index.php\/wp-json\/wp\/v2\/posts\/155214\/revisions\/155219"}],"wp:featuredmedia":[{"embeddable":true,"href":"https:\/\/corrientesdetarde.com\/index.php\/wp-json\/wp\/v2\/media\/155218"}],"wp:attachment":[{"href":"https:\/\/corrientesdetarde.com\/index.php\/wp-json\/wp\/v2\/media?parent=155214"}],"wp:term":[{"taxonomy":"category","embeddable":true,"href":"https:\/\/corrientesdetarde.com\/index.php\/wp-json\/wp\/v2\/categories?post=155214"},{"taxonomy":"post_tag","embeddable":true,"href":"https:\/\/corrientesdetarde.com\/index.php\/wp-json\/wp\/v2\/tags?post=155214"}],"curies":[{"name":"wp","href":"https:\/\/api.w.org\/{rel}","templated":true}]}}