{"id":155251,"date":"2024-07-26T13:00:15","date_gmt":"2024-07-26T16:00:15","guid":{"rendered":"https:\/\/corrientesdetarde.com\/?p=155251"},"modified":"2024-07-26T13:00:21","modified_gmt":"2024-07-26T16:00:21","slug":"con-el-objetivo-de-evitar-incendios-forestales-el-gobierno-prohibio-las-quemas-en-toda-la-provincia","status":"publish","type":"post","link":"https:\/\/corrientesdetarde.com\/index.php\/destacados\/con-el-objetivo-de-evitar-incendios-forestales-el-gobierno-prohibio-las-quemas-en-toda-la-provincia\/","title":{"rendered":"Con el objetivo de evitar incendios forestales, el Gobierno prohibi\u00f3 las quemas en toda la provincia"},"content":{"rendered":"\n<p>Ante la escasez de lluvias y decenas de focos de incendio detectados a diario, el Gobierno decidi\u00f3 prohibir las quemas en todo el territorio provincial, aun las que han sido autorizadas con anterioridad. Este viernes por la ma\u00f1ana se realiz\u00f3 una conferencia de prensa a cargo de Defensa Civil para explicar detalles de la medida, que tiene por objetivo proteger a la poblaci\u00f3n, la flora y fauna y evitar da\u00f1os materiales.<br>\u201cEn los \u00faltimos meses llovi\u00f3 muy poco, en algunas localidades solo un mil\u00edmetro en 30 d\u00edas, lo que genera un d\u00e9ficit de agua y potencia la probabilidad de incendios\u201d, declar\u00f3 el director de Defensa Civil en el SUM del Ministerio de Coordinaci\u00f3n, lugar de la conferencia.<br>Seg\u00fan inform\u00f3 el subdirector de Defensa Civil, Bruno Lovinson, actualmente hay un promedio 70 incendios rurales diarios. Por lo que se toma la decisi\u00f3n de prohibir las quemas, adem\u00e1s de instar a la poblaci\u00f3n \u201cpara que prepare los sistemas de prevenci\u00f3n, de cortafuegos, limpien la pastura y otras medidas que, en caso de incendio, puedan sofocarlo r\u00e1pidamente\u201d.<br>De esos incendios, solamente el 2% se da de manera accidental, el resto se originan intencionalmente, generalmente para la eliminaci\u00f3n de pasturas. \u201cSe prende el fuego, la gente no controla y termina provocando da\u00f1os a alambrados y propiedades\u201d.<br>A pesar de lo anterior, Lovinson remarca que las campa\u00f1as de concientizaci\u00f3n llevadas adelante lograron logr\u00f3 bajar notablemente el n\u00famero de focos en el \u00faltimo tiempo, con personas que se equiparon y capacitaron al respecto, pero que \u201ctodav\u00eda existe una falta de cultura respecto al manejo del fuego que hay que trabajar\u201d.<br>Las zonas m\u00e1s afectadas son la zona del R\u00edo Uruguay y el centro-norte provincial.<br>Por su parte, el subsecretario de Seguridad, Osvaldo de los Santos Garc\u00eda que, inform\u00f3 que se han labrado actas contravencionales y que, de ser necesario, se promover\u00e1n acciones penales contra quienes provoquen incendios.<br>\u201cHay gente que no eval\u00faa lo que puede suceder, no solo con el fuego, sino que se genera da\u00f1os en alambrados, permitiendo que salgan animales a la ruta y puede haber accidentes\u201d, agreg\u00f3 el subsecretario. Tambi\u00e9n inst\u00f3 a comunicarse con los bomberos y la polic\u00eda ante cualquier caso.<br>En cuanto a la prevenci\u00f3n y combate del fuego por parte del Gobierno, Lovinson indic\u00f3 que se incorpor\u00f3 material de \u00faltima tecnolog\u00eda, 25 camiones 0km, otros 22 usados y m\u00e1s de 100 camionetas que fueron distribuidas por toda la provincia.<br>\u201cHay un equipamiento importante, no solamente mec\u00e1nico, sino tambi\u00e9n tecnol\u00f3gico y en materia de capacitaci\u00f3n hemos trabajado much\u00edsimo en el \u00faltimo tiempo, pero sin la prevenci\u00f3n esto no sirve de nada\u201d, expres\u00f3.<br>La medida de prohibir las quemas continuar\u00e1 hasta que mejoren las condiciones del tiempo. Las proyecciones indican bajas lluvias hasta fin de a\u00f1o.<\/p>\n\n\n\n<figure class=\"wp-block-image size-large\"><img loading=\"lazy\" decoding=\"async\" width=\"1024\" height=\"682\" src=\"https:\/\/corrientesdetarde.com\/wp-content\/uploads\/2024\/07\/image-307-1024x682.png\" alt=\"\" class=\"wp-image-155252\" srcset=\"https:\/\/corrientesdetarde.com\/wp-content\/uploads\/2024\/07\/image-307-1024x682.png 1024w, https:\/\/corrientesdetarde.com\/wp-content\/uploads\/2024\/07\/image-307-300x200.png 300w, https:\/\/corrientesdetarde.com\/wp-content\/uploads\/2024\/07\/image-307-768x512.png 768w, https:\/\/corrientesdetarde.com\/wp-content\/uploads\/2024\/07\/image-307-1536x1023.png 1536w, https:\/\/corrientesdetarde.com\/wp-content\/uploads\/2024\/07\/image-307.png 1600w\" sizes=\"auto, (max-width: 1024px) 100vw, 1024px\" \/><\/figure>\n\n\n\n<figure class=\"wp-block-image size-large\"><img loading=\"lazy\" decoding=\"async\" width=\"1024\" height=\"682\" src=\"https:\/\/corrientesdetarde.com\/wp-content\/uploads\/2024\/07\/image-308-1024x682.png\" alt=\"\" class=\"wp-image-155253\" srcset=\"https:\/\/corrientesdetarde.com\/wp-content\/uploads\/2024\/07\/image-308-1024x682.png 1024w, https:\/\/corrientesdetarde.com\/wp-content\/uploads\/2024\/07\/image-308-300x200.png 300w, https:\/\/corrientesdetarde.com\/wp-content\/uploads\/2024\/07\/image-308-768x512.png 768w, https:\/\/corrientesdetarde.com\/wp-content\/uploads\/2024\/07\/image-308-1536x1023.png 1536w, https:\/\/corrientesdetarde.com\/wp-content\/uploads\/2024\/07\/image-308.png 1600w\" sizes=\"auto, (max-width: 1024px) 100vw, 1024px\" \/><\/figure>\n\n\n\n<figure class=\"wp-block-image size-large\"><img loading=\"lazy\" decoding=\"async\" width=\"1024\" height=\"682\" src=\"https:\/\/corrientesdetarde.com\/wp-content\/uploads\/2024\/07\/image-309-1024x682.png\" alt=\"\" class=\"wp-image-155254\" srcset=\"https:\/\/corrientesdetarde.com\/wp-content\/uploads\/2024\/07\/image-309-1024x682.png 1024w, https:\/\/corrientesdetarde.com\/wp-content\/uploads\/2024\/07\/image-309-300x200.png 300w, https:\/\/corrientesdetarde.com\/wp-content\/uploads\/2024\/07\/image-309-768x512.png 768w, https:\/\/corrientesdetarde.com\/wp-content\/uploads\/2024\/07\/image-309-1536x1023.png 1536w, https:\/\/corrientesdetarde.com\/wp-content\/uploads\/2024\/07\/image-309.png 1600w\" sizes=\"auto, (max-width: 1024px) 100vw, 1024px\" \/><\/figure>\n","protected":false},"excerpt":{"rendered":"<p>Ante la escasez de lluvias y decenas de focos de incendio detectados a diario, el Gobierno decidi\u00f3 prohibir las quemas en todo el territorio provincial, aun las que han sido&hellip; <\/p>\n","protected":false},"author":8,"featured_media":155253,"comment_status":"closed","ping_status":"open","sticky":false,"template":"","format":"standard","meta":{"footnotes":""},"categories":[26],"tags":[],"class_list":["post-155251","post","type-post","status-publish","format-standard","has-post-thumbnail","hentry","category-destacados"],"_links":{"self":[{"href":"https:\/\/corrientesdetarde.com\/index.php\/wp-json\/wp\/v2\/posts\/155251","targetHints":{"allow":["GET"]}}],"collection":[{"href":"https:\/\/corrientesdetarde.com\/index.php\/wp-json\/wp\/v2\/posts"}],"about":[{"href":"https:\/\/corrientesdetarde.com\/index.php\/wp-json\/wp\/v2\/types\/post"}],"author":[{"embeddable":true,"href":"https:\/\/corrientesdetarde.com\/index.php\/wp-json\/wp\/v2\/users\/8"}],"replies":[{"embeddable":true,"href":"https:\/\/corrientesdetarde.com\/index.php\/wp-json\/wp\/v2\/comments?post=155251"}],"version-history":[{"count":1,"href":"https:\/\/corrientesdetarde.com\/index.php\/wp-json\/wp\/v2\/posts\/155251\/revisions"}],"predecessor-version":[{"id":155256,"href":"https:\/\/corrientesdetarde.com\/index.php\/wp-json\/wp\/v2\/posts\/155251\/revisions\/155256"}],"wp:featuredmedia":[{"embeddable":true,"href":"https:\/\/corrientesdetarde.com\/index.php\/wp-json\/wp\/v2\/media\/155253"}],"wp:attachment":[{"href":"https:\/\/corrientesdetarde.com\/index.php\/wp-json\/wp\/v2\/media?parent=155251"}],"wp:term":[{"taxonomy":"category","embeddable":true,"href":"https:\/\/corrientesdetarde.com\/index.php\/wp-json\/wp\/v2\/categories?post=155251"},{"taxonomy":"post_tag","embeddable":true,"href":"https:\/\/corrientesdetarde.com\/index.php\/wp-json\/wp\/v2\/tags?post=155251"}],"curies":[{"name":"wp","href":"https:\/\/api.w.org\/{rel}","templated":true}]}}