{"id":155257,"date":"2024-07-26T13:04:45","date_gmt":"2024-07-26T16:04:45","guid":{"rendered":"https:\/\/corrientesdetarde.com\/?p=155257"},"modified":"2024-07-26T13:04:57","modified_gmt":"2024-07-26T16:04:57","slug":"el-operativo-integral-municipal-comenzara-su-recorrido-de-agosto-en-el-barrio-serantes","status":"publish","type":"post","link":"https:\/\/corrientesdetarde.com\/index.php\/sociales\/el-operativo-integral-municipal-comenzara-su-recorrido-de-agosto-en-el-barrio-serantes\/","title":{"rendered":"El operativo integral municipal comenzar\u00e1 su recorrido de agosto en el barrio Serantes"},"content":{"rendered":"\n<p><em>Las prestaciones sanitarias y servicios, sumado a los programas Mascotas Saludables y Descacharrado iniciar\u00e1n el 2 de agosto en Nicaragua y Escocia, y se prolongar\u00e1n durante todo el mes en otros ocho barrios de la ciudad los mi\u00e9rcoles y viernes, de 8 a 12.<\/em><\/p>\n\n\n\n<p>El operativo \u201cLa Muni en tu Barrio\u201d, que acerca prestaciones sanitarias y servicios gratuitos a los vecinos en diferentes zonas de la ciudad todos los mi\u00e9rcoles y viernes, en el horario de 8 a 12, iniciar\u00e1 su recorrido del mes de agosto el viernes 2 en la intersecci\u00f3n de las calles Nicaragua y Escocia del barrio Serantes y se prolongar\u00e1n durante todo el mes en otros ocho barrios.&nbsp;&nbsp;&nbsp;&nbsp;<br>&nbsp;<br>En los mismos, diferentes \u00e1reas de la Municipalidad, adem\u00e1s de organismos provinciales y nacionales, realizan control de peso y talla, atenci\u00f3n m\u00e9dica general, odontolog\u00eda, hipertensi\u00f3n arterial, glucemia, entre otros controles de salud.<br>&nbsp;<br>Adem\u00e1s, se llevan a cabo otros servicios, como asesoramiento jur\u00eddico, defensa del consumidor, jubilaciones, as\u00ed como la participaci\u00f3n del programa \u00d1ande Huerta, entre otras prestaciones.<br>&nbsp;<br>En todos los casos, La Muni en tu Barrio est\u00e1 acompa\u00f1ado del programa Mascotas Saludables, que promueve la tenencia responsable de los animales dom\u00e9sticos, acercando atenci\u00f3n veterinaria gratuita, vacunaci\u00f3n antirr\u00e1bica, desparasitaciones, y esterilizaciones (castraciones). Este \u00faltimo servicio debe requerirse con antelaci\u00f3n a trav\u00e9s del turnero web, por contar con un cupo limitado por cada operativo.<br>&nbsp;<br>Hay que puntualizar que para fortalecer este trabajo de promoci\u00f3n de la tenencia responsable de los animales dom\u00e9sticos, esta prestaci\u00f3n ofrecida a trav\u00e9s del programa Mascotas Saludables, contin\u00faa brind\u00e1ndose en diferentes barrios de la ciudad los d\u00edas martes y jueves, de 9 a 12, llev\u00e1ndose adelante en estos casos s\u00f3lo los servicios de vacunaci\u00f3n y desparasitaci\u00f3n.<br>&nbsp;<br>En tanto que los mi\u00e9rcoles y viernes, la Municipalidad lleva adelante por la tarde tareas de descacharrado en la zona donde previamente se realiza el operativo de La Muni en tu Barrio.<br>&nbsp;<br>En cada jornada, desde las 14, camiones y operarios municipales pasan a retirar todos aquellos elementos en desuso que pueden llegar a acumular agua y actuar como reservorios para la proliferaci\u00f3n del mosquito vector del dengue, como ser muebles y electrodom\u00e9sticos viejos, llantas, cubiertas, chatarra, baldes, juguetes, recipientes, entre otros, que los vecinos deben disponer en sus veredas.<br>&nbsp;<br>En el caso del viernes 2 de agosto, en el barrio Serantes, el operativo de descacharrado abarcar\u00e1 el cuadrante conformado por las calles Zibelman, Cuba, Miami y Medrano.<br>&nbsp;<br>CRONOGRAMA<br>&nbsp;<br>La Muni en tu Barrio (de 8 a 12)<br>&nbsp;<br>Viernes 2\/8: Barrio Serantes (Nicaragua y Escocia).<br>&nbsp;<br>Mi\u00e9rcoles 7\/8: Barrio Dr. Monta\u00f1a (Alcorta y calle 518)<br>&nbsp;<br>Viernes 9\/8: Barrio P\u00edo X (Av. Del IV Centenario y R\u00edo Negro)<br>&nbsp;<br>Mi\u00e9rcoles 14\/8: Barrio Lomas del Mirador (Zaragoza y calle 10)<br>&nbsp;<br>Viernes 16\/8: Barrio Bejarano (Santa Rita y Jes\u00fas Mar\u00eda)<br>&nbsp;<br>Mi\u00e9rcoles 21\/8: Barrio Fray Jos\u00e9 de la Quintana (Cangallo y Frondizi-Plaza Ex Combatientes de Malvinas).<br>&nbsp;<br>Viernes 23\/8: Barrio Pirayu\u00ed (Cuba y Alejandro Dumas)<br>&nbsp;<br>Mi\u00e9rcoles 28\/8: Barrio Universitario (Gasc\u00f3n y Manuel Acevedo)<br>&nbsp;<br>Viernes 30\/8: Barrio Virgen de los Dolores (Demetrio Molina y Gutnisky).<br><br>&nbsp;<br>Descacharrado (a partir de las 14)<br>&nbsp;<br>Viernes 2: barrio Serantes. Zona comprendida por las calles Zibelman, Cuba, Miami y Medrano.<br>&nbsp;<br>Mi\u00e9rcoles 7: barrio Dr. Monta\u00f1a. Zona comprendida por las calles 328, Av. Maip\u00fa, Seguismundo Klein y Miguel Can\u00e9.<br>&nbsp;<br>Viernes 9: barrio P\u00edo X. Zona comprendida por las avenidas Teniente Ib\u00e1\u00f1ez, Juan de Garay, Del IV Centenario y calle J. R. Vidal.<br>&nbsp;<br>Mi\u00e9rcoles 14: barrio Lomas del Mirador. Zona comprendida por las calles Ballerini, Barcelona, Linares y Guadalajara.<br>&nbsp;<br>Viernes 16: barrio Bejarano. Zona comprendida por Ruta 12, Gobernador Julio Romero, calles 13 y 21.<br>&nbsp;<br>Mi\u00e9rcoles 21: barrio Fray Jos\u00e9 de la Quintana. Zonas comprendidas por las calles Cuba, A\u00f1asco, ex v\u00eda y calle 95.<br>&nbsp;<br>Viernes 23: barrio Pirayu\u00ed. Zona comprendida por las calles Ramos Mej\u00eda, Tupac Amar\u00fa, Alejandro Dumas y Ruta 12.<br>&nbsp;<br>Mi\u00e9rcoles 28: barrio Universitario. Zona comprendida por las avenidas Independencia, Centenario, y las calles Godoy Cruz y Timoteo Grillo.<br>&nbsp;<br>Viernes 30: barrio Virgen de los Dolores. Zona comprendida por las calles Monte de Oca, Juan de Garay y Gutnisky.<br><br>&nbsp;<br>Vacunaciones y desparasitaciones (de 9 a 12)&nbsp;<br>&nbsp;<br>Jueves 1: barrio 17 de Agosto. Plaza Mercosur (Lavalle y Mil\u00e1n).<br>&nbsp;<br>Martes 6: barrio G\u00fcemes. Delegaci\u00f3n municipal ubicada por calle Jos\u00e9 Darragueira 1888.<br>&nbsp;<br>Jueves 8: barrio Universitario. Comedor ubicado en Godoy Cruz y Malavia.<br>&nbsp;<br>Martes 13: barrio San Roque Este. Plaza Mar\u00eda Rosa Markus en calle 13 de junio y Neruda.<br>&nbsp;<br>Jueves 15: barrio Santa Catalina. Plaza de las 350 Viviendas ubicada por Maril\u00ed Morales Segovia y Mario Mill\u00e1n Medina.<br>&nbsp;<br>Martes 20: barrio San Ger\u00f3nimo. Plaza de la Comisar\u00eda 16 de Laplace y Av. Laprida.<br>&nbsp;<br>Jueves 22: barrio San Marcelo. Plaza ubicada en Montecarlo y Niza.<br>&nbsp;<br>Martes 27: barrio Mil Viviendas. Plaza Rep\u00fablica del Per\u00fa de Av. Patagonia entre El Maestro y Paysand\u00fa.<br>&nbsp;<br>Jueves 29: barrio Concepci\u00f3n. Aconcagua y Santa Catalina.<\/p>\n\n\n\n<figure class=\"wp-block-image size-large\"><img loading=\"lazy\" decoding=\"async\" width=\"819\" height=\"1024\" src=\"https:\/\/corrientesdetarde.com\/wp-content\/uploads\/2024\/07\/image-311-819x1024.png\" alt=\"\" class=\"wp-image-155258\" srcset=\"https:\/\/corrientesdetarde.com\/wp-content\/uploads\/2024\/07\/image-311-819x1024.png 819w, https:\/\/corrientesdetarde.com\/wp-content\/uploads\/2024\/07\/image-311-240x300.png 240w, https:\/\/corrientesdetarde.com\/wp-content\/uploads\/2024\/07\/image-311-768x960.png 768w, https:\/\/corrientesdetarde.com\/wp-content\/uploads\/2024\/07\/image-311.png 1024w\" sizes=\"auto, (max-width: 819px) 100vw, 819px\" \/><\/figure>\n\n\n\n<figure class=\"wp-block-image size-large\"><img loading=\"lazy\" decoding=\"async\" width=\"819\" height=\"1024\" src=\"https:\/\/corrientesdetarde.com\/wp-content\/uploads\/2024\/07\/image-312-819x1024.png\" alt=\"\" class=\"wp-image-155259\" srcset=\"https:\/\/corrientesdetarde.com\/wp-content\/uploads\/2024\/07\/image-312-819x1024.png 819w, https:\/\/corrientesdetarde.com\/wp-content\/uploads\/2024\/07\/image-312-240x300.png 240w, https:\/\/corrientesdetarde.com\/wp-content\/uploads\/2024\/07\/image-312-768x960.png 768w, https:\/\/corrientesdetarde.com\/wp-content\/uploads\/2024\/07\/image-312.png 1024w\" sizes=\"auto, (max-width: 819px) 100vw, 819px\" \/><\/figure>\n\n\n\n<figure class=\"wp-block-image size-large\"><img loading=\"lazy\" decoding=\"async\" width=\"819\" height=\"1024\" src=\"https:\/\/corrientesdetarde.com\/wp-content\/uploads\/2024\/07\/image-313-819x1024.png\" alt=\"\" class=\"wp-image-155260\" srcset=\"https:\/\/corrientesdetarde.com\/wp-content\/uploads\/2024\/07\/image-313-819x1024.png 819w, https:\/\/corrientesdetarde.com\/wp-content\/uploads\/2024\/07\/image-313-240x300.png 240w, https:\/\/corrientesdetarde.com\/wp-content\/uploads\/2024\/07\/image-313-768x960.png 768w, https:\/\/corrientesdetarde.com\/wp-content\/uploads\/2024\/07\/image-313.png 1024w\" sizes=\"auto, (max-width: 819px) 100vw, 819px\" \/><\/figure>\n\n\n\n<figure class=\"wp-block-image size-large\"><img loading=\"lazy\" decoding=\"async\" width=\"819\" height=\"1024\" src=\"https:\/\/corrientesdetarde.com\/wp-content\/uploads\/2024\/07\/image-314-819x1024.png\" alt=\"\" class=\"wp-image-155261\" srcset=\"https:\/\/corrientesdetarde.com\/wp-content\/uploads\/2024\/07\/image-314-819x1024.png 819w, https:\/\/corrientesdetarde.com\/wp-content\/uploads\/2024\/07\/image-314-240x300.png 240w, https:\/\/corrientesdetarde.com\/wp-content\/uploads\/2024\/07\/image-314-768x960.png 768w, https:\/\/corrientesdetarde.com\/wp-content\/uploads\/2024\/07\/image-314.png 1024w\" sizes=\"auto, (max-width: 819px) 100vw, 819px\" \/><\/figure>\n\n\n\n<figure class=\"wp-block-image size-large\"><img loading=\"lazy\" decoding=\"async\" width=\"819\" height=\"1024\" src=\"https:\/\/corrientesdetarde.com\/wp-content\/uploads\/2024\/07\/image-315-819x1024.png\" alt=\"\" class=\"wp-image-155262\" srcset=\"https:\/\/corrientesdetarde.com\/wp-content\/uploads\/2024\/07\/image-315-819x1024.png 819w, https:\/\/corrientesdetarde.com\/wp-content\/uploads\/2024\/07\/image-315-240x300.png 240w, https:\/\/corrientesdetarde.com\/wp-content\/uploads\/2024\/07\/image-315-768x960.png 768w, https:\/\/corrientesdetarde.com\/wp-content\/uploads\/2024\/07\/image-315.png 1024w\" sizes=\"auto, (max-width: 819px) 100vw, 819px\" \/><\/figure>\n","protected":false},"excerpt":{"rendered":"<p>Las prestaciones sanitarias y servicios, sumado a los programas Mascotas Saludables y Descacharrado iniciar\u00e1n el 2 de agosto en Nicaragua y Escocia, y se prolongar\u00e1n durante todo el mes en&hellip; <\/p>\n","protected":false},"author":8,"featured_media":155263,"comment_status":"closed","ping_status":"open","sticky":false,"template":"","format":"standard","meta":{"footnotes":""},"categories":[17],"tags":[],"class_list":["post-155257","post","type-post","status-publish","format-standard","has-post-thumbnail","hentry","category-sociales"],"_links":{"self":[{"href":"https:\/\/corrientesdetarde.com\/index.php\/wp-json\/wp\/v2\/posts\/155257","targetHints":{"allow":["GET"]}}],"collection":[{"href":"https:\/\/corrientesdetarde.com\/index.php\/wp-json\/wp\/v2\/posts"}],"about":[{"href":"https:\/\/corrientesdetarde.com\/index.php\/wp-json\/wp\/v2\/types\/post"}],"author":[{"embeddable":true,"href":"https:\/\/corrientesdetarde.com\/index.php\/wp-json\/wp\/v2\/users\/8"}],"replies":[{"embeddable":true,"href":"https:\/\/corrientesdetarde.com\/index.php\/wp-json\/wp\/v2\/comments?post=155257"}],"version-history":[{"count":1,"href":"https:\/\/corrientesdetarde.com\/index.php\/wp-json\/wp\/v2\/posts\/155257\/revisions"}],"predecessor-version":[{"id":155264,"href":"https:\/\/corrientesdetarde.com\/index.php\/wp-json\/wp\/v2\/posts\/155257\/revisions\/155264"}],"wp:featuredmedia":[{"embeddable":true,"href":"https:\/\/corrientesdetarde.com\/index.php\/wp-json\/wp\/v2\/media\/155263"}],"wp:attachment":[{"href":"https:\/\/corrientesdetarde.com\/index.php\/wp-json\/wp\/v2\/media?parent=155257"}],"wp:term":[{"taxonomy":"category","embeddable":true,"href":"https:\/\/corrientesdetarde.com\/index.php\/wp-json\/wp\/v2\/categories?post=155257"},{"taxonomy":"post_tag","embeddable":true,"href":"https:\/\/corrientesdetarde.com\/index.php\/wp-json\/wp\/v2\/tags?post=155257"}],"curies":[{"name":"wp","href":"https:\/\/api.w.org\/{rel}","templated":true}]}}