{"id":155265,"date":"2024-07-26T13:08:55","date_gmt":"2024-07-26T16:08:55","guid":{"rendered":"https:\/\/corrientesdetarde.com\/?p=155265"},"modified":"2024-07-26T13:09:06","modified_gmt":"2024-07-26T16:09:06","slug":"leda-llega-por-primera-vez-a-corrientes","status":"publish","type":"post","link":"https:\/\/corrientesdetarde.com\/index.php\/eventos\/leda-llega-por-primera-vez-a-corrientes\/","title":{"rendered":"\u00a0Leda llega por primera vez a Corrientes"},"content":{"rendered":"\n<p>Se presentar\u00e1 este s\u00e1bado 27 de julio en el Play\u00f3n Boca Unidos (Costanera sur) a las 17 h. Las entradas se pueden adquirir a trav\u00e9s de&nbsp;<a href=\"http:\/\/entradauno.com\/\" target=\"_blank\" rel=\"noreferrer noopener\">entradauno.com<\/a><\/p>\n\n\n\n<p>Leda Bergonzi naci\u00f3 en San Lorenzo, pcia. de Santa Fe. Es la fundadora del<\/p>\n\n\n\n<p>grupo de oraci\u00f3n \u201cSoplo de Dios Viviente\u201d. Desde peque\u00f1a se desarroll\u00f3 en la iglesia&nbsp;cat\u00f3lica mostrando un gran inter\u00e9s y devoci\u00f3n a la misma. Su conexi\u00f3n espiritual la llev\u00f3&nbsp;a expresarse mediante la Adoraci\u00f3n Eucar\u00edstica como forma de oraci\u00f3n y alabanza a&nbsp;Dios. En el a\u00f1o 2023 comenz\u00f3 a desarrollar el deseo de generar canciones las cuales se&nbsp;lanzaron ese mismo a\u00f1o , con el af\u00e1n de ampliar la forma de alabanza y poder llegar a&nbsp;m\u00e1s personas propagando la adoraci\u00f3n a Dios.<\/p>\n\n\n\n<p>La artista llega por primera vez a la regi\u00f3n a presentar su disco \u201cEl poder de tu amor, un canto de fe, un canto a la vida\u201d. El show en Corrientes ser\u00e1 el s\u00e1bado 27 de julio a las 17 horas en el Play\u00f3n Boca Unidos (Costanera sur). Las entradas se pueden adquirir online a trav\u00e9s de&nbsp;<a href=\"http:\/\/entradauno.com\/\" target=\"_blank\" rel=\"noreferrer noopener\">entradauno.com<\/a>&nbsp;y en el punto de venta oficial ubicado en Vestigium (Pellegrini esquina San Lorenzo, Corrientes).<\/p>\n\n\n\n<p>Desde la producci\u00f3n informan que la apertura de puertas ser\u00e1 a las 14 horas y que no se podr\u00e1 ingresar con conservadora, mate, terer\u00e9, sillas, y ning\u00fan tipo de bebida ni comida<\/p>\n\n\n\n<p>+ info:<\/p>\n\n\n\n<p>@riberaproducciones<\/p>\n\n\n\n<p>Entradas online:<\/p>\n\n\n\n<p><strong><em>Nicol\u00e1s Silva<\/em><\/strong><\/p>\n\n\n\n<p><em>Producci\u00f3n \/ Comunicaci\u00f3n<\/em><\/p>\n\n\n\n<p><em>+549 370 4373520<\/em><\/p>\n\n\n\n<figure class=\"wp-block-image size-large\"><img loading=\"lazy\" decoding=\"async\" width=\"1024\" height=\"1024\" src=\"https:\/\/corrientesdetarde.com\/wp-content\/uploads\/2024\/07\/FLYER-LEDA-1024x1024.jpeg\" alt=\"\" class=\"wp-image-155267\" srcset=\"https:\/\/corrientesdetarde.com\/wp-content\/uploads\/2024\/07\/FLYER-LEDA-1024x1024.jpeg 1024w, https:\/\/corrientesdetarde.com\/wp-content\/uploads\/2024\/07\/FLYER-LEDA-300x300.jpeg 300w, https:\/\/corrientesdetarde.com\/wp-content\/uploads\/2024\/07\/FLYER-LEDA-150x150.jpeg 150w, https:\/\/corrientesdetarde.com\/wp-content\/uploads\/2024\/07\/FLYER-LEDA-768x768.jpeg 768w, https:\/\/corrientesdetarde.com\/wp-content\/uploads\/2024\/07\/FLYER-LEDA.jpeg 1080w\" sizes=\"auto, (max-width: 1024px) 100vw, 1024px\" \/><\/figure>\n","protected":false},"excerpt":{"rendered":"<p>Se presentar\u00e1 este s\u00e1bado 27 de julio en el Play\u00f3n Boca Unidos (Costanera sur) a las 17 h. Las entradas se pueden adquirir a trav\u00e9s de&nbsp;entradauno.com Leda Bergonzi naci\u00f3 en&hellip; <\/p>\n","protected":false},"author":8,"featured_media":155266,"comment_status":"closed","ping_status":"open","sticky":false,"template":"","format":"standard","meta":{"footnotes":""},"categories":[22],"tags":[],"class_list":["post-155265","post","type-post","status-publish","format-standard","has-post-thumbnail","hentry","category-eventos"],"_links":{"self":[{"href":"https:\/\/corrientesdetarde.com\/index.php\/wp-json\/wp\/v2\/posts\/155265","targetHints":{"allow":["GET"]}}],"collection":[{"href":"https:\/\/corrientesdetarde.com\/index.php\/wp-json\/wp\/v2\/posts"}],"about":[{"href":"https:\/\/corrientesdetarde.com\/index.php\/wp-json\/wp\/v2\/types\/post"}],"author":[{"embeddable":true,"href":"https:\/\/corrientesdetarde.com\/index.php\/wp-json\/wp\/v2\/users\/8"}],"replies":[{"embeddable":true,"href":"https:\/\/corrientesdetarde.com\/index.php\/wp-json\/wp\/v2\/comments?post=155265"}],"version-history":[{"count":1,"href":"https:\/\/corrientesdetarde.com\/index.php\/wp-json\/wp\/v2\/posts\/155265\/revisions"}],"predecessor-version":[{"id":155268,"href":"https:\/\/corrientesdetarde.com\/index.php\/wp-json\/wp\/v2\/posts\/155265\/revisions\/155268"}],"wp:featuredmedia":[{"embeddable":true,"href":"https:\/\/corrientesdetarde.com\/index.php\/wp-json\/wp\/v2\/media\/155266"}],"wp:attachment":[{"href":"https:\/\/corrientesdetarde.com\/index.php\/wp-json\/wp\/v2\/media?parent=155265"}],"wp:term":[{"taxonomy":"category","embeddable":true,"href":"https:\/\/corrientesdetarde.com\/index.php\/wp-json\/wp\/v2\/categories?post=155265"},{"taxonomy":"post_tag","embeddable":true,"href":"https:\/\/corrientesdetarde.com\/index.php\/wp-json\/wp\/v2\/tags?post=155265"}],"curies":[{"name":"wp","href":"https:\/\/api.w.org\/{rel}","templated":true}]}}