{"id":155269,"date":"2024-07-26T13:13:02","date_gmt":"2024-07-26T16:13:02","guid":{"rendered":"https:\/\/corrientesdetarde.com\/?p=155269"},"modified":"2024-07-26T13:13:14","modified_gmt":"2024-07-26T16:13:14","slug":"el-ical-atiende-un-promedio-de-4000-pacientes-por-ano","status":"publish","type":"post","link":"https:\/\/corrientesdetarde.com\/index.php\/bienestar-y-salud\/el-ical-atiende-un-promedio-de-4000-pacientes-por-ano\/","title":{"rendered":"El ICAL atiende un promedio de 4000 pacientes por a\u00f1o"},"content":{"rendered":"\n<p><em>Es referente en rehabilitaci\u00f3n de adultos y pedi\u00e1tricos. Cuenta con servicios de Kinesiolog\u00eda, Odontolog\u00eda, Psicolog\u00eda,&nbsp; Estimulaci\u00f3n Temprana y Fonoaudiolog\u00eda, entre otros. &nbsp;&nbsp;<\/em><\/p>\n\n\n\n<p>El Instituto Correntino de Ayuda al Lisiado (I. C. A. L.), que depende del Ministerio de Salud P\u00fablica, a cargo de Ricardo Cardozo, atiende un promedio de 4000 personas por a\u00f1o. Se destaca por tener profesionales muy bien formados en rehabilitaci\u00f3n Neurol\u00f3gica, y se reciben derivaciones desde distintas instituciones.<\/p>\n\n\n\n<p>\u201cContamos con dos edificios, en el que se encuentra por calle Santa Fe 762 se realiza Rehabilitaci\u00f3n kin\u00e9sica de pacientes adultos, adem\u00e1s est\u00e1n los servicios de Enfermer\u00eda, Vacunatorio, Trabajadora Social, Psicolog\u00eda y Cl\u00ednica M\u00e9dica. En el otro edificio, ubicado en Santa Fe al 731 se encuentra I.C.A.L. Pedi\u00e1trico y se realiza Rehabilitaci\u00f3n Kin\u00e9sica de pacientitos con patolog\u00edas Neurol\u00f3gicas, Traumatol\u00f3gicas, Estimulaci\u00f3n Temprana, Fonoaudiolog\u00eda (rehabilitaci\u00f3n de lenguaje, de la degluci\u00f3n), Otoemisi\u00f3n Ac\u00fastica y Terapia Ocupacional, en Odontolog\u00eda se atiende a pacientes a partir de los 10 a\u00f1os de edad\u201d, detall\u00f3 la directora ejecutiva del I. C. A. L.,&nbsp;<strong>Patricia Mauri\u00f1o.<\/strong><\/p>\n\n\n\n<p>\u201cEn el sector de Rehabilitaci\u00f3n de adultos se atienden pacientes con lesiones neurol\u00f3gicas, traumatol\u00f3gicas, amputaciones y drenaje linf\u00e1tico manual. Tambi\u00e9n, contamos con fonoaudiolog\u00eda. En la parte de adultos hacen audiometr\u00eda, logoaudiometr\u00eda y impedanciometr\u00eda\u201d, agreg\u00f3. &nbsp;<\/p>\n\n\n\n<p>En enfermer\u00eda realizan control de pacientes para ingresarlos en la atenci\u00f3n. A esto se suma un vacunatorio que funciona de martes a jueves de 9 a 12 y de 15 a 18. Tambi\u00e9n, se hace la prueba de parches de control mamario de lunes y viernes de 9 a 12:30, por orden de llegada. Adem\u00e1s hay un \u00e1rea de piscolog\u00eda para adultos, de medicina cl\u00ednica y trabajo social.<\/p>\n\n\n\n<p>\u201cLa trabajadora social hace el seguimiento de los pacientes y se encarga del pr\u00e9stamo de sillas de ruedas a comodato para quienes no tienen los recursos para alquilar\/comprar o no tienen obra social. Hacemos los papeles y se presta con la renovaci\u00f3n mensual correspondiente. S\u00ed tienen obra social, se ayuda a tramitar para que consigan y nos devuelven cuando se resuelve, para as\u00ed tener en la Instituci\u00f3n para quienes necesiten\u201d, explic\u00f3.<\/p>\n\n\n\n<p><strong>Admisi\u00f3n<\/strong><\/p>\n\n\n\n<p>Los pacientes llegan al ICAL derivados de diferentes centros de salud. \u201cHay pacientes que vienen de localidades cercanas a rehabilitarse ac\u00e1. Otros, de m\u00e1s lejos como de Ituzaing\u00f3 o de Goya que se quedan en la casa de un familiar mientras hacen su tratamiento ac\u00e1. Les recomiendan este lugar y por eso lo eligen\u201d, expres\u00f3.<\/p>\n\n\n\n<p>Los turnos se solicitan por whatsapp o, s\u00ed llegan de manera presencial, en ese momento se hace el pedido m\u00e9dico otorg\u00e1ndole d\u00eda y horario de atenci\u00f3n. Para pediatr\u00eda pueden comunicarse al 379 4225773 de 8 a 12 y para adultos al 379 5104903 de 8 a 13 y de 14 a 20.<\/p>\n\n\n\n<p>\u201cEl ICAL se destaca por tener profesionales muy bien formados en rehabilitaci\u00f3n Neurol\u00f3gica, Traumatol\u00f3gicas, de Amputados, Drenaje Linf\u00e1tico de adultos, Fonoaudiolog\u00eda (estudios) Enfermer\u00eda, Trabajadora Social y en Pediatr\u00eda pacientes con Lesiones Medulares, Estimulaci\u00f3n Temprana, Terapia Ocupacional, Fonoaudiolog\u00eda (rehabilitaci\u00f3n) y Otoemisi\u00f3n Ac\u00fastica, estando tambi\u00e9n dentro del programa de pesquisa auditiva a nivel Nacional, y Consultorio de Odontolog\u00eda\u201d, subray\u00f3 Mauri\u00f1o.<\/p>\n\n\n\n<p><strong>Obras<\/strong><\/p>\n\n\n\n<p>Vale mencionar que en la instituci\u00f3n recientemente se realizaron obras de refacci\u00f3n integral y refuncionalizaci\u00f3n de los distintos sectores. Comprendiendo instalaciones el\u00e9ctricas, cambio de luminaria, aberturas, mamposter\u00eda, pisos, pintura completa y nuevos gabinetes. Las \u00e1reas tambi\u00e9n fueron equipadas.<\/p>\n","protected":false},"excerpt":{"rendered":"<p>Es referente en rehabilitaci\u00f3n de adultos y pedi\u00e1tricos. Cuenta con servicios de Kinesiolog\u00eda, Odontolog\u00eda, Psicolog\u00eda,&nbsp; Estimulaci\u00f3n Temprana y Fonoaudiolog\u00eda, entre otros. &nbsp;&nbsp; El Instituto Correntino de Ayuda al Lisiado (I.&hellip; <\/p>\n","protected":false},"author":8,"featured_media":155270,"comment_status":"closed","ping_status":"open","sticky":false,"template":"","format":"standard","meta":{"footnotes":""},"categories":[16],"tags":[],"class_list":["post-155269","post","type-post","status-publish","format-standard","has-post-thumbnail","hentry","category-bienestar-y-salud"],"_links":{"self":[{"href":"https:\/\/corrientesdetarde.com\/index.php\/wp-json\/wp\/v2\/posts\/155269","targetHints":{"allow":["GET"]}}],"collection":[{"href":"https:\/\/corrientesdetarde.com\/index.php\/wp-json\/wp\/v2\/posts"}],"about":[{"href":"https:\/\/corrientesdetarde.com\/index.php\/wp-json\/wp\/v2\/types\/post"}],"author":[{"embeddable":true,"href":"https:\/\/corrientesdetarde.com\/index.php\/wp-json\/wp\/v2\/users\/8"}],"replies":[{"embeddable":true,"href":"https:\/\/corrientesdetarde.com\/index.php\/wp-json\/wp\/v2\/comments?post=155269"}],"version-history":[{"count":1,"href":"https:\/\/corrientesdetarde.com\/index.php\/wp-json\/wp\/v2\/posts\/155269\/revisions"}],"predecessor-version":[{"id":155271,"href":"https:\/\/corrientesdetarde.com\/index.php\/wp-json\/wp\/v2\/posts\/155269\/revisions\/155271"}],"wp:featuredmedia":[{"embeddable":true,"href":"https:\/\/corrientesdetarde.com\/index.php\/wp-json\/wp\/v2\/media\/155270"}],"wp:attachment":[{"href":"https:\/\/corrientesdetarde.com\/index.php\/wp-json\/wp\/v2\/media?parent=155269"}],"wp:term":[{"taxonomy":"category","embeddable":true,"href":"https:\/\/corrientesdetarde.com\/index.php\/wp-json\/wp\/v2\/categories?post=155269"},{"taxonomy":"post_tag","embeddable":true,"href":"https:\/\/corrientesdetarde.com\/index.php\/wp-json\/wp\/v2\/tags?post=155269"}],"curies":[{"name":"wp","href":"https:\/\/api.w.org\/{rel}","templated":true}]}}