{"id":155277,"date":"2024-07-26T13:52:32","date_gmt":"2024-07-26T16:52:32","guid":{"rendered":"https:\/\/corrientesdetarde.com\/?p=155277"},"modified":"2024-07-26T13:52:36","modified_gmt":"2024-07-26T16:52:36","slug":"los-detalles-de-la-reunion-entre-milei-y-macron-fmi-venezuela-y-acuerdo-ue-mercosur","status":"publish","type":"post","link":"https:\/\/corrientesdetarde.com\/index.php\/politica\/los-detalles-de-la-reunion-entre-milei-y-macron-fmi-venezuela-y-acuerdo-ue-mercosur\/","title":{"rendered":"Los detalles de la reuni\u00f3n entre Milei y Macron: FMI, Venezuela y acuerdo UE-Mercosur"},"content":{"rendered":"\n<p>La Casa Rosada tild\u00f3 de \u201cexcelente\u201d el mano a mano entre ambos mandatarios en el Palacio El\u00edseo. El jefe de Estado franc\u00e9s le expres\u00f3 su inter\u00e9s en impulsar inversiones en la Argentina tras las reformas.<\/p>\n\n\n\n<p>El presidente\u00a0Javier Milei\u00a0le agradeci\u00f3 a su par de Francia,\u00a0Emmanuel Macron, por el apoyo a nuestro pa\u00eds en el directorio del FMI, como as\u00ed tambi\u00e9n por el respaldo al ingreso de la Argentina como socio global de la OTAN y en el proceso de accesi\u00f3n a la OCDE, durante la reuni\u00f3n que mantuvieron en el Palacio del Eliseo.<\/p>\n\n\n\n<p>Milei, su hermana\u00a0<strong>Karina<\/strong>, secretaria de la Presidencia, estuvieron reunidos cerca de una hora con Macron, junto al embajador argentino en Francia,\u00a0<strong>Ian Sielecki<\/strong>, y el embajador argentino ante EEUU,\u00a0<strong>Gerardo Werthein<\/strong>. El gobierno\u00a0<strong>calific\u00f3 de \u201cexcelente\u201d\u00a0<\/strong>la reuni\u00f3n.<\/p>\n\n\n\n<p>\u201cDebe destacarse que m\u00e1s de 100 jefes de Estado y de gobierno se encuentran en Par\u00eds el d\u00eda de hoy y el Presidente Macron no concedi\u00f3 encuentro bilateral a pr\u00e1cticamente ninguno de ellos (hasta donde se conoce, solamente fueron dos). La reuni\u00f3n bilateral con el Presidente de la Naci\u00f3n refleja, por consiguiente, el&nbsp;<strong>excelente estado de la relaci\u00f3n entre Francia y la Argentina<\/strong>&nbsp;y, m\u00e1s puntualmente, entre ambos presidentes\u201d, indicaron desde la Casa Rosada.<\/p>\n\n\n\n<figure class=\"wp-block-image\"><img decoding=\"async\" src=\"https:\/\/tn.com.ar\/resizer\/v2\/https%3A%2F%2Fthumbs.vodgc.net%2F1-14-w5OVGp1721993403108-1721993573.jpg?auth=88fd4953f0be0e27caf06fcc855a0363e90c4dd33fd526a6d87513454c3b7084&amp;width=767\" alt=\"Video Placeholder\"\/><\/figure>\n\n\n\n<p><\/p>\n\n\n\n<p>Seg\u00fan el gobierno, Macron felicit\u00f3 al presidente Milei \u201cpor las reformas emprendidas y por su coraje pol\u00edtico, y le asegur\u00f3 que contara con el apoyo total de Francia en los organismos internacionales.<\/p>\n\n\n\n<h2 class=\"wp-block-heading\">Defensa, acuerdo UE-Mercosur, Ucrania, Venezuela e IA, los temas de la charla entre Macron y Milei<\/h2>\n\n\n\n<p>Durante el encuentro, ambos presidentes hablaron sobre los acuerdos de intercambio y cooperaci\u00f3n en el&nbsp;<strong>plano de la defensa<\/strong>. \u201cSe repasaron las posibilidades de que Francia sea un actor relevante en la modernizaci\u00f3n de nuestras Fuerzas Armadas y de seguridad. El presidente Macron destac\u00f3 la larga relaci\u00f3n estrat\u00e9gica que une a ambos pa\u00edses y le comunic\u00f3 el inter\u00e9s de Francia en seguir profundizando el v\u00ednculo\u201d, a\u00f1adieron.<\/p>\n\n\n\n<p>La charla gir\u00f3 tambi\u00e9n en torno a las&nbsp;<strong>inversiones francesas<\/strong>&nbsp;en la Argentina. \u201cEl presidente Macron destac\u00f3 el inter\u00e9s que existe en Francia por la Argentina hoy en d\u00eda y en su proceso de reformas. Expres\u00f3 las dificultades que han tenido algunas empresas francesas en el pasado. Afirm\u00f3 estar interesado en apuntalar las inversiones francesas en nuestro pa\u00eds\u201d, afirm\u00f3 el Ejecutivo.<\/p>\n\n\n\n<figure class=\"wp-block-image\"><img decoding=\"async\" src=\"https:\/\/tn.com.ar\/resizer\/v2\/macron-junto-a-javier-milei-en-el-palacio-eliseo-foto-reutersyara-nardi-QKW6ZOK63NYV5QAOLH74XZ63M4.jpg?auth=64a74b3adcef375a585d5f8b3f38450f60f3ac54afadcc98455ce0fe1dc3fa27&amp;width=767\" alt=\"Macron junto a Javier Milei en el Palacio Eliseo. (Foto: : REUTERS\/Yara Nardi).\n\"\/><\/figure>\n\n\n\n<p>Luego, los mandatarios conversaron sobre los&nbsp;<strong>grandes desaf\u00edos globales<\/strong>&nbsp;que los preocupan, como la guerra en&nbsp;<strong>Ucrania<\/strong>, las&nbsp;<strong>elecciones en Venezuela<\/strong>&nbsp;y el desarrollo de la Inteligencia Artificial.<\/p>\n\n\n\n<p>Seg\u00fan la Casa Rosada, \u201cel presidente Macron expres\u00f3 gran agradecimiento al liderazgo de la Argentina en Am\u00e9rica Latina en lo que hace al apoyo a Ucrania y le pidi\u00f3 al presidente Milei que siga por esa v\u00eda. Le ofreci\u00f3 trabajar estrechamente en consolidar apoyo a Ucrania en los pa\u00edses de la regi\u00f3n y tambi\u00e9n m\u00e1s all\u00e1. El presidente Milei reafirm\u00f3 su compromiso con Ucrania y coment\u00f3 sus di\u00e1logos estrechos con el presidente Zelenski\u201d.<\/p>\n\n\n\n<p>Sobre Venezuela, ambos presidentes \u201ccoincidieron en la preocupaci\u00f3n por la situaci\u00f3n actual. Afirmaron el deseo de trabajar juntos en beneficio la democracia venezolana\u201d.<\/p>\n\n\n\n<figure class=\"wp-block-image\"><img decoding=\"async\" src=\"https:\/\/tn.com.ar\/resizer\/v2\/macron-junto-a-javier-milei-en-el-palacio-eliseo-foto-reutersyara-nardi-QQZR7KEOGVCG67XAOI2J7OFU3Q.jpg?auth=ef714a3094cb2388c67167abc22cc45428a8c7493023bf72b4692cdced3679c7&amp;width=767\" alt=\"Macron junto a Javier Milei en el Palacio Eliseo. (Foto: : REUTERS\/Yara Nardi).\n\"\/><\/figure>\n\n\n\n<p>Sobre la&nbsp;<strong>IA<\/strong>, Macron y Milei \u201ccompartieron su visi\u00f3n filos\u00f3fica sobre el tema\u201d. \u201cEl presidente Milei hizo un minucioso repaso de la historia econ\u00f3mica mundial para expresar el potencial econ\u00f3mico de la revoluci\u00f3n tecnol\u00f3gica que estamos viviendo, y dej\u00f3 clara su postura contra las regulaciones que podr\u00edan ser nocivas y limitar el crecimiento exponencial de la riqueza global que puede permitir esta innovaci\u00f3n. En este cap\u00edtulo de la reuni\u00f3n, ambos coincidieron en la preocupaci\u00f3n sobre el uso que reg\u00edmenes autoritarios y contrarios a la libertad podr\u00edan hacer de la tecnolog\u00eda\u201d, indic\u00f3 la Casa Rosada.<\/p>\n\n\n\n<p>Otros temas que se charlaron fueron la salud de los oc\u00e9anos y el presidente Milei dijo que la Argentina apoyar\u00e1 la Cumbre Global que organiza Francia el a\u00f1o que viene para preservar los mares del planeta; tambi\u00e9n trataron de la cuesti\u00f3n Ant\u00e1rtica y el presidente Milei afirm\u00f3 la importancia de que todos los esfuerzos sean canalizados mediante el Tratado Ant\u00e1rtico, con sede en nuestro pa\u00eds. Adem\u00e1s, charlaron sobre el&nbsp;<strong>acuerdo UE-Mercosur<\/strong>, virtualmente paralizado y sujeto a un fuerte rechazo en Francia.<\/p>\n\n\n\n<p>Debido a la apretada agenda de Macron por los Juegos Ol\u00edmpicos de Par\u00eds 2024, no hubo conferencia de prensa ni declaraciones al final del encuentro.<\/p>\n","protected":false},"excerpt":{"rendered":"<p>La Casa Rosada tild\u00f3 de \u201cexcelente\u201d el mano a mano entre ambos mandatarios en el Palacio El\u00edseo. El jefe de Estado franc\u00e9s le expres\u00f3 su inter\u00e9s en impulsar inversiones en&hellip; <\/p>\n","protected":false},"author":8,"featured_media":155278,"comment_status":"closed","ping_status":"open","sticky":false,"template":"","format":"standard","meta":{"footnotes":""},"categories":[3],"tags":[],"class_list":["post-155277","post","type-post","status-publish","format-standard","has-post-thumbnail","hentry","category-politica"],"_links":{"self":[{"href":"https:\/\/corrientesdetarde.com\/index.php\/wp-json\/wp\/v2\/posts\/155277","targetHints":{"allow":["GET"]}}],"collection":[{"href":"https:\/\/corrientesdetarde.com\/index.php\/wp-json\/wp\/v2\/posts"}],"about":[{"href":"https:\/\/corrientesdetarde.com\/index.php\/wp-json\/wp\/v2\/types\/post"}],"author":[{"embeddable":true,"href":"https:\/\/corrientesdetarde.com\/index.php\/wp-json\/wp\/v2\/users\/8"}],"replies":[{"embeddable":true,"href":"https:\/\/corrientesdetarde.com\/index.php\/wp-json\/wp\/v2\/comments?post=155277"}],"version-history":[{"count":1,"href":"https:\/\/corrientesdetarde.com\/index.php\/wp-json\/wp\/v2\/posts\/155277\/revisions"}],"predecessor-version":[{"id":155279,"href":"https:\/\/corrientesdetarde.com\/index.php\/wp-json\/wp\/v2\/posts\/155277\/revisions\/155279"}],"wp:featuredmedia":[{"embeddable":true,"href":"https:\/\/corrientesdetarde.com\/index.php\/wp-json\/wp\/v2\/media\/155278"}],"wp:attachment":[{"href":"https:\/\/corrientesdetarde.com\/index.php\/wp-json\/wp\/v2\/media?parent=155277"}],"wp:term":[{"taxonomy":"category","embeddable":true,"href":"https:\/\/corrientesdetarde.com\/index.php\/wp-json\/wp\/v2\/categories?post=155277"},{"taxonomy":"post_tag","embeddable":true,"href":"https:\/\/corrientesdetarde.com\/index.php\/wp-json\/wp\/v2\/tags?post=155277"}],"curies":[{"name":"wp","href":"https:\/\/api.w.org\/{rel}","templated":true}]}}