{"id":155283,"date":"2024-07-26T13:57:20","date_gmt":"2024-07-26T16:57:20","guid":{"rendered":"https:\/\/corrientesdetarde.com\/?p=155283"},"modified":"2024-07-26T13:57:25","modified_gmt":"2024-07-26T16:57:25","slug":"harvey-weinstein-al-borde-de-la-muerte-quedo-internado-en-grave-estado-por-una-doble-neumonia-con-covid","status":"publish","type":"post","link":"https:\/\/corrientesdetarde.com\/index.php\/espectaculos\/harvey-weinstein-al-borde-de-la-muerte-quedo-internado-en-grave-estado-por-una-doble-neumonia-con-covid\/","title":{"rendered":"Harvey Weinstein, al borde de la muerte: qued\u00f3 internado en grave estado por una doble neumon\u00eda con COVID"},"content":{"rendered":"\n<p>El magante que est\u00e1 preso por varias causas de abuso sexual no es la primera vez que padece complicaciones de salud.<\/p>\n\n\n\n<p>El exproductor cinematogr\u00e1fico  Harvey Weinstein fue internado en grave estado tras haber\u00a0<strong>sufrido un colapso respiratorio<\/strong>\u00a0debido a una doble neumon\u00eda derivada de padecer\u00a0<strong>otra vez COVID-19.<\/strong><\/p>\n\n\n\n<p>De acuerdo a lo que public\u00f3\u00a0<em><strong>The Hollywood Reporter,<\/strong><\/em>\u00a0el representante de Weinstein comunic\u00f3 la novedad a trav\u00e9s de un comunicado. \u201cHarvey fue transferido a la sala de prisi\u00f3n del<strong>\u00a0Hospital Bellevue<\/strong>\u201d, especific\u00f3\u00a0<strong>Craig Rothfeld<\/strong>.<\/p>\n\n\n\n<p>Seg\u00fan inform\u00f3, el magnate que est\u00e1 pres\u00f3 por haber cometido varios abusos sexuales&nbsp;<strong>tiene otras complicaciones de salud&nbsp;<\/strong>que intensificaron la problem\u00e1tica general.<\/p>\n\n\n\n<p>\u201cLo est\u00e1n tratando por tener&nbsp;<strong>diabetes, presi\u00f3n arterial alta, estenosis espinal, l\u00edquido en el coraz\u00f3n y los pulmones&nbsp;<\/strong>y varias otras afecciones. Adem\u00e1s, el se\u00f1or Weinstein dio positivo por COVID y contrajo neumon\u00eda doble en sus pulmones\u201d, indic\u00f3&nbsp;<strong>Rothfeld&nbsp;<\/strong>al medio&nbsp;<em>NBC News<\/em>.<\/p>\n\n\n\n<figure class=\"wp-block-image\"><img decoding=\"async\" src=\"https:\/\/tn.com.ar\/resizer\/v2\/harvey-weinstein-en-una-de-sus-entradas-en-los-tribunales-de-nuev-york-antes-de-recibir-la-primera-condena-foto-afp-ZCUWZY344URPQLSYKZ52YOPHCA.jpg?auth=41ac295bdbc63469913c5e4aedfde9ef06693fbf72c21c77f914adfc402021ef&amp;width=767\" alt=\"Harvey Weinstein, en una de sus entradas en los tribunales de Nuev York, antes de recibir la primera condena. (Foto: AFP)\"\/><\/figure>\n\n\n\n<p>Sobre el final, el representante continu\u00f3 agradeciendo a quienes atendieron a Weinstein. \u201c<strong>Seguimos expresando nuestra gratitud a los oficiales, m\u00e9dicos y enfermeras&nbsp;<\/strong>que se aseguraron de que el se\u00f1or Weinstein fuera transferido inmediatamente al pabell\u00f3n penitenciario del Hospital Bellevue y continuaremos trabajando con ellos para garantizar que reciba el tratamiento m\u00e9dico adecuado\u201d, cerr\u00f3.<\/p>\n\n\n\n<h2 class=\"wp-block-heading\">Por qu\u00e9 est\u00e1 preso Harvey Weinstein<\/h2>\n\n\n\n<p>Harvey Weinstein cumpl\u00eda una<strong>&nbsp;condena de 23 a\u00f1os de c\u00e1rcel&nbsp;<\/strong>tras su condena por violaci\u00f3n en 2020 en Nueva York que fue revocada a principios de este a\u00f1o. Se fij\u00f3 una una nueva fecha tentativa para el juicio y se estima que la selecci\u00f3n del jurado comenzar\u00e1 el 12 de noviembre.<\/p>\n\n\n\n<p>En el caso original de Nueva York, fue declarado culpable de dos cargos:&nbsp;<strong>agresi\u00f3n sexual criminal en primer grado<\/strong>, basado en el testimonio de la exasistente de producci\u00f3n de&nbsp;<em>Project Runway<\/em>&nbsp;Miriam Haley,&nbsp;<strong>y violaci\u00f3n en tercer grado<\/strong>, basado en el testimonio de la ex aspirante a actriz Jessica Mann.<\/p>\n\n\n\n<figure class=\"wp-block-image\"><img decoding=\"async\" src=\"https:\/\/tn.com.ar\/resizer\/v2\/harvey-weinstein-recibio-dos-condenas-una-sigue-en-curso-mientras-que-la-primera-fue-revisada-foto-afp-5O3NIU6CDNA7BIGDPOOYAMIKUE.jpg?auth=1146494daa43ec871037e61849fa7dca71d79dcf7ce6cf342d998e909dbc5439&amp;width=767\" alt=\"Harvey Weinstein recibi\u00f3 dos condenas: una sigue en curso, mientras que la primera fue revisada. (Foto: AFP)\"\/><\/figure>\n\n\n\n<p><strong>Harvey Weinstein\u00a0<\/strong>seguir\u00e1 preso por una causa similar a la de Nueva York, ya que en 2022 hab\u00eda sido condenado en Los \u00c1ngeles por otra violaci\u00f3n a 16 a\u00f1os de c\u00e1rcel. Si no hubiera tenido este proceso en contra, el productor cinematogr\u00e1fico<strong>\u00a0hubiera salido en libertad debido al fallo que fij\u00f3 otro juicio.<\/strong><\/p>\n\n\n\n<p>En 2022, un jurado de Los \u00c1ngeles lo hab\u00eda condenado por tres cargos de agresi\u00f3n sexual contra una mujer que prest\u00f3 su testimonio de manera an\u00f3nima, aunque luego se present\u00f3 como la exmodelo rusa&nbsp;<strong>Evgeniya Chernyshova<\/strong>.&nbsp;<strong>Weinstein&nbsp;<\/strong>tambi\u00e9n present\u00f3 una apelaci\u00f3n contra esa sentencia.<\/p>\n","protected":false},"excerpt":{"rendered":"<p>El magante que est\u00e1 preso por varias causas de abuso sexual no es la primera vez que padece complicaciones de salud. El exproductor cinematogr\u00e1fico Harvey Weinstein fue internado en grave&hellip; <\/p>\n","protected":false},"author":8,"featured_media":155284,"comment_status":"closed","ping_status":"open","sticky":false,"template":"","format":"standard","meta":{"footnotes":""},"categories":[19],"tags":[],"class_list":["post-155283","post","type-post","status-publish","format-standard","has-post-thumbnail","hentry","category-espectaculos"],"_links":{"self":[{"href":"https:\/\/corrientesdetarde.com\/index.php\/wp-json\/wp\/v2\/posts\/155283","targetHints":{"allow":["GET"]}}],"collection":[{"href":"https:\/\/corrientesdetarde.com\/index.php\/wp-json\/wp\/v2\/posts"}],"about":[{"href":"https:\/\/corrientesdetarde.com\/index.php\/wp-json\/wp\/v2\/types\/post"}],"author":[{"embeddable":true,"href":"https:\/\/corrientesdetarde.com\/index.php\/wp-json\/wp\/v2\/users\/8"}],"replies":[{"embeddable":true,"href":"https:\/\/corrientesdetarde.com\/index.php\/wp-json\/wp\/v2\/comments?post=155283"}],"version-history":[{"count":1,"href":"https:\/\/corrientesdetarde.com\/index.php\/wp-json\/wp\/v2\/posts\/155283\/revisions"}],"predecessor-version":[{"id":155285,"href":"https:\/\/corrientesdetarde.com\/index.php\/wp-json\/wp\/v2\/posts\/155283\/revisions\/155285"}],"wp:featuredmedia":[{"embeddable":true,"href":"https:\/\/corrientesdetarde.com\/index.php\/wp-json\/wp\/v2\/media\/155284"}],"wp:attachment":[{"href":"https:\/\/corrientesdetarde.com\/index.php\/wp-json\/wp\/v2\/media?parent=155283"}],"wp:term":[{"taxonomy":"category","embeddable":true,"href":"https:\/\/corrientesdetarde.com\/index.php\/wp-json\/wp\/v2\/categories?post=155283"},{"taxonomy":"post_tag","embeddable":true,"href":"https:\/\/corrientesdetarde.com\/index.php\/wp-json\/wp\/v2\/tags?post=155283"}],"curies":[{"name":"wp","href":"https:\/\/api.w.org\/{rel}","templated":true}]}}