{"id":155292,"date":"2024-07-26T14:06:21","date_gmt":"2024-07-26T17:06:21","guid":{"rendered":"https:\/\/corrientesdetarde.com\/?p=155292"},"modified":"2024-07-26T14:06:33","modified_gmt":"2024-07-26T17:06:33","slug":"el-estilo-de-las-delegaciones-de-los-juegos-olimpicos-compite-por-el-mejor-diseno-en-paris","status":"publish","type":"post","link":"https:\/\/corrientesdetarde.com\/index.php\/tendencias\/el-estilo-de-las-delegaciones-de-los-juegos-olimpicos-compite-por-el-mejor-diseno-en-paris\/","title":{"rendered":"El estilo de las delegaciones de los Juegos Ol\u00edmpicos compite por el mejor dise\u00f1o en Par\u00eds"},"content":{"rendered":"\n<p>El uniforme de Mongolia se viraliz\u00f3 en minutos, Ralph Lauren cre\u00f3 el de los americanos y Giorgio Armani, como es habitual, el de los atletas italianos.<\/p>\n\n\n\n<figure class=\"wp-block-image size-full\"><img loading=\"lazy\" decoding=\"async\" width=\"767\" height=\"432\" src=\"https:\/\/corrientesdetarde.com\/wp-content\/uploads\/2024\/07\/image-321.png\" alt=\"\" class=\"wp-image-155293\" srcset=\"https:\/\/corrientesdetarde.com\/wp-content\/uploads\/2024\/07\/image-321.png 767w, https:\/\/corrientesdetarde.com\/wp-content\/uploads\/2024\/07\/image-321-300x169.png 300w\" sizes=\"auto, (max-width: 767px) 100vw, 767px\" \/><\/figure>\n\n\n\n<p>Par\u00eds brilla en formato ol\u00edmpico. Y no podr\u00eda ser de otra manera, porque la ciudad de la moda no defrauda y en la ocasi\u00f3n de los Juegos Ol\u00edmpicos \u00a0se convierte en una pasarela al aire libre, con el Sena como tel\u00f3n de fondo natural en un espect\u00e1culo que comenz\u00f3 antes de las competencias.<\/p>\n\n\n\n<p>Nada de pantalones joggings, los pa\u00edses en la ceremonia inaugural -la primera al aire libre en la historia- han desatado la creatividad de los&nbsp;<strong>dise\u00f1adores de moda para crear looks extravagantes, tradicionales, sostenibles, elegantes, todos sumamente fashion<\/strong>.<\/p>\n\n\n\n<p>Claro est\u00e1 que, si no ganan una medalla en alguna competencia,&nbsp;<strong>Mongolia ya ha ganado la atenci\u00f3n mundial: los uniformes del equipo nacional han capturado la atenci\u00f3n global por ser realmente \u00fanicos.<\/strong><\/p>\n\n\n\n<figure class=\"wp-block-image\"><img decoding=\"async\" src=\"https:\/\/tn.com.ar\/resizer\/v2\/el-vestuario-de-los-deportistas-de-mongolia-fue-uno-de-los-mas-elogiados-foto-instagrammichelamazonka-QDOMHXAUT5B5DHUM53V3XAUPRI.jpeg?auth=877bb6d06979b30c6514b04d63458fff098c5c88c39d2e71f27216361a0263c9&amp;width=767\" alt=\"El vestuario de los deportistas de Mongolia fue uno de los m\u00e1s elogiados.  (Foto: Instagram\/@michelamazonka)\"\/><\/figure>\n\n\n\n<p>Definidos como espectaculares y creados por el genio creativo de la marca local Michel &amp; Amazonka, los uniformes con los que desfilar\u00e1 la delegaci\u00f3n del pa\u00eds asi\u00e1tico&nbsp;<strong>representan la tradici\u00f3n, con chaquetas bordadas a mano con s\u00edmbolos en oro que evocan a Mongolia<\/strong>&nbsp;(como la Gua-Maral, ciervo sagrado de la mitolog\u00eda mongola), pero tambi\u00e9n el sol, la luna, el Everest y elementos ol\u00edmpicos como la antorcha.<\/p>\n\n\n\n<p>Se necesitaron&nbsp;<strong>20 horas de trabajo para cada pieza<\/strong>, pero en cuesti\u00f3n de minutos se volvieron virales en la web y recibieron aplausos de todo el mundo.<\/p>\n\n\n\n<h2 class=\"wp-block-heading\">Los francesas por Berluti, de LVMH<\/h2>\n\n\n\n<p>Los&nbsp;<strong>anfitriones franceses usar\u00e1n uniformes de la casa Berluti, fundada en 1895 y con sede en Par\u00eds dentro del grupo LVMH<\/strong>.<\/p>\n\n\n\n<p>La ex directora de Vogue Francia, Carine Roitfeld, colabor\u00f3 en el proyecto: la pieza central del uniforme es el&nbsp;<strong>esmoquin en azul noche, con solapas de la chaqueta&nbsp;<\/strong>(sin mangas para las mujeres, quienes pueden optar por usar falda en lugar de pantalones), con los colores de la bandera francesa. \u201cArt\u00edfices de todas las victorias\u2019 es la frase bordada en dorado en cada pieza de la colecci\u00f3n.<\/p>\n\n\n\n<figure class=\"wp-block-image\"><img decoding=\"async\" src=\"https:\/\/tn.com.ar\/resizer\/v2\/los-uniformes-franceses-del-desfile-de-apertura-de-los-juegos-olimpicos-foto-instagramlvmh-RH2ZQROYFJF25DBSJOBSHNUKMA.JPG?auth=d7f3f995345dec83606936a4cc92d9c916f6516e6febeda770f5e7318b8585ce&amp;width=767\" alt=\"Los uniformes franceses del desfile de apertura de los Juegos Ol\u00edmpicos (Foto: Instagram\/@lvmh)\"\/><\/figure>\n\n\n\n<h2 class=\"wp-block-heading\">El equipo americano por Ralph Lauren<\/h2>\n\n\n\n<p>Informal, pero no demasiado, el equipo de EE.UU.: los estadounidenses zarpar\u00e1n desde el puente de Austerlitz hacia la Torre Eiffel, vistiendo la marca emblem\u00e1tica del gigante de las barras y estrellas.&nbsp;<strong>Ralph Lauren ha puesto en el centro de la colecci\u00f3n de 14 piezas los jeans: los atletas desfilar\u00e1n con un blazer<\/strong>&nbsp;azul con detalles en rojo y blanco. Para la ceremonia de clausura, el dise\u00f1ador estadounidense ha ideado una chaqueta estilo motociclista.<\/p>\n\n\n\n<figure class=\"wp-block-image\"><img decoding=\"async\" src=\"https:\/\/tn.com.ar\/resizer\/v2\/ralph-lauren-viste-a-los-americanos-foto-charles-sykesinvisionap-archivo-6DBTJZ5EM7ANYUVJRGDBMVL55E.jpg?auth=16e5913166d8cea71cd11ce15489f1d6e92cc55d7d60d7ca7aff35bac0bb8e42&amp;width=767\" alt=\"Ralph Lauren viste a los americanos. (Foto: Charles Sykes\/Invision\/AP, archivo)\"\/><\/figure>\n\n\n\n<h2 class=\"wp-block-heading\">Canad\u00e1 y Hait\u00ed: uniformes con color<\/h2>\n\n\n\n<p>Totalmente&nbsp;<strong>rojo el uniforme de Canad\u00e1 de la marca Lululemon<\/strong>: en tonos rojos una impresi\u00f3n inspirada en la aurora boreal, mientras que la&nbsp;<strong>Rep\u00fablica Checa&nbsp;<\/strong>en Par\u00eds tiene una colecci\u00f3n unisex de la marca Jean Societe de Cerny en colaboraci\u00f3n con Alpine Pro: dominan los abrigos largos (aut\u00e9nticos trench coats) color crema con los colores de la bandera, pero el toque chic lo da el polo de lunares y los atletas llevar\u00e1n un amuleto de vidrio en forma de tilo, s\u00edmbolo del pa\u00eds.<\/p>\n\n\n\n<p>Se espera que una de las&nbsp;<strong>delegaciones m\u00e1s elegantes y originales sea la de Hait\u00ed: el uniforme est\u00e1 firmado por la italo-haitiana Stella Jean, quien ha querido rendir homenaje a la cultura local con vestimentas muy coloridas<\/strong>. Sobria la chaqueta, \u00fanica la impresi\u00f3n en falda y pantalones con el patr\u00f3n creado por el pintor haitiano Philippe Dodard.<\/p>\n\n\n\n<figure class=\"wp-block-image\"><img decoding=\"async\" src=\"https:\/\/tn.com.ar\/resizer\/v2\/estampas-coloridas-para-los-atletas-de-haiti-foto-instagramstellajeansj-DZRIRYDTKJF5NKJU6UUXZTNRG4.jpeg?auth=09841d2e8be5ca935ab1f2cac350d53c109370b2a90deb747313ba50e8dede79&amp;width=767\" alt=\"Estampas coloridas para los atletas de Hait\u00ed. (Foto: Instagram\/@stellajean_sj_)\"\/><\/figure>\n\n\n\n<p>Toque rom\u00e1ntico y floral para&nbsp;<strong>Gran Breta\u00f1a con el uniforme dise\u00f1ado por Ben Sherman<\/strong>: la chaqueta es obligatoria, muy veraniega, ligera en colores blanco, azul y rojo con la bandera brit\u00e1nica a un lado.<\/p>\n\n\n\n<p>Entre las prendas m\u00e1s destacadas, la chaqueta de Brasil, donde destaca un&nbsp;<strong>bordado colorido en la parte posterior realizado por artesanas del noreste, con loros y tucanes.<\/strong><\/p>\n\n\n\n<figure class=\"wp-block-image\"><img decoding=\"async\" src=\"https:\/\/tn.com.ar\/resizer\/v2\/sandalias-con-los-colores-de-la-bandera-brasilena-en-una-pared-en-la-casa-de-brasil-en-el-parc-de-la-villette-renombrado-temporalmente-parc-des-nations-antes-de-los-juegos-olimpicos-foto-apnatacha-pisarenko-IXFIG4RVTGNSO32MSOKN2VGDLM.jpg?auth=234d6f755865a0b19afac33edd4c727f6c3a062a0143bf9b67379f6a564ed2ef&amp;width=767\" alt=\"Sandalias con los colores de la bandera brasile\u00f1a en una pared en la Casa de Brasil en el Parc de la Villette renombrado temporalmente Parc des Nations antes de los Juegos Ol\u00edmpicos. (Foto: AP\/Natacha Pisarenko)\"\/><\/figure>\n\n\n\n<p>Muy elegante la indumentaria de Filipinas: los trajes creados por el dise\u00f1ador Francis Libiran presentan una chaqueta importante cubierta por una&nbsp;<strong>banda de seda bordada con un motivo que refleja el orgullo naciona<\/strong>l. Joma Sport ha dise\u00f1ado el uniforme de Espa\u00f1a con los colores tradicionales y faldas o pantalones, mientras que el vecino Portugal se lleva la medalla de la sostenibilidad con los<strong>&nbsp;uniformes de Cariuma<\/strong>, con tejidos hechos de botellas de pl\u00e1stico recicladas.<\/p>\n\n\n\n<figure class=\"wp-block-image\"><img decoding=\"async\" src=\"https:\/\/tn.com.ar\/resizer\/v2\/el-uniforme-olimpico-de-espana-foto-instagramjomasport-WBUPKIWIUFADNDLXTPE6TLNO2U.png?auth=dd4bc8d1890b666768c19efb5512ad4350c329f37786917d0a33d3038ce774b8&amp;width=767\" alt=\"El uniforme ol\u00edmpico de Espa\u00f1a. (Foto: Instagram\/@jomasport)\"\/><\/figure>\n\n\n\n<p>El estilo Armani ya es un cl\u00e1sico para Italia: muy minimalista, incluye referencias al himno entre los pliegues del uniforme. En el reino de la moda, desfilar\u00e1n las creaciones entre la tradici\u00f3n y la innovaci\u00f3n de todo el mundo.<\/p>\n\n\n\n<figure class=\"wp-block-image\"><img decoding=\"async\" src=\"https:\/\/tn.com.ar\/resizer\/v2\/giorgio-armani-disena-los-trajes-olimpicos-desde-el-2024-foto-apluca-bruno-archivo-7VJVQ5PNXN5E2YLDZVHG6ERMDU.jpg?auth=02269a0b7a6bf80be268872541e0c0da5c34bcf0e20e6035298bccb961ab0289&amp;width=767\" alt=\"Giorgio Armani dise\u00f1a los trajes ol\u00edmpicos desde el 2024. (Foto: AP\/Luca Bruno, archivo)\"\/><figcaption class=\"wp-element-caption\">Giorgio Armani dise\u00f1a los trajes ol\u00edmpicos desde el 2024.<\/figcaption><\/figure>\n","protected":false},"excerpt":{"rendered":"<p>El uniforme de Mongolia se viraliz\u00f3 en minutos, Ralph Lauren cre\u00f3 el de los americanos y Giorgio Armani, como es habitual, el de los atletas italianos. Par\u00eds brilla en formato&hellip; <\/p>\n","protected":false},"author":8,"featured_media":155293,"comment_status":"closed","ping_status":"open","sticky":false,"template":"","format":"standard","meta":{"footnotes":""},"categories":[28],"tags":[],"class_list":["post-155292","post","type-post","status-publish","format-standard","has-post-thumbnail","hentry","category-tendencias"],"_links":{"self":[{"href":"https:\/\/corrientesdetarde.com\/index.php\/wp-json\/wp\/v2\/posts\/155292","targetHints":{"allow":["GET"]}}],"collection":[{"href":"https:\/\/corrientesdetarde.com\/index.php\/wp-json\/wp\/v2\/posts"}],"about":[{"href":"https:\/\/corrientesdetarde.com\/index.php\/wp-json\/wp\/v2\/types\/post"}],"author":[{"embeddable":true,"href":"https:\/\/corrientesdetarde.com\/index.php\/wp-json\/wp\/v2\/users\/8"}],"replies":[{"embeddable":true,"href":"https:\/\/corrientesdetarde.com\/index.php\/wp-json\/wp\/v2\/comments?post=155292"}],"version-history":[{"count":1,"href":"https:\/\/corrientesdetarde.com\/index.php\/wp-json\/wp\/v2\/posts\/155292\/revisions"}],"predecessor-version":[{"id":155294,"href":"https:\/\/corrientesdetarde.com\/index.php\/wp-json\/wp\/v2\/posts\/155292\/revisions\/155294"}],"wp:featuredmedia":[{"embeddable":true,"href":"https:\/\/corrientesdetarde.com\/index.php\/wp-json\/wp\/v2\/media\/155293"}],"wp:attachment":[{"href":"https:\/\/corrientesdetarde.com\/index.php\/wp-json\/wp\/v2\/media?parent=155292"}],"wp:term":[{"taxonomy":"category","embeddable":true,"href":"https:\/\/corrientesdetarde.com\/index.php\/wp-json\/wp\/v2\/categories?post=155292"},{"taxonomy":"post_tag","embeddable":true,"href":"https:\/\/corrientesdetarde.com\/index.php\/wp-json\/wp\/v2\/tags?post=155292"}],"curies":[{"name":"wp","href":"https:\/\/api.w.org\/{rel}","templated":true}]}}