{"id":15533,"date":"2022-10-29T13:21:42","date_gmt":"2022-10-29T16:21:42","guid":{"rendered":"https:\/\/corrientesdetarde.com\/?p=15533"},"modified":"2022-10-29T13:21:46","modified_gmt":"2022-10-29T16:21:46","slug":"maxima-preocupacion-en-la-seleccion-argentina-el-violento-golpe-en-la-cabeza-que-saco-de-la-cancha-al-dibu-martinez","status":"publish","type":"post","link":"https:\/\/corrientesdetarde.com\/index.php\/deportes\/maxima-preocupacion-en-la-seleccion-argentina-el-violento-golpe-en-la-cabeza-que-saco-de-la-cancha-al-dibu-martinez\/","title":{"rendered":"M\u00e1xima preocupaci\u00f3n en la selecci\u00f3n argentina: el violento golpe en la cabeza que sac\u00f3 de la cancha al Dibu Mart\u00ednez"},"content":{"rendered":"\n<h5 class=\"wp-block-heading\">El arquero argentino debi\u00f3 ser atendido por los m\u00e9dicos durante el primer tiempo del choque entre Aston Villa y Newcastle. Fue sustituido por precauci\u00f3n a los 30 minutos de juego<\/h5>\n\n\n\n<p>Queda menos de un mes para el inicio del Mundial y en la selecci\u00f3n argentina hay una preocupaci\u00f3n absoluta por la salud de sus jugadores. El \u00faltimo que encendi\u00f3 la luz de alerta fue&nbsp;<strong>Emiliano Mart\u00ednez<\/strong>&nbsp;durante el duelo entre Aston Villa y Newcastle por la Premier League:&nbsp;<strong>debi\u00f3 ser reemplazado en el primer tiempo tras recibir un rodillazo en la cabeza<\/strong>.<\/p>\n\n\n\n<p>El&nbsp;<em>Dibu<\/em>&nbsp;sufri\u00f3 un golpe en el rostro por parte de un compa\u00f1ero cuando el reloj marcaba los 17 minutos de la etapa inicial del choque correspondiente a la 14\u00aa fecha del torneo ingl\u00e9s.&nbsp;<strong>Debi\u00f3 ser atendido por los m\u00e9dicos durante un largo rato hasta que \u00e9l decidi\u00f3 continuar en la cancha<\/strong>. Sin embargo, menos de diez minutos m\u00e1s tarde, tras exigirse en un centro, not\u00f3 que no estaba en condiciones de continuar y&nbsp;<strong>pidi\u00f3 el cambio<\/strong>.<\/p>\n\n\n\n<p>La escena se desat\u00f3 cuando el reloj marcaba poco m\u00e1s de un cuarto de hora en el\u00a0<em>St. James\u2019 Park<\/em>\u00a0y el delantero brasile\u00f1o Joelinton sac\u00f3 un remate rasante que el arquero argentino control\u00f3 sin problemas. La fortuna no iba a estar de su lado: cuando estaba en el piso sosteniendo la pelota, el atacante del Newcastle\u00a0<strong>Callum Wilson empuj\u00f3 al defensor Tyrone Mings<\/strong>, quien le dio un involuntario \u2013pero violento\u2013 rodillazo en la cabeza a\u00a0<em>Dibu<\/em>.<\/p>\n\n\n\n<p>Autom\u00e1ticamente, el futbolista de 30 a\u00f1os se qued\u00f3 tirado en el c\u00e9sped a la espera de la atenci\u00f3n m\u00e9dica que se extendi\u00f3 por casi cuatro minutos. Durante ese lapso, el mediocampista brasile\u00f1o del Aston Villa, Douglas Luiz, mir\u00f3 al banco de suplentes e hizo la se\u00f1a de la modificaci\u00f3n. Sin embargo,&nbsp;<strong>Mart\u00ednez se reincorpor\u00f3 y le asegur\u00f3 al \u00e1rbitro Paul Tierney que estaba en condiciones de continuar<\/strong>. El reloj ya marcaba 22 minutos cuando se reiniciaron las acciones.<\/p>\n\n\n\n<p>El capit\u00e1n de los&nbsp;<em>Villanos<\/em>&nbsp;not\u00f3 r\u00e1pidamente que no estaba en condiciones de continuar debajo de los tres palos cuando tuvo la primera exigencia del rival tras el golpe: se tir\u00f3 al piso para capturar un centro rasante y se qued\u00f3 tendido en el campo de juego esperando nuevamente la atenci\u00f3n de los especialistas.&nbsp;<strong>A los 34 minutos de esa primera etapa se hizo efectiva la modificaci\u00f3n: el sueco Robin Olsen ocup\u00f3 su lugar<\/strong>.<\/p>\n\n\n\n<p>A la&nbsp;<strong>espera de un parte m\u00e9dico del Aston Villa&nbsp;<\/strong>(que perdi\u00f3 4-0) que entregue mayores precisiones sobre lo sucedido con Mart\u00ednez, Scaloni y su cuerpo t\u00e9cnico tuvieron especial atenci\u00f3n sobre este partido ya que tambi\u00e9n arranc\u00f3 como titular&nbsp;<strong>Emiliano Buend\u00eda<\/strong>&nbsp;en la visita (fue sustituido a los 15 minutos del complemento por Philippe Coutinho). Inclusive el futbolista de 25 a\u00f1os encendi\u00f3 las alarmas al pedir la atenci\u00f3n de los especialistas a los 24 minutos de la primera etapa por una molestia en la rodilla, que de todos modos no lo sac\u00f3 del campo de juego.<\/p>\n\n\n\n<p>M\u00e1s all\u00e1 de que es el titular de la selecci\u00f3n argentina, lo sucedido con\u00a0<em>Dibu<\/em>\u00a0Mart\u00ednez preocupa especialmente porque en el rubro de arqueros ya hay otro lesionado que reci\u00e9n est\u00e1 reapareciendo:\u00a0<strong>Juan Musso<\/strong>\u00a0fue\u00a0operado por una fractura\u00a0en la cara hace m\u00e1s de un mes y d\u00edas atr\u00e1s fue parte de un amistoso del Atalanta, donde se mostr\u00f3 con una m\u00e1scara cubriendo su rostro. Tras ese juego, fue suplente de Marco Sportiello en el choque ante Lazio de la Serie A el pasado fin de semana.<\/p>\n\n\n\n<p>Scaloni llevar\u00e1 seguramente tres guardametas al Mundial entre los 26 convocados: Franco Armani y Ger\u00f3nimo Rulli son los otros dos candidatos a ocupar esas butacas en el vuelo rumbo a Qatar.<\/p>\n\n\n\n<p>La lista definitiva de citados se conocer\u00e1 el 14 de noviembre pr\u00f3ximo y el equipo disputar\u00e1 un amistoso el 16 ante Emiratos \u00c1rabes Unidos. El primer paso en la m\u00e1xima competici\u00f3n lo dar\u00e1 el martes 22 de noviembre ante Arabia Saudita en el\u00a0<em>Lusail Stadium<\/em>.<\/p>\n\n\n\n<p><strong>LOS OTROS CASOS QUE PREOCUPAN EN ARGENTINA<\/strong><\/p>\n\n\n\n<p>La n\u00f3mina de lesionados o\u00a0<em>tocados<\/em>\u00a0durante los \u00faltimos d\u00edas creci\u00f3 notablemente.\u00a0<strong>\u00c1ngel Di Mar\u00eda<\/strong>\u00a0(lesi\u00f3n de bajo grado en el tend\u00f3n de la corva del muslo derecho) como\u00a0<strong>Leandro Paredes<\/strong>\u00a0(lesi\u00f3n de bajo grado en el tend\u00f3n de la corva del muslo izquierdo) deber\u00edan estar disponibles nuevamente en Juventus durante los pr\u00f3ximos partidos de su club que se desarrollar\u00e1n entre el 2 y el 13 de noviembre. El caso m\u00e1s sensible es el de\u00a0<strong>Paulo Dybala<\/strong>, quien sufri\u00f3 una lesi\u00f3n en el recto femoral izquierdo el pasado 9 de octubre y est\u00e1 realizando una\u00a0recuperaci\u00f3n especial\u00a0con el sue\u00f1o de viajar a la Copa del Mundo.<\/p>\n\n\n\n<p>Durante los \u00faltimos d\u00edas se conoci\u00f3 que el defensor del Villarreal&nbsp;<strong>Juan Foyth<\/strong>&nbsp;empez\u00f3 a trotar tras la lesi\u00f3n en la rodilla que lo tiene marginado de los campos desde hace dos meses. El sue\u00f1o del ex Estudiantes de La Plata es el de sumar minutos en su club antes del inicio del Mundial en Qatar.<\/p>\n\n\n\n<p>El que s\u00ed pudo terminar con su problema f\u00edsico es&nbsp;<strong>Exequiel Palacios<\/strong>, quien tras la lesi\u00f3n en el muslo izquierdo que padeci\u00f3 el 10 de septiembre tuvo un lugar en el banco de suplentes del Bayer Leverkusen este s\u00e1bado por primera vez y sum\u00f3 25 minutos de actividad en el complemento de la derrota 1-0 ante Leipzig.<\/p>\n\n\n\n<p>El que llamativamente no fue citado en su club fue&nbsp;<em><strong>Cuti&nbsp;<\/strong><\/em><strong>Romero<\/strong>, quien ven\u00eda con algunas molestias que lo hab\u00edan marginado del anterior partido de Premier League pero que no le impidieron jugar en la \u00faltima semana ante Sporting Lisboa por Champions League. El Tottenham, que visit\u00f3 al Bournemouth de Marcos Sensei, ni siquiera tuvo al cordob\u00e9s entre los suplentes.<\/p>\n\n\n\n<p>Esta semana tambi\u00e9n debi\u00f3 salir de la cancha anticipadamente\u00a0<strong>Guido Rodr\u00edguez<\/strong>, el mediocampista del Betis que es una fija en la lista de 26 que llevar\u00e1 Scaloni. Pidi\u00f3 el cambio en el\u00a0complemento del choque ante Ludogorets\u00a0de Bulgaria por la Europa League y horas m\u00e1s tarde se conoci\u00f3 que sufri\u00f3 un fuerte golpe en la cadera que lo marginar\u00eda del choque ante Real Sociedad de este fin de semana. En ese mismo equipo est\u00e1\u00a0<strong>Germ\u00e1n Pezzella<\/strong>, otro de los habituales convocados por Scaloni: arrastra una peque\u00f1a contractura muscular.<\/p>\n\n\n\n<p>Tambi\u00e9n habr\u00e1 que esperar por las situaciones f\u00edsicas de\u00a0<strong>Nicol\u00e1s Gonz\u00e1lez<\/strong>\u00a0(Fiorentina) y\u00a0<strong>Marcos Acu\u00f1a<\/strong>\u00a0(Sevilla), quienes durante los \u00faltimos d\u00edas estuvieron bajo la lupa por\u00a0distintos temas musculares que llamaron\u00a0la atenci\u00f3n.<\/p>\n\n\n\n<p><\/p>\n","protected":false},"excerpt":{"rendered":"<p>El arquero argentino debi\u00f3 ser atendido por los m\u00e9dicos durante el primer tiempo del choque entre Aston Villa y Newcastle. Fue sustituido por precauci\u00f3n a los 30 minutos de juego&hellip; <\/p>\n","protected":false},"author":1,"featured_media":15534,"comment_status":"closed","ping_status":"open","sticky":false,"template":"","format":"standard","meta":{"footnotes":""},"categories":[4],"tags":[],"class_list":["post-15533","post","type-post","status-publish","format-standard","has-post-thumbnail","hentry","category-deportes"],"_links":{"self":[{"href":"https:\/\/corrientesdetarde.com\/index.php\/wp-json\/wp\/v2\/posts\/15533","targetHints":{"allow":["GET"]}}],"collection":[{"href":"https:\/\/corrientesdetarde.com\/index.php\/wp-json\/wp\/v2\/posts"}],"about":[{"href":"https:\/\/corrientesdetarde.com\/index.php\/wp-json\/wp\/v2\/types\/post"}],"author":[{"embeddable":true,"href":"https:\/\/corrientesdetarde.com\/index.php\/wp-json\/wp\/v2\/users\/1"}],"replies":[{"embeddable":true,"href":"https:\/\/corrientesdetarde.com\/index.php\/wp-json\/wp\/v2\/comments?post=15533"}],"version-history":[{"count":1,"href":"https:\/\/corrientesdetarde.com\/index.php\/wp-json\/wp\/v2\/posts\/15533\/revisions"}],"predecessor-version":[{"id":15535,"href":"https:\/\/corrientesdetarde.com\/index.php\/wp-json\/wp\/v2\/posts\/15533\/revisions\/15535"}],"wp:featuredmedia":[{"embeddable":true,"href":"https:\/\/corrientesdetarde.com\/index.php\/wp-json\/wp\/v2\/media\/15534"}],"wp:attachment":[{"href":"https:\/\/corrientesdetarde.com\/index.php\/wp-json\/wp\/v2\/media?parent=15533"}],"wp:term":[{"taxonomy":"category","embeddable":true,"href":"https:\/\/corrientesdetarde.com\/index.php\/wp-json\/wp\/v2\/categories?post=15533"},{"taxonomy":"post_tag","embeddable":true,"href":"https:\/\/corrientesdetarde.com\/index.php\/wp-json\/wp\/v2\/tags?post=15533"}],"curies":[{"name":"wp","href":"https:\/\/api.w.org\/{rel}","templated":true}]}}