{"id":155352,"date":"2024-07-26T20:52:09","date_gmt":"2024-07-26T23:52:09","guid":{"rendered":"https:\/\/corrientesdetarde.com\/?p=155352"},"modified":"2024-07-26T20:52:20","modified_gmt":"2024-07-26T23:52:20","slug":"horror-un-hombre-le-disparo-a-un-perro-en-la-cabeza-y-se-dio-a-la-fuga","status":"publish","type":"post","link":"https:\/\/corrientesdetarde.com\/index.php\/policiales\/horror-un-hombre-le-disparo-a-un-perro-en-la-cabeza-y-se-dio-a-la-fuga\/","title":{"rendered":"Horror: un hombre le dispar\u00f3 a un perro en la cabeza y se dio a la fuga"},"content":{"rendered":"\n<p>Una familia denunci\u00f3 por violencia animal a un hombre que sin motivos le dispar\u00f3 en la cabeza a su perro.&nbsp;<\/p>\n\n\n\n<p>El hecho tuvo lugar durante la siesta del jueves en la localidad correntina de Mercedes.&nbsp;<\/p>\n\n\n\n<p>Seg\u00fan dieron a conocer desde El Refugio Mercedes, el atacante, identificado como D.M,&nbsp;&nbsp;<strong>lleg\u00f3 en una camioneta, descendi\u00f3 del veh\u00edculo, dispar\u00f3 al animal y luego se dio a la fuga.<\/strong><\/p>\n\n\n\n<p>El perro, de nombre Sans\u00f3n,&nbsp; fue r\u00e1pidamente trasladado a un centro veterinario en donde&nbsp;se encuentra estable, pero se realizar\u00e1&nbsp;una placa ya que quedo la bala incrustada aparentemente en sus fosas nasales, explicaron.&nbsp;<\/p>\n\n\n\n<p>Por su parte, el agresor se encuentra actualmente detenido y la familia hizo&nbsp;la denuncia correspondiente.&nbsp;<\/p>\n","protected":false},"excerpt":{"rendered":"<p>Una familia denunci\u00f3 por violencia animal a un hombre que sin motivos le dispar\u00f3 en la cabeza a su perro.&nbsp; El hecho tuvo lugar durante la siesta del jueves en&hellip; <\/p>\n","protected":false},"author":1,"featured_media":155353,"comment_status":"closed","ping_status":"open","sticky":false,"template":"","format":"standard","meta":{"footnotes":""},"categories":[33],"tags":[],"class_list":["post-155352","post","type-post","status-publish","format-standard","has-post-thumbnail","hentry","category-policiales"],"_links":{"self":[{"href":"https:\/\/corrientesdetarde.com\/index.php\/wp-json\/wp\/v2\/posts\/155352","targetHints":{"allow":["GET"]}}],"collection":[{"href":"https:\/\/corrientesdetarde.com\/index.php\/wp-json\/wp\/v2\/posts"}],"about":[{"href":"https:\/\/corrientesdetarde.com\/index.php\/wp-json\/wp\/v2\/types\/post"}],"author":[{"embeddable":true,"href":"https:\/\/corrientesdetarde.com\/index.php\/wp-json\/wp\/v2\/users\/1"}],"replies":[{"embeddable":true,"href":"https:\/\/corrientesdetarde.com\/index.php\/wp-json\/wp\/v2\/comments?post=155352"}],"version-history":[{"count":1,"href":"https:\/\/corrientesdetarde.com\/index.php\/wp-json\/wp\/v2\/posts\/155352\/revisions"}],"predecessor-version":[{"id":155354,"href":"https:\/\/corrientesdetarde.com\/index.php\/wp-json\/wp\/v2\/posts\/155352\/revisions\/155354"}],"wp:featuredmedia":[{"embeddable":true,"href":"https:\/\/corrientesdetarde.com\/index.php\/wp-json\/wp\/v2\/media\/155353"}],"wp:attachment":[{"href":"https:\/\/corrientesdetarde.com\/index.php\/wp-json\/wp\/v2\/media?parent=155352"}],"wp:term":[{"taxonomy":"category","embeddable":true,"href":"https:\/\/corrientesdetarde.com\/index.php\/wp-json\/wp\/v2\/categories?post=155352"},{"taxonomy":"post_tag","embeddable":true,"href":"https:\/\/corrientesdetarde.com\/index.php\/wp-json\/wp\/v2\/tags?post=155352"}],"curies":[{"name":"wp","href":"https:\/\/api.w.org\/{rel}","templated":true}]}}