{"id":155355,"date":"2024-07-27T08:00:06","date_gmt":"2024-07-27T11:00:06","guid":{"rendered":"https:\/\/corrientesdetarde.com\/?p=155355"},"modified":"2024-07-27T08:00:11","modified_gmt":"2024-07-27T11:00:11","slug":"desarrollo-social-inauguro-centro-de-capacitacion-de-emprendedores","status":"publish","type":"post","link":"https:\/\/corrientesdetarde.com\/index.php\/locales\/desarrollo-social-inauguro-centro-de-capacitacion-de-emprendedores\/","title":{"rendered":"Desarrollo Social inaugur\u00f3 Centro de Capacitaci\u00f3n de Emprendedores"},"content":{"rendered":"\n<p>Este jueves 25 de julio, &nbsp;se inaugur\u00f3 &nbsp;el Centro de Capacitaci\u00f3n de Emprendedores dependiente del Gobierno Provincial a trav\u00e9s del Ministerio de Desarrollo Social&nbsp; en&nbsp; 25 de Mayo 1379 de Capital, encabezado por el ministro Ad\u00e1n Gaya.<\/p>\n\n\n\n<p>El Centro funcionar\u00e1 de lunes a viernes de 8 a 17, con el fin de mejorar la formaci\u00f3n de los emprendedores y as\u00ed lograr un mayor rendimiento en sus producciones y ventas. Desde el lunes 30 estar\u00e1n abiertas las inscripciones. Los cursos ser\u00e1n de: Armados de stands, Costos, Marketing,Redes Sociales y Manipulaci\u00f3n de Alimentos.<\/p>\n\n\n\n<p>Adem\u00e1s, el Centro cuenta con una oficina de asesoramiento y orientaci\u00f3n para realizar todo tipo de gestiones destinadas al emprendedor como ser en ANSES: jubilaci\u00f3n, pensi\u00f3n, AUH SUAF, Progresar, Alimentar, monitoreo social, turnos, seguimiento de expedientes. En Superintendencia: alta\/baja obra social, Incluir salud, certificado activo, Codem, Pami, pago de monotributo, seguimiento de expediente, Sumar y en Banco Naci\u00f3n turnos, consultas de cobros, entre otros.<\/p>\n\n\n\n<p><strong>&#8220;La idea es que emprendedores de Capital e Interior puedan capacitarse y &nbsp;poder tener su carnet, lo que les permite, en los espacios que tenemos, llevar adelante su trabajo, que es vender, esta es una etapa m\u00e1s&nbsp;del acompa\u00f1amiento,&nbsp;de la capacitaci\u00f3n&nbsp; y tambi\u00e9n de la articulaci\u00f3n con otros organismos del Estado&#8221;, expres\u00f3 el ministro Ad\u00e1n Gaya.<\/strong><\/p>\n","protected":false},"excerpt":{"rendered":"<p>Este jueves 25 de julio, &nbsp;se inaugur\u00f3 &nbsp;el Centro de Capacitaci\u00f3n de Emprendedores dependiente del Gobierno Provincial a trav\u00e9s del Ministerio de Desarrollo Social&nbsp; en&nbsp; 25 de Mayo 1379 de&hellip; <\/p>\n","protected":false},"author":3,"featured_media":155361,"comment_status":"closed","ping_status":"open","sticky":false,"template":"","format":"standard","meta":{"footnotes":""},"categories":[8],"tags":[],"class_list":["post-155355","post","type-post","status-publish","format-standard","has-post-thumbnail","hentry","category-locales"],"_links":{"self":[{"href":"https:\/\/corrientesdetarde.com\/index.php\/wp-json\/wp\/v2\/posts\/155355","targetHints":{"allow":["GET"]}}],"collection":[{"href":"https:\/\/corrientesdetarde.com\/index.php\/wp-json\/wp\/v2\/posts"}],"about":[{"href":"https:\/\/corrientesdetarde.com\/index.php\/wp-json\/wp\/v2\/types\/post"}],"author":[{"embeddable":true,"href":"https:\/\/corrientesdetarde.com\/index.php\/wp-json\/wp\/v2\/users\/3"}],"replies":[{"embeddable":true,"href":"https:\/\/corrientesdetarde.com\/index.php\/wp-json\/wp\/v2\/comments?post=155355"}],"version-history":[{"count":1,"href":"https:\/\/corrientesdetarde.com\/index.php\/wp-json\/wp\/v2\/posts\/155355\/revisions"}],"predecessor-version":[{"id":155365,"href":"https:\/\/corrientesdetarde.com\/index.php\/wp-json\/wp\/v2\/posts\/155355\/revisions\/155365"}],"wp:featuredmedia":[{"embeddable":true,"href":"https:\/\/corrientesdetarde.com\/index.php\/wp-json\/wp\/v2\/media\/155361"}],"wp:attachment":[{"href":"https:\/\/corrientesdetarde.com\/index.php\/wp-json\/wp\/v2\/media?parent=155355"}],"wp:term":[{"taxonomy":"category","embeddable":true,"href":"https:\/\/corrientesdetarde.com\/index.php\/wp-json\/wp\/v2\/categories?post=155355"},{"taxonomy":"post_tag","embeddable":true,"href":"https:\/\/corrientesdetarde.com\/index.php\/wp-json\/wp\/v2\/tags?post=155355"}],"curies":[{"name":"wp","href":"https:\/\/api.w.org\/{rel}","templated":true}]}}