{"id":155356,"date":"2024-07-27T08:04:36","date_gmt":"2024-07-27T11:04:36","guid":{"rendered":"https:\/\/corrientesdetarde.com\/?p=155356"},"modified":"2024-07-27T08:04:37","modified_gmt":"2024-07-27T11:04:37","slug":"no-era-loan-el-nene-a-quien-una-mujer-vio-caminando-en-chaco","status":"publish","type":"post","link":"https:\/\/corrientesdetarde.com\/index.php\/policiales\/no-era-loan-el-nene-a-quien-una-mujer-vio-caminando-en-chaco\/","title":{"rendered":"No era Loan el nene a quien una mujer vio caminando en Chaco"},"content":{"rendered":"\n<p>La Polic\u00eda fue alertada sobre la supuesta presencia del ni\u00f1o desaparecido en Corrientes desde el 13 de junio. Confirmaron que se trataba de otro menor.<\/p>\n\n\n\n<p>La Polic\u00eda de la provincia de Chaco inform\u00f3 ayer que no era Loan Danilo Pe\u00f1a, de cinco a\u00f1os, el nene visto caminando junto a una mujer en la localidad de Puerto Vilelas. Se trata de otro chico, con ciertos rasgos parecidos al menor desaparecido en Corrientes desde el 13 de junio.<\/p>\n\n\n\n<p>La alarma se encendi\u00f3 el jueves cuando una persona llam\u00f3 al sistema de emergencias 911 para manifestar que vio a un chico que podr\u00eda ser Loan.<\/p>\n\n\n\n<p>De inmediato, autoridades de la comisar\u00eda local, en conjunto con el personal del Departamento Lucha Contra la Trata de Personas, se entrevist\u00f3 con la testigo que realiz\u00f3 el llamado de aviso.<\/p>\n\n\n\n<figure class=\"wp-block-image\"><img decoding=\"async\" src=\"https:\/\/www.diarioepoca.com\/content\/bucket\/9\/1375679w380h304c.jpg.webp\" alt=\"\"\/><\/figure>\n\n\n\n<p>A partir de sus dichos, &#8220;se realiz\u00f3 un rastrillaje sin visualizar al menor que se encontraba acompa\u00f1ado de una mujer y se dirigieron caminando desde el barrio Cop hacia el paraje Tres Bocas por el terrapl\u00e9n&#8221;, inform\u00f3 la fuerza de la vecina provincia.<\/p>\n\n\n\n<p>Los trabajos continuaron en la zona y ayer al mediod\u00eda &#8220;efectivos del Departamento Lucha Contra la Trata de Personas y la Guardia Municipal de Puerto Vilelas lograron dar con la mujer de similares caracter\u00edsticas&#8221;.<\/p>\n\n\n\n<p>Los efectivos hablaron con esa persona de 43 a\u00f1os, oriunda de la provincia de Formosa, quien indic\u00f3 que ayer en horas de que la Polic\u00eda del Chaco recibe esa posible vista de Loan en esa zona, se trataba de ella junto a su hijo de siete a\u00f1os, con quien hace aproximadamente una semana se encuentra en la casa de un familiar.<\/p>\n\n\n\n<figure class=\"wp-block-image\"><img decoding=\"async\" src=\"https:\/\/www.diarioepoca.com\/content\/bucket\/3\/1375663w380h303c.jpg.webp\" alt=\"\"\/><\/figure>\n\n\n\n<p>Cabe resaltar la r\u00e1pida intervenci\u00f3n de la Comisar\u00eda de Puerto Vilelas, el centro de monitoreo de esa localidad, la colaboraci\u00f3n de la Guardia Urbana Municipal, el trabajo del Departamento Lucha Contra la Trata de Personas que se abocaron a las tareas investigativas y los trabajos por parte del Departamento Cibercrimen que ha llevado un an\u00e1lisis exhaustivo de las c\u00e1maras de seguridad de la zona. Con todo esto, &#8220;la Polic\u00eda de Chaco ha descartado esa posible pista de que el menor se encuentre en la localidad de Puerto Vilelas&#8221;, explic\u00f3 la instituci\u00f3n chaque\u00f1a.<\/p>\n\n\n\n<p>Desde el &#8220;Gobierno Provincial, el Ministerio de Seguridad y la Polic\u00eda estamos en la colaboraci\u00f3n permanente para dar con el menor correntino&#8221;, informaron.<\/p>\n\n\n\n<p>Loan es buscado desde el jueves 13 de junio en el paraje Algarrobal de la localidad de 9 de Julio, adonde fue junto a su pap\u00e1 Jos\u00e9 de visita a la casa de la abuela Catalina.<\/p>\n\n\n\n<p>Ese d\u00eda realizaron un almuerzo para celebrar el d\u00eda de San Antonio. A la siesta, alrededor de las 14:30, el nene desapareci\u00f3 en forma misteriosa despu\u00e9s de ir hasta un naranjal, en un monte a unos 350 metros desde la casa, acompa\u00f1ado de un grupo de adultos y otros cinco menores.<\/p>\n\n\n\n<p>Las personas detenidas bajo sospechas de la supuesta &#8220;sustracci\u00f3n y ocultamiento&#8221; del ni\u00f1o lo conforman Laudelina Pe\u00f1a, el comisario Walter Maciel, el exmarino Carlos P\u00e9rez, Ver\u00f3nica Caillava, esposa de P\u00e9rez; Antonio Ben\u00edtez, esposo de Laudelina y t\u00edo pol\u00edtico de Loan; y la pareja compuesta entre M\u00f3nica Millapi y Daniel Ram\u00edrez, ambos amigos de Ben\u00edtez y el expolic\u00eda Armando M\u00e9ndez.<\/p>\n","protected":false},"excerpt":{"rendered":"<p>La Polic\u00eda fue alertada sobre la supuesta presencia del ni\u00f1o desaparecido en Corrientes desde el 13 de junio. Confirmaron que se trataba de otro menor. La Polic\u00eda de la provincia&hellip; <\/p>\n","protected":false},"author":3,"featured_media":155371,"comment_status":"closed","ping_status":"open","sticky":false,"template":"","format":"standard","meta":{"footnotes":""},"categories":[33],"tags":[],"class_list":["post-155356","post","type-post","status-publish","format-standard","has-post-thumbnail","hentry","category-policiales"],"_links":{"self":[{"href":"https:\/\/corrientesdetarde.com\/index.php\/wp-json\/wp\/v2\/posts\/155356","targetHints":{"allow":["GET"]}}],"collection":[{"href":"https:\/\/corrientesdetarde.com\/index.php\/wp-json\/wp\/v2\/posts"}],"about":[{"href":"https:\/\/corrientesdetarde.com\/index.php\/wp-json\/wp\/v2\/types\/post"}],"author":[{"embeddable":true,"href":"https:\/\/corrientesdetarde.com\/index.php\/wp-json\/wp\/v2\/users\/3"}],"replies":[{"embeddable":true,"href":"https:\/\/corrientesdetarde.com\/index.php\/wp-json\/wp\/v2\/comments?post=155356"}],"version-history":[{"count":1,"href":"https:\/\/corrientesdetarde.com\/index.php\/wp-json\/wp\/v2\/posts\/155356\/revisions"}],"predecessor-version":[{"id":155372,"href":"https:\/\/corrientesdetarde.com\/index.php\/wp-json\/wp\/v2\/posts\/155356\/revisions\/155372"}],"wp:featuredmedia":[{"embeddable":true,"href":"https:\/\/corrientesdetarde.com\/index.php\/wp-json\/wp\/v2\/media\/155371"}],"wp:attachment":[{"href":"https:\/\/corrientesdetarde.com\/index.php\/wp-json\/wp\/v2\/media?parent=155356"}],"wp:term":[{"taxonomy":"category","embeddable":true,"href":"https:\/\/corrientesdetarde.com\/index.php\/wp-json\/wp\/v2\/categories?post=155356"},{"taxonomy":"post_tag","embeddable":true,"href":"https:\/\/corrientesdetarde.com\/index.php\/wp-json\/wp\/v2\/tags?post=155356"}],"curies":[{"name":"wp","href":"https:\/\/api.w.org\/{rel}","templated":true}]}}