{"id":155357,"date":"2024-07-27T08:03:47","date_gmt":"2024-07-27T11:03:47","guid":{"rendered":"https:\/\/corrientesdetarde.com\/?p=155357"},"modified":"2024-07-27T16:39:29","modified_gmt":"2024-07-27T19:39:29","slug":"los-salarios-se-iran-recuperando-mientras-la-inflacion-siga-a-la-baja","status":"publish","type":"post","link":"https:\/\/corrientesdetarde.com\/index.php\/economia\/los-salarios-se-iran-recuperando-mientras-la-inflacion-siga-a-la-baja\/","title":{"rendered":"&#8220;Los salarios se ir\u00e1n recuperando mientras la inflaci\u00f3n siga a la baja&#8221;"},"content":{"rendered":"\n<p>El empresario local, Fernando M\u00e9ndez, dialog\u00f3 con \u00e9poca acerca del contexto econ\u00f3mico actual y lo que se espera de aqu\u00ed a fin de a\u00f1o. Dijo que es un buen momento para invertir porque hay mucha oferta. &#8220;Comprar barato es mejor que vender caro&#8221;, puntualiz\u00f3.<\/p>\n\n\n\n<p>\u00bfCu\u00e1ndo comienza la recuperaci\u00f3n de la econom\u00eda? Es la pregunta que se hace en muchos sectores productivos y comerciales del pa\u00eds. Transcurridos ya siete meses del inicio de la gesti\u00f3n federal de La Libertad Avanza (LLA) y tras la implementaci\u00f3n de fuertes medidas, entre ellas la sanci\u00f3n de la Ley Bases (28 de junio), la incertidumbre a\u00fan sigue reinando en un contexto de fuerte recesi\u00f3n a pesar de la desaceleraci\u00f3n de la inflaci\u00f3n.<\/p>\n\n\n\n<p>Ante esa coyuntura, \u00e9poca, tal como lo hizo ya con representantes de varios sectores, dialog\u00f3 en esta ocasi\u00f3n con Fernando M\u00e9ndez, empresario del sector del tabaco y tambi\u00e9n de desarrollos inmobiliarios acerca del presente del pa\u00eds y de lo que puede ocurrir, en materia econ\u00f3mica, en el segundo semestre en curso.<\/p>\n\n\n\n<p>&#8220;Hay una ca\u00edda del consumo que para m\u00ed no es tan alta como se dice a nivel nacional. Era esperable la recesi\u00f3n y no deber\u00eda sorprender a nadie por los profundos cambios que se est\u00e1n activando en el pa\u00eds&#8221;, dijo en primer t\u00e9rmino y luego agreg\u00f3: &#8220;La recuperaci\u00f3n de los salarios es central para que se reactive el consumo, pero hay que tener en cuenta que tras la oficializaci\u00f3n de la devaluaci\u00f3n, hubo sectores que aplicaron alzas del 100% y despu\u00e9s tuvieron bajar sus productos porque sus ventas se desplomaron. A\u00fan hay disparidad de precios&#8221;.<\/p>\n\n\n\n<figure class=\"wp-block-image\"><img decoding=\"async\" src=\"https:\/\/www.diarioepoca.com\/content\/bucket\/5\/1375655w380h228c.jpg.webp\" alt=\"\"\/><\/figure>\n\n\n\n<p>En continuidad, M\u00e9ndez ampli\u00f3 su observaci\u00f3n y estim\u00f3 que &#8220;los salarios se ir\u00e1n recuperando mientras baje la inflaci\u00f3n porque el mayor impuesto indirecto que tiene el asalariado es la inflaci\u00f3n. Los que menos tienen son los que m\u00e1s pagan, porque no es lo mismo comprar un producto b\u00e1sico si gan\u00e1s 500 mil pesos que si tu ingreso es de 100 mil&#8221;.<\/p>\n\n\n\n<h2 class=\"wp-block-heading\">Segundo semestre<\/h2>\n\n\n\n<p>Con respecto a lo que se puede esperar de aqu\u00ed a fin de a\u00f1o, el empresario se\u00f1al\u00f3 que &#8220;lo mejor que va a pasar en esta segunda mitad del a\u00f1o es que no va haber m\u00e1s emisi\u00f3n de dinero para pagar a los bancos por el d\u00e9ficit fiscal que generaba el estado&#8221;. &#8220;Adem\u00e1s- prosigui\u00f3-, ahora se van a reactivar las obras p\u00fablicas, teniendo en cuenta que la construcci\u00f3n fue el sector m\u00e1s castigado en lo que va de este ciclo&#8221;.<\/p>\n\n\n\n<p>Consultado acerca de c\u00f3mo juzga, en l\u00edneas generales, a las pol\u00edticas implementadas desde el gobierno encabezado por Javier Milei, M\u00e9ndez sostuvo: &#8220;Para m\u00ed son pol\u00edticas positivas que no solo fueron apuntaladas por La Libertad Avanza, porque a la Ley Bases, que era necesaria, la impulsaron con su voto diversos partidos&#8221;.<\/p>\n\n\n\n<p>Otro de los \u00edtems abordados durante la comunicaci\u00f3n con este matutino fue el comportamiento del d\u00f3lar y el nuevo rol que la administraci\u00f3n federal le quiere dar al peso. &#8220;El d\u00f3lar no se va mover porque no va haber pesos y la gente ahora va a valorar m\u00e1s a los pesos&#8221;, enfatiz\u00f3.<\/p>\n\n\n\n<p>Por \u00faltimo, sobre si el contexto es propicio o hay certidumbre para los emprendedores e inversores, M\u00e9ndez dej\u00f3 un claro mensaje: &#8220;Hay mucha oferta y creo que es un buen momento para invertir y emprender, porque hay que invertir cuando nadie lo hace, ya que comprar barato es mejor que vender caro. Soy optimista&#8221;, valor\u00f3.<\/p>\n\n\n\n<h2 class=\"wp-block-heading\">Actualizaron el m\u00ednimo, vital y m\u00f3vil<\/h2>\n\n\n\n<p>Tras fracasar en las negociaciones con el Consejo del Salario M\u00ednimo, Vital y M\u00f3vil, el Gobierno nacional determin\u00f3 ayer por decreto el nuevo piso salarial que pasar\u00e1 de $234.315,12 a $254.231,91 para julio.<\/p>\n\n\n\n<p>Adem\u00e1s, adelant\u00f3 las subas de los pr\u00f3ximos meses: el piso ser\u00e1 de 262.432,93 pesos en agosto, 268.056,50 en septiembre, 271.571,22 en octubre.<\/p>\n\n\n\n<p>Pese a la suba dispuesta por la administraci\u00f3n nacional, el sueldo b\u00e1sico se mantiene como el menor en 30 a\u00f1os y est\u00e1 todav\u00eda muy alejado del pedido inicial de la CGT, que hab\u00eda propuesto que saltara a $480.000.<\/p>\n\n\n\n<p>El SMVM alcanza a &#8220;todos los trabajadores comprendidos en el R\u00e9gimen de Contrato de Trabajo aprobado por la Ley N\u00ba 20.744, en el R\u00e9gimen de Trabajo Agrario, de la Administraci\u00f3n P\u00fablica Nacional y de todas las entidades y organismos del Estado Nacional que act\u00fae como empleador&#8221;, seg\u00fan precisa la resoluci\u00f3n publicada por el Gobierno a trav\u00e9s del Bolet\u00edn Oficial.<\/p>\n\n\n\n<p>Tras ello, la Confederaci\u00f3n General del Trabajo (CGT) emiti\u00f3 un fuerte comunicado titulado &#8220;Otra vez sopa: un ofrecimiento empresario que no est\u00e1 a la altura de las circunstancias&#8221;.<\/p>\n\n\n\n<p>En el texto hablan de &#8220;insensibilidad social&#8221; por parte de los empresarios por la propuesta de $245.094 presentada por ellos. Muy lejos, de los $480.000 que hab\u00eda pedido la central de trabajadores. Adem\u00e1s, solicitaron al Gobierno que no convalide esta &#8220;vergonzosa oferta&#8221;.<\/p>\n\n\n\n<p>Finalmente, el Gobierno resolvi\u00f3 determinar un piso apenas por encima del sugerido por el sector empresario.<\/p>\n","protected":false},"excerpt":{"rendered":"<p>El empresario local, Fernando M\u00e9ndez, dialog\u00f3 con \u00e9poca acerca del contexto econ\u00f3mico actual y lo que se espera de aqu\u00ed a fin de a\u00f1o. Dijo que es un buen momento&hellip; <\/p>\n","protected":false},"author":3,"featured_media":155369,"comment_status":"closed","ping_status":"open","sticky":false,"template":"","format":"standard","meta":{"footnotes":""},"categories":[26,20],"tags":[],"class_list":["post-155357","post","type-post","status-publish","format-standard","has-post-thumbnail","hentry","category-destacados","category-economia"],"_links":{"self":[{"href":"https:\/\/corrientesdetarde.com\/index.php\/wp-json\/wp\/v2\/posts\/155357","targetHints":{"allow":["GET"]}}],"collection":[{"href":"https:\/\/corrientesdetarde.com\/index.php\/wp-json\/wp\/v2\/posts"}],"about":[{"href":"https:\/\/corrientesdetarde.com\/index.php\/wp-json\/wp\/v2\/types\/post"}],"author":[{"embeddable":true,"href":"https:\/\/corrientesdetarde.com\/index.php\/wp-json\/wp\/v2\/users\/3"}],"replies":[{"embeddable":true,"href":"https:\/\/corrientesdetarde.com\/index.php\/wp-json\/wp\/v2\/comments?post=155357"}],"version-history":[{"count":2,"href":"https:\/\/corrientesdetarde.com\/index.php\/wp-json\/wp\/v2\/posts\/155357\/revisions"}],"predecessor-version":[{"id":155463,"href":"https:\/\/corrientesdetarde.com\/index.php\/wp-json\/wp\/v2\/posts\/155357\/revisions\/155463"}],"wp:featuredmedia":[{"embeddable":true,"href":"https:\/\/corrientesdetarde.com\/index.php\/wp-json\/wp\/v2\/media\/155369"}],"wp:attachment":[{"href":"https:\/\/corrientesdetarde.com\/index.php\/wp-json\/wp\/v2\/media?parent=155357"}],"wp:term":[{"taxonomy":"category","embeddable":true,"href":"https:\/\/corrientesdetarde.com\/index.php\/wp-json\/wp\/v2\/categories?post=155357"},{"taxonomy":"post_tag","embeddable":true,"href":"https:\/\/corrientesdetarde.com\/index.php\/wp-json\/wp\/v2\/tags?post=155357"}],"curies":[{"name":"wp","href":"https:\/\/api.w.org\/{rel}","templated":true}]}}