{"id":155358,"date":"2024-07-27T08:01:03","date_gmt":"2024-07-27T11:01:03","guid":{"rendered":"https:\/\/corrientesdetarde.com\/?p=155358"},"modified":"2024-07-27T08:01:04","modified_gmt":"2024-07-27T11:01:04","slug":"sin-margen-de-error-la-sub-23-enfrenta-a-irak-por-la-recuperacion","status":"publish","type":"post","link":"https:\/\/corrientesdetarde.com\/index.php\/deportes\/sin-margen-de-error-la-sub-23-enfrenta-a-irak-por-la-recuperacion\/","title":{"rendered":"Sin margen de error, la Sub-23 enfrenta a Irak por la recuperaci\u00f3n"},"content":{"rendered":"\n<p>El equipo de Javier Mascherano necesita una victoria para enderezar la clasificaci\u00f3n tras la sorpresiva y escandalosa derrota del debut.<\/p>\n\n\n\n<p>Luego del esc\u00e1ndalo y la derrota en el debut con Marruecos, la Selecci\u00f3n Argentina Sub-23 disputa este s\u00e1bado el segundo partido del Grupo B de los Juegos Ol\u00edmpicos de Par\u00eds 2024 con la necesidad de conseguir una victoria para seguir con vida en el certamen.<\/p>\n\n\n\n<p>El partido se disputa desde las 10 horas de la Argentina en el Estadio de Lyon. Ser\u00e1 transmitido por TyC Sports.<\/p>\n\n\n\n<p>El choque con Irak es clave porque vienen de vencer a Ucrania en el debut. Una nueva derrota argentina podr\u00eda dejarlo fuera de competencia una fecha antes, si Marruecos vuelve a ganar; mientras que una victoria dejar\u00eda al seleccionado dependiendo de s\u00ed mismo de cara a la jornada final.<\/p>\n\n\n\n<p>El entrenador Javier Mascherano no hab\u00eda confirmado el equipo aunque se preve\u00eda que iba a ser el mismo, con la inclusi\u00f3n de Equi Fern\u00e1ndez en lugar de Santiago Hezze o Kevin Zen\u00f3n.<\/p>\n\n\n\n<p>Argentina viene de perder 2-1 ante Marruecos en una in\u00e9dita definici\u00f3n, ya que hab\u00eda logrado la igualdad sobre la hora pero el tanto fue anulado v\u00eda VAR unas dos horas m\u00e1s tarde.<\/p>\n\n\n\n<h3 class=\"wp-block-heading\">El posible equipo de la Selecci\u00f3n Argentina Sub-23 vs Irak<\/h3>\n\n\n\n<p>Ger\u00f3nimo Rulli; Joaqu\u00edn Garc\u00eda, Marco Di C\u00e9sare, Nicol\u00e1s Otamendi, Bruno Amione; Equi Fern\u00e1ndez, Cristian Medina, Thiago Almada, Santiago Hezze o Kevin Zen\u00f3n ; Juli\u00e1n \u00c1lvarez y Lucas Beltr\u00e1n o Luciano Gondou o Giuliano Simeone. DT: Javier Mascherano.<\/p>\n","protected":false},"excerpt":{"rendered":"<p>El equipo de Javier Mascherano necesita una victoria para enderezar la clasificaci\u00f3n tras la sorpresiva y escandalosa derrota del debut. Luego del esc\u00e1ndalo y la derrota en el debut con&hellip; <\/p>\n","protected":false},"author":3,"featured_media":155367,"comment_status":"closed","ping_status":"open","sticky":false,"template":"","format":"standard","meta":{"footnotes":""},"categories":[4],"tags":[],"class_list":["post-155358","post","type-post","status-publish","format-standard","has-post-thumbnail","hentry","category-deportes"],"_links":{"self":[{"href":"https:\/\/corrientesdetarde.com\/index.php\/wp-json\/wp\/v2\/posts\/155358","targetHints":{"allow":["GET"]}}],"collection":[{"href":"https:\/\/corrientesdetarde.com\/index.php\/wp-json\/wp\/v2\/posts"}],"about":[{"href":"https:\/\/corrientesdetarde.com\/index.php\/wp-json\/wp\/v2\/types\/post"}],"author":[{"embeddable":true,"href":"https:\/\/corrientesdetarde.com\/index.php\/wp-json\/wp\/v2\/users\/3"}],"replies":[{"embeddable":true,"href":"https:\/\/corrientesdetarde.com\/index.php\/wp-json\/wp\/v2\/comments?post=155358"}],"version-history":[{"count":1,"href":"https:\/\/corrientesdetarde.com\/index.php\/wp-json\/wp\/v2\/posts\/155358\/revisions"}],"predecessor-version":[{"id":155368,"href":"https:\/\/corrientesdetarde.com\/index.php\/wp-json\/wp\/v2\/posts\/155358\/revisions\/155368"}],"wp:featuredmedia":[{"embeddable":true,"href":"https:\/\/corrientesdetarde.com\/index.php\/wp-json\/wp\/v2\/media\/155367"}],"wp:attachment":[{"href":"https:\/\/corrientesdetarde.com\/index.php\/wp-json\/wp\/v2\/media?parent=155358"}],"wp:term":[{"taxonomy":"category","embeddable":true,"href":"https:\/\/corrientesdetarde.com\/index.php\/wp-json\/wp\/v2\/categories?post=155358"},{"taxonomy":"post_tag","embeddable":true,"href":"https:\/\/corrientesdetarde.com\/index.php\/wp-json\/wp\/v2\/tags?post=155358"}],"curies":[{"name":"wp","href":"https:\/\/api.w.org\/{rel}","templated":true}]}}