{"id":155359,"date":"2024-07-27T08:00:21","date_gmt":"2024-07-27T11:00:21","guid":{"rendered":"https:\/\/corrientesdetarde.com\/?p=155359"},"modified":"2024-07-27T08:00:22","modified_gmt":"2024-07-27T11:00:22","slug":"lovinson-tenemos-un-promedio-de-60-a-70-incendios-rurales","status":"publish","type":"post","link":"https:\/\/corrientesdetarde.com\/index.php\/clima\/lovinson-tenemos-un-promedio-de-60-a-70-incendios-rurales\/","title":{"rendered":"Lovinson: &#8220;Tenemos un promedio de 60 a 70 incendios rurales&#8221;"},"content":{"rendered":"\n<p>Lo dijo el subdirector de Defensa Civil, Bruno Lovinson, en una conferencia. El Gobierno decidi\u00f3 prohibir las quemas de todo tipo en la provincia hasta que mejoren las condiciones clim\u00e1ticas. Tambi\u00e9n destac\u00f3 que a\u00fan hay gente que no controla los incendios y provoca da\u00f1os.<\/p>\n\n\n\n<p>Ante la falta de lluvias y decenas de focos de incendios detectados a diario, el Gobierno de Corrientes decidi\u00f3 prohibir las quemas en todo el territorio provincial, incluso las que fueron autorizadas con anterioridad. En una conferencia de prensa realizada en el SUM del Ministerio de Coordinaci\u00f3n, y a cargo de Defensa Civil, explicaron detalles de la medida que tiene como objetivo proteger a la poblaci\u00f3n, la flora y la fauna y evitar la mayor cantidad de da\u00f1os materiales.<\/p>\n\n\n\n<p>En primer t\u00e9rmino, tom\u00f3 la palabra Eulogio M\u00e1rquez, director de Defensa Civil, quien resalt\u00f3 que a partir de ayer, por decisi\u00f3n del Gobierno de la Provincia, se decidi\u00f3 la prohibici\u00f3n de todo tipo de quemas en el territorio provincial.<\/p>\n\n\n\n<p>&#8220;Esto se debe a que en los \u00faltimos meses llovi\u00f3 muy poco, en algunas localidades solo un mil\u00edmetro en 30 d\u00edas, lo que genera un d\u00e9ficit de agua y potencia la probabilidad de incendios&#8221;, declar\u00f3 M\u00e1rquez.<\/p>\n\n\n\n<p>Luego fue el turno del subdirector de Defensa Civil, Bruno Lovinson, quien tras la reuni\u00f3n tom\u00f3 contacto con \u00e9poca y reconoci\u00f3: &#8220;Estamos ante una situaci\u00f3n bastante compleja, las \u00faltimas lluvias en el fen\u00f3meno del Ni\u00f1o dejaron mucho combustible en el interior de la provincia, es una situaci\u00f3n cr\u00edtica en el sentido de que hay pastura superior a 1,50 metros en algunos sectores. Esto hace que la disponibilidad combustible sea muy alta&#8221;.<\/p>\n\n\n\n<p>Remarc\u00f3 que las heladas que se registraron en el interior en las \u00faltimas semanas antes de la temperatura primaveral que hay actualmente secaron el pasto de los campos. &#8220;Entendemos que pasamos algunos d\u00edas de fr\u00edo, entonces la disponibilidad de combustible para los incendios es cr\u00edtica entendiendo que todav\u00eda estamos en una fase en que el combustible se empieza a poner propenso&#8221;.<\/p>\n\n\n\n<figure class=\"wp-block-image\"><img decoding=\"async\" src=\"https:\/\/www.diarioepoca.com\/content\/bucket\/3\/1375673w380h178c.jpg.webp\" alt=\"\"\/><\/figure>\n\n\n\n<p>Lovinson dej\u00f3 en claro que para los meses c\u00e1lidos que vienen habr\u00e1 a\u00fan mayores complicaciones con respecto al fuego. &#8220;Debemos entender lo que va a ser la situaci\u00f3n en la primavera de este a\u00f1o y el verano; si se mantiene esta condici\u00f3n ser\u00e1 muy cr\u00edtica para los incendios&#8221;.<\/p>\n\n\n\n<p>Debido a ello procedieron a aplicar esta med\u00eda de prohibir las quemas en general. &#8220;No solamente de prohibir, sino tambi\u00e9n dejar que la gente del campo se prepare para los sistemas de prevenci\u00f3n, sistemas de cortafuegos, limpieza natural de la pastura para que, en el caso de que se produjeran incendios de manera accidental, puedan ser detenidos r\u00e1pidamente as\u00ed que la situaci\u00f3n es esa y va a ser cr\u00edtica&#8221;, resalt\u00f3 el subdirector de Defensa Civil.<\/p>\n\n\n\n<p>Al comentar sobre la campa\u00f1a realizada la temporada pasada, Lovinson destac\u00f3: &#8220;Fue muy buena, de hecho el a\u00f1o pasado tuvimos un 70% menos de incendios que en los per\u00edodos de 2021 y 2022. Los sistemas de prevenci\u00f3n aumentaron considerablemente, pero todav\u00eda hay una falta de cultura en lo que es el uso del fuego que tiene que seguir haci\u00e9ndose en la provincia&#8221;, detall\u00f3, a la vez que remarc\u00f3 que &#8220;Corrientes es la provincia mayor forestada del pa\u00eds y una de las provincias tambi\u00e9n con una alta tasa de ganader\u00eda&#8221;.<\/p>\n\n\n\n<p>Al ser consultado sobre si hubo situaciones judiciales debido a la desobediencia de no realizar quemas en a\u00f1os anteriores, Lovison detall\u00f3: &#8220;No solamente la Justicia est\u00e1 trabajando, sino tambi\u00e9n el Sistema de Contravenci\u00f3n que aplica la Polic\u00eda de Corrientes, que viene sumando cada vez m\u00e1s actas contravencionales. No queremos llegar a esa instancia, pero cuando hablamos de prevenci\u00f3n es una metodolog\u00eda&#8221;.<\/p>\n\n\n\n<p>Tras la requisitoria sobre la situaci\u00f3n actual que atraviesa la provincia debido a los m\u00faltiples focos registrados, el subdirector de Defensa Civil reconoci\u00f3: &#8220;La situaci\u00f3n actual es que estamos con un promedio de entre 60 y 70 incendios rurales por d\u00eda y algunos tomaron caracter\u00edsticas especiales. Por eso se llega a esta condici\u00f3n de prohibir la quema&#8221;.<\/p>\n\n\n\n<p>Al ser consultado por \u00e9poca sobre qu\u00e9 zona ser\u00eda la m\u00e1s afectada por los incendios asegur\u00f3 que &#8220;b\u00e1sicamente entre el sector este de la provincia, la costa del r\u00edo Uruguay, algunos sectores del norte y fundamentalmente centro-norte de la provincia&#8221;.<\/p>\n\n\n\n<figure class=\"wp-block-image\"><img decoding=\"async\" src=\"https:\/\/www.diarioepoca.com\/content\/bucket\/4\/1375674w380h220c.jpg.webp\" alt=\"\"\/><\/figure>\n\n\n\n<p>Tambi\u00e9n dio porcentajes de la manera en que se originan y cu\u00e1nto tiene que ver la mano del hombre. &#8220;La condici\u00f3n de accidentabilidad sigue siendo muy baja, no supera el 2%. Decimos esto por algunos episodios que han se han dado, as\u00ed que hay una tasa del 95% al 98% de que esto se quema a prop\u00f3sito&#8221;. Pero Lovison asever\u00f3: &#8220;Siempre decimos que la quema o el uso del fuego es una herramienta de mucho tiempo, pero lamentablemente se aplica muy mal&#8221;.<\/p>\n\n\n\n<p>Reconoci\u00f3 tambi\u00e9n que por el momento est\u00e1 absolutamente prohibido todo. &#8220;Se proh\u00edbe la quema total y en aquellos focos de incendios que se detecten daremos intervenci\u00f3n policial inmediatamente&#8221;.<\/p>\n\n\n\n<p>En el campo, la gente est\u00e1 acostumbrada a realizar quemas para limpiar sus campos, pero algunos no lo hacen con la debida prevenci\u00f3n. Al respecto, resalt\u00f3: &#8220;Hay mucha gente responsable que aprendi\u00f3 despu\u00e9s de los incendios que tuvimos en los per\u00edodos 2021-22 y se valora much\u00edsimo. De hecho, hay muchas personas de campo que se equiparon y capacitaron para este caso, pero todav\u00eda hay mucha gente que no entendi\u00f3 nada sobre el tema del uso del fuego para la limpieza, para la eliminaci\u00f3n de la pastura y se terminan produciendo otros hechos lamentables&#8221;.<\/p>\n\n\n\n<p>Para paliar esta situaci\u00f3n, la Provincia realiz\u00f3 una importante inversi\u00f3n a lo que Lovinson remarc\u00f3: &#8220;El sistema de prevenci\u00f3n de incendios est\u00e1 muy bien parado, hay que entender que se incorpor\u00f3 material de \u00faltima tecnolog\u00eda, 25 camiones cero kil\u00f3metro, 22 camiones usados que fueron distribuidos al sistema bombero voluntario, hay m\u00e1s de 100 camionetas distribuidas equipadas, hay un equipamiento importante no solamente este mec\u00e1nico, sino tambi\u00e9n tecnol\u00f3gico, y en materia de capacitaciones trabajamos mucho en el \u00faltimo tiempo, pero sin la prevenci\u00f3n esto no sirve nada&#8221;.<\/p>\n\n\n\n<p>El subdirector asever\u00f3 que la medida se extender\u00e1 &#8220;hasta que mejoren las condiciones&#8221;. Dentro del mapa de peligro, la desobediencia de los que realizan quemas se profundiza. &#8220;El centro-norte de la provincia, en este momento est\u00e1 teniendo un alto \u00edndice de incendios&#8221;.<\/p>\n\n\n\n<p>&#8220;La utilizaci\u00f3n del fuego para la eliminaci\u00f3n de pastura y que luego no se controla, terminan provocando da\u00f1os a alambrados, propiedades, y vamos a evitar que se produzca alg\u00fan tipo de tragedia&#8221;.<\/p>\n\n\n\n<p>Para finalizar, dio un breve panorama de las condiciones clim\u00e1ticas que atravesar\u00e1 la provincia de Corrientes en los pr\u00f3ximos meses y su nivel de lluvias que ser\u00e1 bajo, muy bajo para el pr\u00f3ximo trimestre. &#8220;Entendemos que se va a mantener as\u00ed esta fin de a\u00f1o&#8221;.<\/p>\n","protected":false},"excerpt":{"rendered":"<p>Lo dijo el subdirector de Defensa Civil, Bruno Lovinson, en una conferencia. El Gobierno decidi\u00f3 prohibir las quemas de todo tipo en la provincia hasta que mejoren las condiciones clim\u00e1ticas.&hellip; <\/p>\n","protected":false},"author":3,"featured_media":155363,"comment_status":"closed","ping_status":"open","sticky":false,"template":"","format":"standard","meta":{"footnotes":""},"categories":[29],"tags":[],"class_list":["post-155359","post","type-post","status-publish","format-standard","has-post-thumbnail","hentry","category-clima"],"_links":{"self":[{"href":"https:\/\/corrientesdetarde.com\/index.php\/wp-json\/wp\/v2\/posts\/155359","targetHints":{"allow":["GET"]}}],"collection":[{"href":"https:\/\/corrientesdetarde.com\/index.php\/wp-json\/wp\/v2\/posts"}],"about":[{"href":"https:\/\/corrientesdetarde.com\/index.php\/wp-json\/wp\/v2\/types\/post"}],"author":[{"embeddable":true,"href":"https:\/\/corrientesdetarde.com\/index.php\/wp-json\/wp\/v2\/users\/3"}],"replies":[{"embeddable":true,"href":"https:\/\/corrientesdetarde.com\/index.php\/wp-json\/wp\/v2\/comments?post=155359"}],"version-history":[{"count":1,"href":"https:\/\/corrientesdetarde.com\/index.php\/wp-json\/wp\/v2\/posts\/155359\/revisions"}],"predecessor-version":[{"id":155366,"href":"https:\/\/corrientesdetarde.com\/index.php\/wp-json\/wp\/v2\/posts\/155359\/revisions\/155366"}],"wp:featuredmedia":[{"embeddable":true,"href":"https:\/\/corrientesdetarde.com\/index.php\/wp-json\/wp\/v2\/media\/155363"}],"wp:attachment":[{"href":"https:\/\/corrientesdetarde.com\/index.php\/wp-json\/wp\/v2\/media?parent=155359"}],"wp:term":[{"taxonomy":"category","embeddable":true,"href":"https:\/\/corrientesdetarde.com\/index.php\/wp-json\/wp\/v2\/categories?post=155359"},{"taxonomy":"post_tag","embeddable":true,"href":"https:\/\/corrientesdetarde.com\/index.php\/wp-json\/wp\/v2\/tags?post=155359"}],"curies":[{"name":"wp","href":"https:\/\/api.w.org\/{rel}","templated":true}]}}