{"id":155360,"date":"2024-07-27T08:00:08","date_gmt":"2024-07-27T11:00:08","guid":{"rendered":"https:\/\/corrientesdetarde.com\/?p=155360"},"modified":"2024-07-27T08:00:09","modified_gmt":"2024-07-27T11:00:09","slug":"un-sabado-para-disfrutar-de-multiples-actividades","status":"publish","type":"post","link":"https:\/\/corrientesdetarde.com\/index.php\/informacion-general\/un-sabado-para-disfrutar-de-multiples-actividades\/","title":{"rendered":"Un s\u00e1bado para disfrutar de m\u00faltiples actividades"},"content":{"rendered":"\n<p>La Municipalidad prepar\u00f3 una amplia programaci\u00f3n de actividades al aire libre y con acceso gratuito. Para este s\u00e1bado, la tradicional Feria de Artesanos se llevar\u00e1 a cabo de 9 a 22 en la avenida Costanera Sur y calle Las Heras.<\/p>\n\n\n\n<p>Hasta ma\u00f1ana domingo, se desarrollar\u00e1 el Torneo Argentino de Selecciones Damas y Caballeros de Hockey de Corrientes en las canchas de Taraguy Rugby Club, Aranduroga Rugby Club y la Asociaci\u00f3n Correntina de Hockey.<\/p>\n\n\n\n<p>Durante hoy y ma\u00f1ana en mediaciones al parque Mitre, se desarrollar\u00e1 el 24\u00ba Encuentro Provincial de Ferias y Emprendedores. Contar\u00e1 con la participaci\u00f3n de delegaciones de feriantes y emprendedores de la ciudad, de la provincia y de Misiones, Chaco, Formosa, Santa Fe y Buenos Aires.<\/p>\n\n\n\n<p>Tambi\u00e9n hoy, de 8 a 18 en la playa Arazaty II, se llevar\u00e1 el Cross Beach &#8220;Competencia de crossfit&#8221;.<\/p>\n\n\n\n<p>Desde las 10, en conmemoraci\u00f3n al D\u00eda del Escritor Correntino, en la plaza Vera (Paseo de los Escritores) se homenajear\u00e1 a los escritores correntinos fallecidos.<\/p>\n\n\n\n<p>De 14:30 a 18, se realizar\u00e1 la traves\u00eda en kayak &#8220;Uniendo Playas&#8221;. La largada es en la playa Molina Punta hasta Playa Arazaty II. Para m\u00e1s informaci\u00f3n, comunicarse al 3794635669 (H\u00e9ctor Toledo).<\/p>\n\n\n\n<p>De 15 a 17:30 en la Escuela de Arte Municipal (Av. Sarmiento 2145) se llevar\u00e1n adelante los talleres art\u00edsticos de Crear +.<\/p>\n\n\n\n<p>A partir de las 16, en el barrio Quintana (Toledo y Cangallo) se desarrollar\u00e1 &#8220;A bailar en los barrios&#8221; con carnaval barrial, samba, percusi\u00f3n y mucho m\u00e1s. Actuar\u00e1n el elenco municipal Selva Guaran\u00ed, el ballet incluido Divino Ni\u00f1o Jes\u00fas, Los Kara\u00ed del Chamam\u00e9, Ralf y su banda. El cierre estar\u00e1 a cargo de Sabor a cumbia. Habr\u00e1 actividades para ni\u00f1os y feria gastron\u00f3mica.<\/p>\n\n\n\n<p>De 19 a 3 de la ma\u00f1ana, vuelve para los amantes de la buena bebida y compa\u00f1\u00eda el &#8220;Corrientes Gin&#8221; al parque Camb\u00e1 Cu\u00e1 (Chaco y Pellegrini). Habr\u00e1 en esta oportunidad ofertas de gin regional. Cervezas artesanales, patio gastron\u00f3mico, dj\u0092s y m\u00fasica en vivo.<\/p>\n","protected":false},"excerpt":{"rendered":"<p>La Municipalidad prepar\u00f3 una amplia programaci\u00f3n de actividades al aire libre y con acceso gratuito. Para este s\u00e1bado, la tradicional Feria de Artesanos se llevar\u00e1 a cabo de 9 a&hellip; <\/p>\n","protected":false},"author":3,"featured_media":155362,"comment_status":"closed","ping_status":"open","sticky":false,"template":"","format":"standard","meta":{"footnotes":""},"categories":[1],"tags":[],"class_list":["post-155360","post","type-post","status-publish","format-standard","has-post-thumbnail","hentry","category-informacion-general"],"_links":{"self":[{"href":"https:\/\/corrientesdetarde.com\/index.php\/wp-json\/wp\/v2\/posts\/155360","targetHints":{"allow":["GET"]}}],"collection":[{"href":"https:\/\/corrientesdetarde.com\/index.php\/wp-json\/wp\/v2\/posts"}],"about":[{"href":"https:\/\/corrientesdetarde.com\/index.php\/wp-json\/wp\/v2\/types\/post"}],"author":[{"embeddable":true,"href":"https:\/\/corrientesdetarde.com\/index.php\/wp-json\/wp\/v2\/users\/3"}],"replies":[{"embeddable":true,"href":"https:\/\/corrientesdetarde.com\/index.php\/wp-json\/wp\/v2\/comments?post=155360"}],"version-history":[{"count":1,"href":"https:\/\/corrientesdetarde.com\/index.php\/wp-json\/wp\/v2\/posts\/155360\/revisions"}],"predecessor-version":[{"id":155364,"href":"https:\/\/corrientesdetarde.com\/index.php\/wp-json\/wp\/v2\/posts\/155360\/revisions\/155364"}],"wp:featuredmedia":[{"embeddable":true,"href":"https:\/\/corrientesdetarde.com\/index.php\/wp-json\/wp\/v2\/media\/155362"}],"wp:attachment":[{"href":"https:\/\/corrientesdetarde.com\/index.php\/wp-json\/wp\/v2\/media?parent=155360"}],"wp:term":[{"taxonomy":"category","embeddable":true,"href":"https:\/\/corrientesdetarde.com\/index.php\/wp-json\/wp\/v2\/categories?post=155360"},{"taxonomy":"post_tag","embeddable":true,"href":"https:\/\/corrientesdetarde.com\/index.php\/wp-json\/wp\/v2\/tags?post=155360"}],"curies":[{"name":"wp","href":"https:\/\/api.w.org\/{rel}","templated":true}]}}